{"id":19161,"date":"2014-06-19T00:00:45","date_gmt":"2014-06-19T00:00:45","guid":{"rendered":"https:\/\/www.carlofrancio.net\/?p=19161"},"modified":"2014-06-20T15:15:41","modified_gmt":"2014-06-20T15:15:41","slug":"reggio-calabria-un-sole-immobile-un-attimo-che-ricomincio-da-sud","status":"publish","type":"post","link":"https:\/\/www.carlofrancio.net\/?p=19161","title":{"rendered":"Reggio Calabria &#8211; \u00abUn Sole immobile?&#8230;un attimo&#8230;, che ricomincio da SUD\u00bb"},"content":{"rendered":"<p><a href=\"https:\/\/www.carlofrancio.net\/wp-content\/uploads\/2013\/11\/2-2013_11_26-PLA-Memoria_OLGA-LOGO_Planetario.jpg\"><img loading=\"lazy\" decoding=\"async\" class=\"alignleft size-full wp-image-17544\" src=\"https:\/\/www.carlofrancio.net\/wp-content\/uploads\/2013\/11\/2-2013_11_26-PLA-Memoria_OLGA-LOGO_Planetario.jpg\" alt=\"2013_11_26-PLA-Memoria_OLGA\" width=\"229\" height=\"300\" srcset=\"https:\/\/www.carlofrancio.net\/wp-content\/uploads\/2013\/11\/2-2013_11_26-PLA-Memoria_OLGA-LOGO_Planetario.jpg 229w, https:\/\/www.carlofrancio.net\/wp-content\/uploads\/2013\/11\/2-2013_11_26-PLA-Memoria_OLGA-LOGO_Planetario-183x240.jpg 183w\" sizes=\"auto, (max-width: 229px) 100vw, 229px\" \/><\/a><\/p>\n<h3><span style=\"color: #ff00ff;\">Sabato 21 Giugno 2014, ore 21,00<\/span> &#8211; Planetario provinciale Pythagoras di Reggio Calabria<\/h3>\n<h1><span style=\"color: #ff0000;\">\u00abSolstizio d\u2019Estate tra mito e scienza\u00bb<\/span><\/h1>\n<h3><span style=\"color: #0000ff;\">Dott. Mauro DOLCI<\/span><br \/>\n<span style=\"color: #000080;\">Osservatorio Astronomico di Teramo<\/span><\/h3>\n<p>Il 21 Giugno alle ore 10.51 di Tempo Universale, 12.51 ore italiane, si avr\u00e0 il <span style=\"color: #0000ff;\"><strong>Solstizio d\u2019Estate 2014<\/strong><\/span> nel nostro emisfero. <span style=\"color: #008080;\"><strong>Nel giorno pi\u00f9 lungo dell&#8217;anno<\/strong> il sole sorge a Reggio Calabria alle 5.34 e tramonta alle 20.25 ed il \u201cgiorno\u201d dura 14 ore e 51 minuti. Inizia cos\u00ec l\u2019Estate astronomica.<\/span><br \/>\n<span style=\"color: #000080;\">La definizione di solstizio,<\/span> <em><strong><span style=\"color: #ff0000;\">\u201csole fermo<\/span>\u201d<\/strong><\/em>, <span style=\"color: #000080;\">potrebbe avere la sua origine non solo dall&#8217;osservazione del progressivo arrestarsi dell\u2019altezza al momento del transito al meridiano, ma anche da quella del sorgere del Sole sempre allo stesso azimut dopo il raggiungimento del punto pi\u00f9 a nord.<\/span><br \/>\n<span style=\"color: #800080;\"><strong>Il fenomeno \u00e8 dovuto alla inclinazione dell&#8217;asse di rotazione terrestre rispetto all&#8217;eclittica.<\/strong><\/span><br \/>\n<span style=\"color: #008080;\">Il 21 giugno il Sole celebra il suo trionfo, e allo stesso tempo inizia il suo declino, le giornate, infatti, cominciano ad accorciarsi.<\/span><br \/>\n<span style=\"color: #993366;\">Sin dai tempi pi\u00f9 remoti il cambio di direzione che il sole compie, tra il 21 e il 22 giugno, \u00e8 stato visto come un momento particolare e magico. Il Sole, come dicevamo, in questo periodo sembra fermarsi, sorgendo e tramontando sempre nello stesso punto sino al 24 giugno quando ricomincia a muoversi sorgendo gradualmente sempre pi\u00f9 a sud. I solstizi sono stati in passato eventi di grande importanza, osservati da millenni e alla base di tante conquiste, sia del pensiero scientifico e filosofico che della vita quotidiana.<\/span><br \/>\n<span style=\"color: #008080;\">Il gran numero di usanze e di piccoli rituali ancora oggi vivi in tutta Europa testimoniano che il solstizio estivo resta uno degli eventi astronomici pi\u00f9 amati e profondamente intessuti nella cultura popolare.<\/span> <span style=\"color: #ff0000;\">La notte di San Giovanni, per esempio, il 24 giugno appunto, rientra nelle celebrazioni solstiziali.<\/span> <span style=\"color: #008080;\">Si intuisce cos\u00ec come nel corso del tempo, c\u2019\u00e8 stato un mischiarsi di tradizioni antiche, pagane, e ritualit\u00e0 cristiana, che hanno dato origine a credenze e riti in uso ancora oggi e ritrovabili per lo pi\u00f9 nelle aree rurali. I fal\u00f2 accesi nei campi la notte di San Giovanni erano considerati oltre che propiziatori anche purificanti<\/span>, <span style=\"color: #993366;\">i pi\u00f9 anziani tra i Calabresi ricordano che nella zona ionica reggina non si dava inizi alla stagione balneare prima del 24 di Giugno.<\/span><br \/>\n<span style=\"color: #008080;\">Il Solstizio \u00e8 una sorta di capodanno. Midsummer, mezza-estate, lo chiamano nei paesi anglosassoni, e Shakespeare nel suo &#8220;Sogno di una notte di mezza estate&#8221; ne ha raffigurato l&#8217;aspetto magico, dove sogno e realt\u00e0 si fondono.<\/span><br \/>\n<span style=\"color: #993366;\">In questa occasione il Dott. Mauro Dolci, dell\u2019Osservatorio Astronomico di Teramo, interverr\u00e0 sotto la cupola del Planetario provinciale Pythagoras con una conferenza dal titolo \u201cIl Solstizio d\u2019Estate tra mito e scienza\u201d e, contestualmente, il Dott. Francesco Macheda, Dirigente del Settore Formazione Professionale e Politiche del Lavoro della Provincia di Reggio Calabria, presenter\u00e0 l&#8217;avvio del Corso di Formazione Professionale per Operatore dei Planetari e degli Osservatori Astronomici<\/span><br \/>\n<span style=\"color: #008080;\">La serata si concluder\u00e0 con l\u2019osservazione del cielo al planetario e con i telescopi a cura degli Esperti del Planetario, che guideranno il pubblico presente tra le meraviglie del Cielo estivo.<\/span><br \/>\nL\u2019asterismo del Triangolo \u00e8 un punto di riferimento irrinunciabile per individuare le principali costellazioni: il vertice pi\u00f9 settentrionale <em><strong><span style=\"color: #ff99cc;\">Deneb<\/span>,<\/strong><\/em> la stella meno luminosa delle tre, domina la <span style=\"color: #ff99cc;\"><strong>costellazione del Cigno<\/strong><\/span>; <span style=\"color: #ff99cc;\"><em><strong>Vega<\/strong><\/em><\/span>, la pi\u00f9 brillante <span style=\"color: #ff99cc;\"><strong>della Lira<\/strong><\/span>; la pi\u00f9 meridionale; <em><strong><span style=\"color: #ff99cc;\">Altair<\/span>,<\/strong><\/em> \u00e8 l\u2019astro principale della <span style=\"color: #ff99cc;\"><strong>costellazione dell\u2019Aquila<\/strong><\/span>.<br \/>\n<span style=\"color: #008080;\">L\u2019assenza della Luna, corpo celeste fonte di inquinamento luminoso naturale, garantir\u00e0 l\u2019osservazione dei pianeti Marte e Saturno. <\/span><br \/>\nVi aspettiamo sabato 21 Giugno 2014, alle ore 21.00 presso il Planetario provinciale Pythagoras di Reggio Calabria.<\/p>\n","protected":false},"excerpt":{"rendered":"<p>Sabato 21 Giugno 2014, ore 21,00 &#8211; Planetario provinciale Pythagoras di Reggio Calabria \u00abSolstizio d\u2019Estate tra mito e scienza\u00bb Dott. Mauro DOLCI Osservatorio Astronomico di Teramo Il 21 Giugno alle &hellip; <\/p>\n","protected":false},"author":1,"featured_media":0,"comment_status":"open","ping_status":"open","sticky":false,"template":"","format":"standard","meta":{"footnotes":""},"categories":[3,227,1],"tags":[219,426,34,430],"class_list":["post-19161","post","type-post","status-publish","format-standard","hentry","category-asso","category-planetario-provinciale-pitagora-di-reggio-calabria","category-senza-categoria","tag-astronomia","tag-cultura","tag-giovani","tag-scuola"],"_links":{"self":[{"href":"https:\/\/www.carlofrancio.net\/index.php?rest_route=\/wp\/v2\/posts\/19161","targetHints":{"allow":["GET"]}}],"collection":[{"href":"https:\/\/www.carlofrancio.net\/index.php?rest_route=\/wp\/v2\/posts"}],"about":[{"href":"https:\/\/www.carlofrancio.net\/index.php?rest_route=\/wp\/v2\/types\/post"}],"author":[{"embeddable":true,"href":"https:\/\/www.carlofrancio.net\/index.php?rest_route=\/wp\/v2\/users\/1"}],"replies":[{"embeddable":true,"href":"https:\/\/www.carlofrancio.net\/index.php?rest_route=%2Fwp%2Fv2%2Fcomments&post=19161"}],"version-history":[{"count":2,"href":"https:\/\/www.carlofrancio.net\/index.php?rest_route=\/wp\/v2\/posts\/19161\/revisions"}],"predecessor-version":[{"id":19163,"href":"https:\/\/www.carlofrancio.net\/index.php?rest_route=\/wp\/v2\/posts\/19161\/revisions\/19163"}],"wp:attachment":[{"href":"https:\/\/www.carlofrancio.net\/index.php?rest_route=%2Fwp%2Fv2%2Fmedia&parent=19161"}],"wp:term":[{"taxonomy":"category","embeddable":true,"href":"https:\/\/www.carlofrancio.net\/index.php?rest_route=%2Fwp%2Fv2%2Fcategories&post=19161"},{"taxonomy":"post_tag","embeddable":true,"href":"https:\/\/www.carlofrancio.net\/index.php?rest_route=%2Fwp%2Fv2%2Ftags&post=19161"}],"curies":[{"name":"wp","href":"https:\/\/api.w.org\/{rel}","templated":true}]}}