{"id":18824,"date":"2014-05-15T05:11:04","date_gmt":"2014-05-15T05:11:04","guid":{"rendered":"https:\/\/www.carlofrancio.net\/?p=18824"},"modified":"2014-05-15T15:14:16","modified_gmt":"2014-05-15T15:14:16","slug":"san-lorenzo-rc-cultura-musica-libri-quando-ritorno-ti-porto-un-fiore","status":"publish","type":"post","link":"https:\/\/www.carlofrancio.net\/?p=18824","title":{"rendered":"San Lorenzo &#8211; RC &#8211; Cultura Musica Libri  \u00abQuando ritorno ti porto un fiore\u00bb"},"content":{"rendered":"<p><em><span style=\"color: #ff6600;\">&#8220;Una nuovo capitolo dell&#8217;intensa attivit\u00e0 culturale dell&#8217;eclettica <span style=\"color: #0000ff;\">America Liuzzo<\/span>, musicista cantautrice poetessa &#8230; , nata a <span style=\"color: #993300;\">Caracas<\/span> da genitori calabresi.&#8221;<\/span><\/em><\/p>\n<h1><span style=\"color: #0000ff;\">&#8220;America Liuzzo&#8221;\u00a0<span style=\"color: #ff0000;\">\u00abQuando ritorno ti porto un fiore\u00bb<\/span><\/span><\/h1>\n<p><span style=\"color: #008080;\"><strong>\u00abCi sono tre cose in cui credo:\u00a0Dio, la forza dell&#8217;amore e il potere della preghiera&#8230;E&#8217; questa la mia Santa Trinit\u00e0.<\/strong><\/span><\/p>\n<p><span style=\"color: #008080;\">Non posso evitarlo. Forse anche questa \u00e8 l&#8217;eredit\u00e0 del mio bisnonno. Come la ricerca di Pace oltre l&#8217;evidenza di tutte le guerre che, in nome della Patria dei potenti, annulla la dignit\u00e0 di troppi uomini.<\/span><\/p>\n<p><span style=\"color: #008080;\"><strong>Perch\u00e9 Francesco \u00e8 stato un uomo, sono certa come tanti altri, che fece la guerra ma aveva la pace nel cuore.\u00bb<\/strong><\/span><br \/>\n<a href=\"https:\/\/www.carlofrancio.net\/wp-content\/uploads\/2014\/05\/1-2014-05-014.jpg\"><img loading=\"lazy\" decoding=\"async\" class=\"alignright size-large wp-image-18825\" src=\"https:\/\/www.carlofrancio.net\/wp-content\/uploads\/2014\/05\/1-2014-05-014-348x480.jpg\" alt=\"2014_05_13-Amerika_Liuzzo-QuandoRitorno_ti_porto_un_fiore\" width=\"348\" height=\"480\" srcset=\"https:\/\/www.carlofrancio.net\/wp-content\/uploads\/2014\/05\/1-2014-05-014-348x480.jpg 348w, https:\/\/www.carlofrancio.net\/wp-content\/uploads\/2014\/05\/1-2014-05-014-174x240.jpg 174w, https:\/\/www.carlofrancio.net\/wp-content\/uploads\/2014\/05\/1-2014-05-014.jpg 581w\" sizes=\"auto, (max-width: 348px) 100vw, 348px\" \/><\/a> <a href=\"https:\/\/www.carlofrancio.net\/wp-content\/uploads\/2014\/05\/1-2014-05-13-10.57.22.jpg\"><img loading=\"lazy\" decoding=\"async\" class=\"alignleft wp-image-18826 size-large\" src=\"https:\/\/www.carlofrancio.net\/wp-content\/uploads\/2014\/05\/1-2014-05-13-10.57.22-341x480.jpg\" alt=\"2014_05_13-Amerika_Liuzzo-QuandoRitorno_ti_porto_un_fiore\" width=\"341\" height=\"480\" srcset=\"https:\/\/www.carlofrancio.net\/wp-content\/uploads\/2014\/05\/1-2014-05-13-10.57.22-341x480.jpg 341w, https:\/\/www.carlofrancio.net\/wp-content\/uploads\/2014\/05\/1-2014-05-13-10.57.22-170x240.jpg 170w, https:\/\/www.carlofrancio.net\/wp-content\/uploads\/2014\/05\/1-2014-05-13-10.57.22.jpg 569w\" sizes=\"auto, (max-width: 341px) 100vw, 341px\" \/><\/a> <iframe loading=\"lazy\" src=\"http:\/\/www.youtube.com\/embed\/A5hkMuIPijo?feature=player_detailpage\" width=\"571\" height=\"321\" frameborder=\"0\" allowfullscreen=\"allowfullscreen\"><\/iframe><!--more--><\/p>\n<p>Dalla prefazione di un libro del 26\/10\/2007 &#8211; Una nuova conferma per America Liuzzo, la poetessa nata a Caracas da genitori calabresi e da anni tornata nel paese paterno di San Lorenzo, dove svolge una intensa attivit\u00e0 culturale attraverso il circolo del cinema \u201cIl Pettirosso\u201d. Le sue Parole inchiodate tra mari e monti sono giunte in finale nella scorsa edizione del premio Jacques Pr\u00e9vert e sono state appena pubblicate dalla Montedit ne \u201cLe schegge d\u2019oro\u201d. Questa raccolta \u2013 scritta a spezzoni nell\u2019arco di diversi anni \u2013 \u00e8 l\u2019ideale prolungamento della poesia \u201cin silenzio\u201d vincitrice del Premio \u201cNuovo Fata Morgana\u201d 2004.<\/p>\n<p>E\u2019 durante uno dei suoi consueti voli transoceanici, pur sempre corsi sul filo di misteriose tachicardie, che nasce l\u2019ispirazione che d\u2019improvviso le inchioda parole e pensieri nello spazio magico che collega e separa, tra l\u2019America e l\u2019Italia, due identit\u00e0 e due mondi. E sono, sempre, tutta la sua anima.<br \/>\nAvevo lasciato le mie parole di qua e di l\u00e0, scrive l\u2019autrice nell\u2019introduzione, seppellite nella sabbia di una spiaggia, sotterrate ai piedi di un albero nel bosco, affogate in acque di fiume e di mare, naufraghe da un lato e dall&#8217;altro dell&#8217;oceano &#8211; perch\u00e9 immaginavo che rimanendo coperte dalla silenziosit\u00e0 di quei rivestimenti, non avrebbero corso il pericolo della dispersione nel nulla. Ma ora, con questa sensazione, esse potevano benissimo correre il rischio di indossare l&#8217;abito della fantasia e presentarsi al mondo come voce del mio silenzio.<br \/>\nPer profonda amicizia sono stata felice di scrivere la prefazione alla raccolta.<br \/>\nDi leggerla, anzitutto, cercando di entrare nella mente di tutti coloro che, come America e prima di lei, hanno compiuto e ancora compiono quel percorso emozionante e doloroso che, ogni volta, li porta avanti e indietro da una altra civilt\u00e0, battezzandoli cittadini di due mondi.<br \/>\nHo scoperto, poco a poco, una geografia sacra, che tinge di elegia l\u2019anelito del gabbiano verso l\u2019infinito come quella dell\u2019uomo verso un dio antropomorfo, che assume i contorni delle cose in cui abita. Un panteismo lirico che trasforma le emozioni in oggetti e luoghi della natura. Soprattutto il dolore. &lt;&lt;Chiodo azzurro&gt;&gt; della memoria in cui il pensiero si incaglia e da cui solo il forte rapporto di identificazione tra l\u2019io e il mondo \u2013 realt\u00e0 aspromontuosa di Calabria e vagheggiata promessa di una citt\u00e0 troppo lontana al di l\u00e0 dell\u2019oceano ( &lt;&lt;Ma tu, Caracas, non dimenticarti di me!&gt;&gt;) \u2013 \u00e8 capace di liberarlo.<br \/>\nTutta la poesia di Am\u00e9rica Liuzzo in fondo, mentre lancia il suo ponte tra s\u00e9 e l&#8217;altro, tra s\u00e9 e s\u00e9, tra s\u00e9 e l&#8217;oltre insieme naturale e meta-mondano, sottolinea con passione la costante presenza di questa inserzione e si fa inserzione essa stessa. Punto di relazione e di rottura, di distanze infinite e di intima vicinanza, senza mai poter di volta in volta venire a capo di questo caleidoscopio di contraddizioni di cui \u00e8 fatta e per cui \u00e8 celebrata e attesa la vita:<br \/>\n&#8220;Allora mi chiese:\/&#8221;sai tu\/cos&#8217;\u00e8 l&#8217;Amore?&#8221;\/Non seppi rispondere&#8230;\/Mi abbracci\u00f2 di nuovo\/avvolgendomi con le sue ali di fuoco\/ed io divenni fiamma\/e si sciolse il ghiaccio del cuore\/e l&#8217;acqua raggiunse il mare&#8230;\/dove Vita mi aspettava\/per parlarmi ancora!&#8221;<\/p>\n","protected":false},"excerpt":{"rendered":"<p>&#8220;Una nuovo capitolo dell&#8217;intensa attivit\u00e0 culturale dell&#8217;eclettica America Liuzzo, musicista cantautrice poetessa &#8230; , nata a Caracas da genitori calabresi.&#8221; &#8220;America Liuzzo&#8221;\u00a0\u00abQuando ritorno ti porto un fiore\u00bb \u00abCi sono tre &hellip; <\/p>\n","protected":false},"author":1,"featured_media":18825,"comment_status":"open","ping_status":"open","sticky":false,"template":"","format":"standard","meta":{"footnotes":""},"categories":[310,3,10,16,1,48],"tags":[426,118],"class_list":["post-18824","post","type-post","status-publish","format-standard","has-post-thumbnail","hentry","category-altre-notizie","category-asso","category-cultura","category-eventi","category-senza-categoria","category-sociale","tag-cultura","tag-libri"],"_links":{"self":[{"href":"https:\/\/www.carlofrancio.net\/index.php?rest_route=\/wp\/v2\/posts\/18824","targetHints":{"allow":["GET"]}}],"collection":[{"href":"https:\/\/www.carlofrancio.net\/index.php?rest_route=\/wp\/v2\/posts"}],"about":[{"href":"https:\/\/www.carlofrancio.net\/index.php?rest_route=\/wp\/v2\/types\/post"}],"author":[{"embeddable":true,"href":"https:\/\/www.carlofrancio.net\/index.php?rest_route=\/wp\/v2\/users\/1"}],"replies":[{"embeddable":true,"href":"https:\/\/www.carlofrancio.net\/index.php?rest_route=%2Fwp%2Fv2%2Fcomments&post=18824"}],"version-history":[{"count":10,"href":"https:\/\/www.carlofrancio.net\/index.php?rest_route=\/wp\/v2\/posts\/18824\/revisions"}],"predecessor-version":[{"id":18851,"href":"https:\/\/www.carlofrancio.net\/index.php?rest_route=\/wp\/v2\/posts\/18824\/revisions\/18851"}],"wp:featuredmedia":[{"embeddable":true,"href":"https:\/\/www.carlofrancio.net\/index.php?rest_route=\/wp\/v2\/media\/18825"}],"wp:attachment":[{"href":"https:\/\/www.carlofrancio.net\/index.php?rest_route=%2Fwp%2Fv2%2Fmedia&parent=18824"}],"wp:term":[{"taxonomy":"category","embeddable":true,"href":"https:\/\/www.carlofrancio.net\/index.php?rest_route=%2Fwp%2Fv2%2Fcategories&post=18824"},{"taxonomy":"post_tag","embeddable":true,"href":"https:\/\/www.carlofrancio.net\/index.php?rest_route=%2Fwp%2Fv2%2Ftags&post=18824"}],"curies":[{"name":"wp","href":"https:\/\/api.w.org\/{rel}","templated":true}]}}