{"id":17622,"date":"2013-12-10T18:01:07","date_gmt":"2013-12-10T18:01:07","guid":{"rendered":"https:\/\/www.carlofrancio.net\/?p=17622"},"modified":"2013-12-10T18:01:07","modified_gmt":"2013-12-10T18:01:07","slug":"messina-la-sapienza-delle-scelte-difficili-anche-la-sofferenza-pur-di-essere-onesti-e-leali","status":"publish","type":"post","link":"https:\/\/www.carlofrancio.net\/?p=17622","title":{"rendered":"Messina &#8211; \u00abLa sapienza delle scelte difficili &#8211; anche la sofferenza pur di essere onesti e leali\u00bb"},"content":{"rendered":"<h2><a style=\"font-size: 13px;\" href=\"https:\/\/www.carlofrancio.net\/wp-content\/uploads\/2013\/12\/1-2013_12_11-SMGi-UnaSceltyaDiVita.jpg\"><img loading=\"lazy\" decoding=\"async\" class=\"alignleft size-large wp-image-17623\" alt=\"1-2013_12_11-SMGi-UnaSceltyaDiVita\" src=\"https:\/\/www.carlofrancio.net\/wp-content\/uploads\/2013\/12\/1-2013_12_11-SMGi-UnaSceltyaDiVita-339x480.jpg\" width=\"339\" height=\"480\" srcset=\"https:\/\/www.carlofrancio.net\/wp-content\/uploads\/2013\/12\/1-2013_12_11-SMGi-UnaSceltyaDiVita-339x480.jpg 339w, https:\/\/www.carlofrancio.net\/wp-content\/uploads\/2013\/12\/1-2013_12_11-SMGi-UnaSceltyaDiVita-169x240.jpg 169w, https:\/\/www.carlofrancio.net\/wp-content\/uploads\/2013\/12\/1-2013_12_11-SMGi-UnaSceltyaDiVita.jpg 565w\" sizes=\"auto, (max-width: 339px) 100vw, 339px\" \/><\/a><\/h2>\n<h2><span style=\"color: #ff00ff;\">mercoled\u00ec 11 dicembre ore 10.30<\/span><\/h2>\n<h2><span style=\"color: #800000;\">Parrocchia di Santa Maria di Ges\u00f9 inf. \u00a0-Provinciale<\/span><\/h2>\n<h2><\/h2>\n<p>Secondo incontro della nuova stagione di impegno per la legalit\u00e0 e la giustizia della <span style=\"color: #800000;\"><strong>Comunit\u00e0 di Santa Maria di Ges\u00f9 inf.<\/strong><\/span> Questo 2013 si chiude con grandi e belle novit\u00e0 <strong><span style=\"color: #0000ff;\">Papa Francesco<\/span><\/strong> e dolorose perdite &#8211; <span style=\"color: #0000ff;\"><strong>Nelson Mandela<\/strong><\/span>.<\/p>\n<p><strong><span style=\"color: #008080;\">&#8220;Ma per gli Uomini che vogliono fare un percorso di fraternit\u00e0 e solidariet\u00e0, nella libert\u00e0 e nella giustizia \u00e8 il momento di fare &#8220;<\/span><\/strong><\/p>\n<h1><span style=\"color: #003300;\">\u00abUna scelta di Vita\u00bb<\/span><\/h1>\n<p>Insieme a Don Terenzio Pastore, parroco ed animatore instancabile, potremo ascoltare le testimonianze di un imprenditore e di un magistrato<\/p>\n<h2><span style=\"color: #003300;\">Antonino De Masi &#8211; Giuseppe Minutoli<\/span><\/h2>\n","protected":false},"excerpt":{"rendered":"<p>mercoled\u00ec 11 dicembre ore 10.30 Parrocchia di Santa Maria di Ges\u00f9 inf. \u00a0-Provinciale Secondo incontro della nuova stagione di impegno per la legalit\u00e0 e la giustizia della Comunit\u00e0 di Santa &hellip; <\/p>\n","protected":false},"author":1,"featured_media":17623,"comment_status":"open","ping_status":"open","sticky":false,"template":"","format":"standard","meta":{"footnotes":""},"categories":[69,1],"tags":[426,34,428,40,430,431],"class_list":["post-17622","post","type-post","status-publish","format-standard","has-post-thumbnail","hentry","category-chiesa-di-santa-maria-in-provinciale","category-senza-categoria","tag-cultura","tag-giovani","tag-istituzioni","tag-legalita","tag-scuola","tag-sociale"],"_links":{"self":[{"href":"https:\/\/www.carlofrancio.net\/index.php?rest_route=\/wp\/v2\/posts\/17622","targetHints":{"allow":["GET"]}}],"collection":[{"href":"https:\/\/www.carlofrancio.net\/index.php?rest_route=\/wp\/v2\/posts"}],"about":[{"href":"https:\/\/www.carlofrancio.net\/index.php?rest_route=\/wp\/v2\/types\/post"}],"author":[{"embeddable":true,"href":"https:\/\/www.carlofrancio.net\/index.php?rest_route=\/wp\/v2\/users\/1"}],"replies":[{"embeddable":true,"href":"https:\/\/www.carlofrancio.net\/index.php?rest_route=%2Fwp%2Fv2%2Fcomments&post=17622"}],"version-history":[{"count":3,"href":"https:\/\/www.carlofrancio.net\/index.php?rest_route=\/wp\/v2\/posts\/17622\/revisions"}],"predecessor-version":[{"id":17655,"href":"https:\/\/www.carlofrancio.net\/index.php?rest_route=\/wp\/v2\/posts\/17622\/revisions\/17655"}],"wp:featuredmedia":[{"embeddable":true,"href":"https:\/\/www.carlofrancio.net\/index.php?rest_route=\/wp\/v2\/media\/17623"}],"wp:attachment":[{"href":"https:\/\/www.carlofrancio.net\/index.php?rest_route=%2Fwp%2Fv2%2Fmedia&parent=17622"}],"wp:term":[{"taxonomy":"category","embeddable":true,"href":"https:\/\/www.carlofrancio.net\/index.php?rest_route=%2Fwp%2Fv2%2Fcategories&post=17622"},{"taxonomy":"post_tag","embeddable":true,"href":"https:\/\/www.carlofrancio.net\/index.php?rest_route=%2Fwp%2Fv2%2Ftags&post=17622"}],"curies":[{"name":"wp","href":"https:\/\/api.w.org\/{rel}","templated":true}]}}