{"id":17476,"date":"2013-11-15T19:40:53","date_gmt":"2013-11-15T19:40:53","guid":{"rendered":"https:\/\/www.carlofrancio.net\/?p=17476"},"modified":"2013-11-15T19:40:53","modified_gmt":"2013-11-15T19:40:53","slug":"barcellona-p-g-un-evento-ecclesiale-che-avvicina-i-catechisti-al-territorio","status":"publish","type":"post","link":"https:\/\/www.carlofrancio.net\/?p=17476","title":{"rendered":"Barcellona P.G. &#8211; \u00abUn evento Ecclesiale che avvicina i Catechisti al Territorio\u00bb"},"content":{"rendered":"<p><img loading=\"lazy\" decoding=\"async\" class=\" wp-image-17477 alignleft\" alt=\"2013_11_17-BPG-30\u00b0C_Catechisti\" src=\"https:\/\/www.carlofrancio.net\/wp-content\/uploads\/2013\/11\/1-2013_11_17-BPG-XXX_CDC-P_LONIA.jpg\" width=\"558\" height=\"800\" srcset=\"https:\/\/www.carlofrancio.net\/wp-content\/uploads\/2013\/11\/1-2013_11_17-BPG-XXX_CDC-P_LONIA.jpg 558w, https:\/\/www.carlofrancio.net\/wp-content\/uploads\/2013\/11\/1-2013_11_17-BPG-XXX_CDC-P_LONIA-167x240.jpg 167w, https:\/\/www.carlofrancio.net\/wp-content\/uploads\/2013\/11\/1-2013_11_17-BPG-XXX_CDC-P_LONIA-334x480.jpg 334w\" sizes=\"auto, (max-width: 558px) 100vw, 558px\" \/><\/p>\n<p>Sar\u00e0 la prima volta, che <span style=\"color: #0000ff;\">Padre<strong> Giuseppe Lonia<\/strong><\/span> insieme alla <em><span style=\"color: #0000ff;\">Equipe diocesana degli Animatori Zonali di Cateches<\/span><\/em>i, condurr\u00e0 questo <span style=\"color: #008080;\"><strong>Evento Festa<\/strong><\/span> nato nel lontano <span style=\"color: #800000;\"><strong>novembre del 1983<\/strong><\/span>, dalla volont\u00e0 del <span style=\"color: #0000ff;\">Teologo<\/span> <span style=\"color: #0000ff;\">mons. <strong>Pietro Aliqu\u00f2<\/strong><\/span>, insediato nel ruolo di &#8220;Condirettore&#8221;, dall&#8217;allora <span style=\"color: #0000ff;\">Arcivescovo <strong>Ignazio Cannav\u00f2<\/strong><\/span> alla guida del<span style=\"color: #800000;\"><strong>l&#8217;Ufficio Catechistico<\/strong><\/span>. L&#8217;appuntamento si svolse in <strong><span style=\"color: #800000;\">Seminario<\/span><\/strong>, ed il luogo apparve subito non adeguato, troppo piccolo per contenere centinaia di persone. Per questa ragione, nel 1984 l&#8217;evento si svolse nel <span style=\"color: #800000;\"><strong>padiglione della Fiera<\/strong><\/span> con la presenza attiva di oltre mille catechisti. Oggi tocca a <span style=\"color: #800000;\"><strong>Barcellona P.G<\/strong><\/span>., che ha gi\u00e0 accolto \u00a0dopo la manifestazione sui <span style=\"color: #008000;\"><strong>Migranti<\/strong> <\/span>e la volta dei <span style=\"color: #003300;\"><strong>Catechisti.<\/strong><\/span><\/p>\n","protected":false},"excerpt":{"rendered":"<p>Sar\u00e0 la prima volta, che Padre Giuseppe Lonia insieme alla Equipe diocesana degli Animatori Zonali di Catechesi, condurr\u00e0 questo Evento Festa nato nel lontano novembre del 1983, dalla volont\u00e0 del &hellip; <\/p>\n","protected":false},"author":1,"featured_media":17477,"comment_status":"open","ping_status":"open","sticky":false,"template":"","format":"standard","meta":{"footnotes":""},"categories":[1],"tags":[102,426,34],"class_list":["post-17476","post","type-post","status-publish","format-standard","has-post-thumbnail","hentry","category-senza-categoria","tag-catechesi","tag-cultura","tag-giovani"],"_links":{"self":[{"href":"https:\/\/www.carlofrancio.net\/index.php?rest_route=\/wp\/v2\/posts\/17476","targetHints":{"allow":["GET"]}}],"collection":[{"href":"https:\/\/www.carlofrancio.net\/index.php?rest_route=\/wp\/v2\/posts"}],"about":[{"href":"https:\/\/www.carlofrancio.net\/index.php?rest_route=\/wp\/v2\/types\/post"}],"author":[{"embeddable":true,"href":"https:\/\/www.carlofrancio.net\/index.php?rest_route=\/wp\/v2\/users\/1"}],"replies":[{"embeddable":true,"href":"https:\/\/www.carlofrancio.net\/index.php?rest_route=%2Fwp%2Fv2%2Fcomments&post=17476"}],"version-history":[{"count":5,"href":"https:\/\/www.carlofrancio.net\/index.php?rest_route=\/wp\/v2\/posts\/17476\/revisions"}],"predecessor-version":[{"id":17485,"href":"https:\/\/www.carlofrancio.net\/index.php?rest_route=\/wp\/v2\/posts\/17476\/revisions\/17485"}],"wp:featuredmedia":[{"embeddable":true,"href":"https:\/\/www.carlofrancio.net\/index.php?rest_route=\/wp\/v2\/media\/17477"}],"wp:attachment":[{"href":"https:\/\/www.carlofrancio.net\/index.php?rest_route=%2Fwp%2Fv2%2Fmedia&parent=17476"}],"wp:term":[{"taxonomy":"category","embeddable":true,"href":"https:\/\/www.carlofrancio.net\/index.php?rest_route=%2Fwp%2Fv2%2Fcategories&post=17476"},{"taxonomy":"post_tag","embeddable":true,"href":"https:\/\/www.carlofrancio.net\/index.php?rest_route=%2Fwp%2Fv2%2Ftags&post=17476"}],"curies":[{"name":"wp","href":"https:\/\/api.w.org\/{rel}","templated":true}]}}