{"id":17065,"date":"2013-10-05T15:57:39","date_gmt":"2013-10-05T15:57:39","guid":{"rendered":"https:\/\/www.carlofrancio.net\/?p=17065"},"modified":"2013-10-05T15:59:52","modified_gmt":"2013-10-05T15:59:52","slug":"reggio-calabria-tutti-uniti-per-volgere-il-nostro-sguardo-ad-un-cielo-stellato","status":"publish","type":"post","link":"https:\/\/www.carlofrancio.net\/?p=17065","title":{"rendered":"Reggio Calabria &#8211; \u00abTutti uniti per volgere il nostro sguardo ad un Cielo Stellato\u00bb"},"content":{"rendered":"<h2><span style=\"color: #ff00ff;\"><a href=\"https:\/\/www.carlofrancio.net\/wp-content\/uploads\/2013\/10\/1-2013_10_05-PLA-InquinamentoLuminoso.jpg\"><img loading=\"lazy\" decoding=\"async\" class=\"alignleft size-large wp-image-17067\" alt=\"1-2013_10_05-PLA-InquinamentoLuminoso\" src=\"https:\/\/www.carlofrancio.net\/wp-content\/uploads\/2013\/10\/1-2013_10_05-PLA-InquinamentoLuminoso-640x452.jpg\" width=\"550\" height=\"388\" srcset=\"https:\/\/www.carlofrancio.net\/wp-content\/uploads\/2013\/10\/1-2013_10_05-PLA-InquinamentoLuminoso-640x452.jpg 640w, https:\/\/www.carlofrancio.net\/wp-content\/uploads\/2013\/10\/1-2013_10_05-PLA-InquinamentoLuminoso-320x226.jpg 320w, https:\/\/www.carlofrancio.net\/wp-content\/uploads\/2013\/10\/1-2013_10_05-PLA-InquinamentoLuminoso.jpg 800w\" sizes=\"auto, (max-width: 550px) 100vw, 550px\" \/><\/a>Sabato 5 Ottobre 2013 ore 21.00<\/span><\/h2>\n<h3><span style=\"color: #000080;\">Planetario provinciale Pythagoras di Reggio Calabria<\/span><\/h3>\n<h1><span style=\"color: #0000ff;\">\u201cGiornata nazionale sull\u2019inquinamento luminoso\u201d<\/span><\/h1>\n<div><\/div>\n<div>Sabato 5 Ottobre si celebra, in tutta Italia, la XX Giornata dedicata al problema dell\u2019Inquinamento Luminoso.<\/div>\n<div>La <span style=\"color: #000080;\"><strong>\u201cGiornata\u201d<\/strong><\/span> viene indetta dal <strong>1993<\/strong> su iniziativa del<span style=\"color: #0000ff;\"> Osservatorio astronomico Serafino Zani di Brescia <em>con il patrocinio<\/em> dell\u2019Unione Astrofili Italiani, dell\u2019International Union of Amateur Astronomers, dell\u2019Associazione Amici dei Planetari, dell\u2019Associazione Cielo Buio e dell\u2019International Dark Sky Association<\/span>.<\/div>\n<div><span style=\"color: #800080;\">La manifestazione diventa l\u2019occasione per far conoscere a livello locale le iniziative, anche normative, che tentano di limitare l\u2019inquinamento luminoso.<\/span><\/div>\n<div><span style=\"color: #008000;\">Si tratta di soluzioni tecniche che prevedono l\u2019impiego di sistemi di illuminazione schermati verso l\u2019alto, l\u2019utilizzo nelle zone idonee di lampade al sodio a bassa pressione che comportano anche un notevole risparmio energetico e normative come quelle descritte nel disegno di legge n. 751 sull\u2019inquinamento luminoso.<\/span><\/div>\n<div>Nel corso della<span style=\"color: #000080;\"><strong> \u201cGiornata\u201d<\/strong> <\/span>si svolgono iniziative di informazione, conferenze, serate astronomiche pubbliche in siti particolarmente adatti per l\u2019osservazione del cielo notturno o nelle piazze dove vengono, per l\u2019occasione, spente le luci.<\/div>\n<div>In occasione della \u201cGiornata\u201d vengono anche fatti conoscere i <span style=\"color: #000080;\"><strong>\u201cParchi delle Stelle\u201d<\/strong><\/span>, cio\u00e8 le aree adatte per lo svolgimento di osservazioni astronomiche gi\u00e0 poste sotto tutela ambientale in quanto comprese nei confini di parchi naturali e riserve.<\/div>\n<div><em><span style=\"color: #000080;\">La Sezione Calabria della Societ\u00e0 Astronomica Italiana &#8211; Planetario Provinciale aderisce all\u2019iniziativa che annualmente celebra all\u2019interno del Parco Mirella Carbone dove \u00e8 ubicato il Planetario Pythagoras.<\/span><\/em><\/div>\n<div><span style=\"color: #008000;\">Le collaborazioni di recente intraprese con il Comune di Reggio Calabria all\u2019interno delle \u201cFestivit\u00e0 Mariane\u201d e con l\u2019Ente Parco d\u2019Aspromonte con il progetto tra \u201cCielo e Terra: a scuola dalla Natura\u201d, trovano ancora un ulteriore punto di incontro in questa iniziativa che inserisce, per la prima volta, le due Istituzioni tra quelle nazionali che aderiscono all\u2019iniziativa.<\/span><\/div>\n<div><span style=\"color: #008080;\">A causa dell\u2019inquinamento luminoso il Cielo, ormai, dalle Citt\u00e0 non si osserva pi\u00f9 nella sua bellezza per questo il nostro Comune spegner\u00e0, simbolicamente, le luci per un tempo limitato, se le condizioni tecniche lo consentiranno, attorno all\u2019area adiacente al Planetario.<\/span><\/div>\n<div><span style=\"color: #008080;\">Questo, oltre che la dimostrazione di una adesione piena all\u2019iniziativa, consentir\u00e0 al pubblico presente di ritrovare nel Cielo emozioni dimenticate che per fortuna all\u2019interno del Parco d\u2019Aspromonte si possono ancora ritrovare.<\/span><\/div>\n<div>Il dottor<span style=\"color: #0000ff;\"><strong> Gianni Catanzaro,<\/strong><\/span> astronomo dell\u2019Osservatorio Astrofisico di Catania, con la sua relazione spiegher\u00e0 che l\u2019inquinamento luminoso \u00e8 un problema di tutti, non solo degli astronomi e degli appassionati di astronomia.<\/div>\n<div><span style=\"color: #993366;\">L\u2019aumento della luminosit\u00e0 del cielo notturno, infatti, impedendo la visione delle stelle e degli altri corpi celesti, ci isola da quell\u2019ambiente di cui noi e il nostro pianeta siamo parte, altera il nostro rapporto con l\u2019ambiente dove viviamo: l\u2019Universo.<\/span><\/div>\n<div><span style=\"color: #008080;\">La Via Lattea non \u00e8 una semplice \u201cdistesa di stelle\u201d ma \u00e8 la nostra Casa nell\u2019Universo, quell\u2019isola di stelle di cui il Sole fa parte, nella quale abitiamo e che i nostri antenati percepivano ogni notte serena.<\/span><\/div>\n<div><span style=\"color: #008080;\">In un futuro non lontano una cappa lattiginosa potrebbe nascondere del tutto agli occhi dei nostri figli quella parte di Galassia in cui ci troviamo.<\/span><\/div>\n<div><span style=\"color: #000080;\"><em><strong>L\u2019Unesco per tutelare il Cielo lo \u00a0ha dichiarato: Patrimonio dell\u2019Umanit\u00e0.<\/strong><\/em><\/span><\/div>\n<div><span style=\"color: #993366;\">All\u2019interno del programma stilato dal Planetario Pythagoras uno spazio \u00e8 riservato uno spazio alle attivit\u00e0 didattiche; Federico Zindato, allievo del Liceo Classico Tommaso Campanella. illustrer\u00e0 il suo lavoro: \u201cI cieli rubati d\u2019Italia\u201d con cui ha vinto il premio Schiaparelli nell\u2019anno 2012.<\/span><\/div>\n","protected":false},"excerpt":{"rendered":"<p>Sabato 5 Ottobre 2013 ore 21.00 Planetario provinciale Pythagoras di Reggio Calabria \u201cGiornata nazionale sull\u2019inquinamento luminoso\u201d Sabato 5 Ottobre si celebra, in tutta Italia, la XX Giornata dedicata al problema &hellip; <\/p>\n","protected":false},"author":1,"featured_media":17067,"comment_status":"open","ping_status":"open","sticky":false,"template":"","format":"standard","meta":{"footnotes":""},"categories":[3,10,227,1],"tags":[219,101,426],"class_list":["post-17065","post","type-post","status-publish","format-standard","has-post-thumbnail","hentry","category-asso","category-cultura","category-planetario-provinciale-pitagora-di-reggio-calabria","category-senza-categoria","tag-astronomia","tag-beni-ambientali","tag-cultura"],"_links":{"self":[{"href":"https:\/\/www.carlofrancio.net\/index.php?rest_route=\/wp\/v2\/posts\/17065","targetHints":{"allow":["GET"]}}],"collection":[{"href":"https:\/\/www.carlofrancio.net\/index.php?rest_route=\/wp\/v2\/posts"}],"about":[{"href":"https:\/\/www.carlofrancio.net\/index.php?rest_route=\/wp\/v2\/types\/post"}],"author":[{"embeddable":true,"href":"https:\/\/www.carlofrancio.net\/index.php?rest_route=\/wp\/v2\/users\/1"}],"replies":[{"embeddable":true,"href":"https:\/\/www.carlofrancio.net\/index.php?rest_route=%2Fwp%2Fv2%2Fcomments&post=17065"}],"version-history":[{"count":6,"href":"https:\/\/www.carlofrancio.net\/index.php?rest_route=\/wp\/v2\/posts\/17065\/revisions"}],"predecessor-version":[{"id":17072,"href":"https:\/\/www.carlofrancio.net\/index.php?rest_route=\/wp\/v2\/posts\/17065\/revisions\/17072"}],"wp:featuredmedia":[{"embeddable":true,"href":"https:\/\/www.carlofrancio.net\/index.php?rest_route=\/wp\/v2\/media\/17067"}],"wp:attachment":[{"href":"https:\/\/www.carlofrancio.net\/index.php?rest_route=%2Fwp%2Fv2%2Fmedia&parent=17065"}],"wp:term":[{"taxonomy":"category","embeddable":true,"href":"https:\/\/www.carlofrancio.net\/index.php?rest_route=%2Fwp%2Fv2%2Fcategories&post=17065"},{"taxonomy":"post_tag","embeddable":true,"href":"https:\/\/www.carlofrancio.net\/index.php?rest_route=%2Fwp%2Fv2%2Ftags&post=17065"}],"curies":[{"name":"wp","href":"https:\/\/api.w.org\/{rel}","templated":true}]}}