{"id":17011,"date":"2013-10-07T22:04:14","date_gmt":"2013-10-07T22:04:14","guid":{"rendered":"https:\/\/www.carlofrancio.net\/?p=17011"},"modified":"2013-10-08T12:51:48","modified_gmt":"2013-10-08T12:51:48","slug":"messina-il-g-o-z-sempre-attento-a-cogliere-i-mutamenti-della-societa-per-essere-vicino-al-mondo-della-scuola","status":"publish","type":"post","link":"https:\/\/www.carlofrancio.net\/?p=17011","title":{"rendered":"Messina &#8211; Il G.O.Z. &#8211; \u00abSempre attento a cogliere i mutamenti della societ\u00e0 per essere vicino al &#8220;Mondo della Scuola&#8221;!\u00bb"},"content":{"rendered":"<p><a href=\"https:\/\/www.carlofrancio.net\/wp-content\/uploads\/2013\/09\/1-2013_03_29-AMATO-GOZ-LOGO-01-2013_14.jpg\"><img loading=\"lazy\" decoding=\"async\" class=\"size-medium wp-image-17014 alignright\" alt=\"1-2013_03_29-AMATO-GOZ-LOGO-01-2013_14\" src=\"https:\/\/www.carlofrancio.net\/wp-content\/uploads\/2013\/09\/1-2013_03_29-AMATO-GOZ-LOGO-01-2013_14-240x240.jpg\" width=\"240\" height=\"240\" srcset=\"https:\/\/www.carlofrancio.net\/wp-content\/uploads\/2013\/09\/1-2013_03_29-AMATO-GOZ-LOGO-01-2013_14-240x240.jpg 240w, https:\/\/www.carlofrancio.net\/wp-content\/uploads\/2013\/09\/1-2013_03_29-AMATO-GOZ-LOGO-01-2013_14-150x150.jpg 150w, https:\/\/www.carlofrancio.net\/wp-content\/uploads\/2013\/09\/1-2013_03_29-AMATO-GOZ-LOGO-01-2013_14-480x480.jpg 480w, https:\/\/www.carlofrancio.net\/wp-content\/uploads\/2013\/09\/1-2013_03_29-AMATO-GOZ-LOGO-01-2013_14.jpg 800w\" sizes=\"auto, (max-width: 240px) 100vw, 240px\" \/><\/a><a href=\"https:\/\/www.carlofrancio.net\/wp-content\/uploads\/2013\/09\/2-20130924_104930.jpg\"><img loading=\"lazy\" decoding=\"async\" class=\"alignleft size-medium wp-image-17015\" alt=\"2013_09_24-GOZ\" src=\"https:\/\/www.carlofrancio.net\/wp-content\/uploads\/2013\/09\/2-20130924_104930-320x240.jpg\" width=\"320\" height=\"240\" srcset=\"https:\/\/www.carlofrancio.net\/wp-content\/uploads\/2013\/09\/2-20130924_104930-320x240.jpg 320w, https:\/\/www.carlofrancio.net\/wp-content\/uploads\/2013\/09\/2-20130924_104930-640x480.jpg 640w, https:\/\/www.carlofrancio.net\/wp-content\/uploads\/2013\/09\/2-20130924_104930.jpg 800w\" sizes=\"auto, (max-width: 320px) 100vw, 320px\" \/><\/a><\/p>\n<p><span style=\"text-decoration: underline;\"><strong>Premessa<\/strong> <\/span>&#8211; Il fine del <span style=\"color: #003300;\"><strong>Gruppo Operativo di Zona &#8211; Comunit\u00e0 e Diritti &#8211; <\/strong>di<strong> Villaggio Aldisio,<\/strong><\/span> conserva ancora la sua validit\u00e0. Anzi. abbiamo potuto constatare, lavorando sul campo, che nel tempo la situazione si \u00e8 sempre pi\u00f9 degradata nonostante il grande impegno dei Docenti. Per meglio inquadrare il momento vi offro in lettura, il paragrafo dedicato al tema da <span style=\"color: #0000ff;\">Elisabetta Todisco<\/span> in un recente <span style=\"color: #993300;\">articolo del 15\/09\/2013 pubblicato sul n\u00b0 18 di Rocca<\/span>).<\/p>\n<p><span style=\"color: #993366;\"><strong>il declino della scuola <\/strong><\/span><br \/>\n<span style=\"color: #993366;\"><strong> e la comunit\u00e0 virtuale<\/strong><\/span><br \/>\n<a href=\"https:\/\/www.carlofrancio.net\/wp-content\/uploads\/2013\/10\/1-IMG_3411-1.jpg\"><img loading=\"lazy\" decoding=\"async\" class=\"alignright size-thumbnail wp-image-17079\" alt=\"GOZ-2011_03_29-Riunione-06\" src=\"https:\/\/www.carlofrancio.net\/wp-content\/uploads\/2013\/10\/1-IMG_3411-1-150x150.jpg\" width=\"150\" height=\"150\" \/><\/a><span style=\"color: #003366;\"><a href=\"https:\/\/www.carlofrancio.net\/wp-content\/uploads\/2013\/10\/2-03102011282.jpg\"><img loading=\"lazy\" decoding=\"async\" class=\"alignleft size-thumbnail wp-image-17084\" alt=\"2011_10_03-VIllaggioAldisio_Ferra\u00f9-34\" src=\"https:\/\/www.carlofrancio.net\/wp-content\/uploads\/2013\/10\/2-03102011282-150x150.jpg\" width=\"150\" height=\"150\" \/><\/a>\u00abInfine due tipi di comunit\u00e0 che hanno suscitato, ancora, un dibattito profondo, l&#8217;una per il declino che sta tristemente subendo in questi anni di politiche disattente e destrutturanti, l&#8217;altra per il fulgore (apparente?) che pare vivere. La prima \u00e8 la scuola, logorata dal mancato sostegno finanziario, tormentata da una profonda crisi del corpo docente, percorsa da una profonda crisi di sfiducia degli alunni: si cerca senso in questa istituzione, davvero bene comune, che\u00a0rischia di affondare portando con s\u00e9 una caduta di senso collettiva, un tracollo sociale prima ancora che culturale. La scuola, ridotta al silenzio, alza un grido di allarme; invoca interventi di emergenza; trova la forza di reagire nella fede incrollabile di alcuni docenti nel valore che essa porta con s\u00e9: esperienze di didattica nuova <a href=\"https:\/\/www.carlofrancio.net\/wp-content\/uploads\/2013\/10\/03102011261.jpg\"><img loading=\"lazy\" decoding=\"async\" class=\"alignright size-thumbnail wp-image-17085\" alt=\"2011_10_03-Fondo_Fucile-Media_Luciani-13\" src=\"https:\/\/www.carlofrancio.net\/wp-content\/uploads\/2013\/10\/03102011261-150x150.jpg\" width=\"150\" height=\"150\" \/><\/a>e democratica che educhino alla lettura delle categorie del reale quotidiano, alla manifestazione del dissenso costruttivo, alla espressione delle identit\u00e0 nell&#8217;incontro plurale eppure comunitario (la cosiddetta didattica 2.0); l&#8217;esperienza di una scuola delle <a href=\"https:\/\/www.carlofrancio.net\/wp-content\/uploads\/2013\/10\/2-291220092660-1.jpg\"><img loading=\"lazy\" decoding=\"async\" class=\"alignleft size-thumbnail wp-image-17080\" alt=\"2-291220092660-1\" src=\"https:\/\/www.carlofrancio.net\/wp-content\/uploads\/2013\/10\/2-291220092660-1-150x150.jpg\" width=\"150\" height=\"150\" \/><\/a>differenze, della collaborazione: una scuola nella storia (il richiamo \u00e8 certo alla Penny Wir-ton della citt\u00e0 dei ragazzi a Roma). La seconda \u00e8 la comunit\u00e0 virtuale, che vive il sogno della democrazia, della globalizzazione, della informazione diffusa, ma che si propone ad una lettura attenta e critica in qualche misura pericolosamente antidemocratica e omologante, quando non sostenuta dalla solidit\u00e0 di strumenti di consapevolezza\u00a0cognitiva e di sviluppo di un pensiero critico costruttivo e determinante<\/span>.\u00bb\u00a0<strong><span style=\"color: #0000ff;\">Elisabetta Todisco<\/span>. (<\/strong>15\/09\/2013 sul n\u00b0 18 di Rocca).<\/p>\n<p><strong>\u00a0<a href=\"https:\/\/www.carlofrancio.net\/wp-content\/uploads\/2013\/10\/1-2013_06_05-Palacultura-PremioFerra\u00f9-11.jpg\"><img loading=\"lazy\" decoding=\"async\" class=\" wp-image-17077 alignright\" alt=\"1-2013_06_05-Palacultura-PremioFerra\u00f9-1\" src=\"https:\/\/www.carlofrancio.net\/wp-content\/uploads\/2013\/10\/1-2013_06_05-Palacultura-PremioFerra\u00f9-11-150x150.jpg\" width=\"150\" height=\"150\" \/><\/a>Piccola sintesi di 16 anni di impegno &#8211;\u00a0<\/strong>\u00abInizio: &#8220;<span style=\"color: #000080;\">Incontro Gruppo inter territoriale presso la parrocchia marted\u00ec 04 marzo 1997 ore 9.30<\/span>&#8220;. Richiesta di incontro formulata, dal Guanelliano\u00a0Don Nino Massara, <span style=\"color: #800000;\">Parroco della Chiesa del SS Salvatore<\/span>, ed indirizzata a <a href=\"https:\/\/www.carlofrancio.net\/wp-content\/uploads\/2013\/10\/3-IMG_0326.jpg\"><img loading=\"lazy\" decoding=\"async\" class=\"alignleft size-thumbnail wp-image-17081\" alt=\"3-IMG_0326\" src=\"https:\/\/www.carlofrancio.net\/wp-content\/uploads\/2013\/10\/3-IMG_0326-150x150.jpg\" width=\"150\" height=\"150\" \/><\/a>tutte le realt\u00e0 territoriali sociali e scolastiche operanti nel <span style=\"color: #800000;\">Villaggio Aldisio<\/span>. Oggetto principale dell&#8217;incontro: \u00a0contrastare in modo efficace il fenomeno della dispersione scolastica. Per questo era presente il <span style=\"color: #800000;\">Comitato Tecnico del Provveditorato agli Stud<\/span>i rappresentato dal prof. Felice Faraone, dalla dott.ssa Annamaria Garufi, e dal dott. Giovanni\u00a0Brancato. Presenti anche la <span style=\"color: #800000;\">Scuola Elementare &#8220;Nino Ferra\u00f9<\/span>&#8220;, <span style=\"color: #800000;\">la scuola Media &#8220;Albino Luciani&#8221;<\/span>, l&#8217;<span style=\"color: #800000;\">Istituto Tecnico per Geometri &#8220;G. Minutoli&#8221;,<\/span> l&#8217;<span style=\"color: #800000;\">ASL<\/span> con i due <span style=\"color: #800000;\">Consultori<\/span>\u00a0<span style=\"color: #800000;\">Aldisio e Fucile<\/span>, Il volontariato con le associazioni <span style=\"color: #800000;\">Sikem<\/span>, <span style=\"color: #800000;\">7000<\/span>, <span style=\"color: #800000;\">Mano amic<\/span>a, <span style=\"color: #800000;\">Lilium<\/span>. Io rappresentavo <span style=\"color: #800000;\">l&#8217;ITG &#8220;G. Minutoli&#8221;<\/span>, nella <a href=\"https:\/\/www.carlofrancio.net\/wp-content\/uploads\/2013\/10\/03102011256.jpg\"><img loading=\"lazy\" decoding=\"async\" class=\"alignright size-thumbnail wp-image-17086\" alt=\"2011_10_03-Fondo_Fucile-Centro_Sociale-08\" src=\"https:\/\/www.carlofrancio.net\/wp-content\/uploads\/2013\/10\/03102011256-150x150.jpg\" width=\"150\" height=\"150\" \/><\/a>qualit\u00e0 di \u00a0Docente Referente alla Salute (1993),<\/p>\n<p><a href=\"https:\/\/www.carlofrancio.net\/wp-content\/uploads\/2013\/10\/2002-depliant-LEGALITA-03.jpg\"><img loading=\"lazy\" decoding=\"async\" class=\"alignleft size-medium wp-image-17093\" alt=\"III ISTITUTO COMPRENSIVO GIOVANNI XXIII MESSINA - EDUCARE ALLA LEGALITA' - 2002\" src=\"https:\/\/www.carlofrancio.net\/wp-content\/uploads\/2013\/10\/2002-depliant-LEGALITA-03-320x232.jpg\" width=\"320\" height=\"232\" srcset=\"https:\/\/www.carlofrancio.net\/wp-content\/uploads\/2013\/10\/2002-depliant-LEGALITA-03-320x232.jpg 320w, https:\/\/www.carlofrancio.net\/wp-content\/uploads\/2013\/10\/2002-depliant-LEGALITA-03-640x465.jpg 640w\" sizes=\"auto, (max-width: 320px) 100vw, 320px\" \/><\/a><span style=\"color: #333399;\"><strong>Nel 2000<\/strong><\/span> fu fatto un proficuo lavoro di revisione che port\u00f2 alla definizione di un completo Progetto formato dai seguenti paragrafi:\u00a0LA STORIA DEL GRUPPO &#8211; RIDEFINIZIONE DEL GRUPPO\u00a0-MISSION &#8211;\u00a0METODOLOGIA &#8211;\u00a0NUOVA ORGANIZZAZIONE DEL GRUPPO &#8211;\u00a0ARTICOLAZIONE DEL PROGETTO &#8211;\u00a0IL GRUPPO SI RACCONTA DAL&#8217;97 AL 2000 &#8211;\u00a0<span style=\"color: #800000;\"><strong>SERVIZI INTERESSATI<\/strong><\/span>:\u00a0\u00a0ENTE\/Componente <a href=\"https:\/\/www.carlofrancio.net\/wp-content\/uploads\/2013\/10\/2011_04_30-IMG_3682-GOZ-Don_Fabio-BLOG.jpg\"><img loading=\"lazy\" decoding=\"async\" class=\"alignright size-thumbnail wp-image-17095\" alt=\"2011_04_30-IMG_3682-GOZ-Don_Fabio-BLOG\" src=\"https:\/\/www.carlofrancio.net\/wp-content\/uploads\/2013\/10\/2011_04_30-IMG_3682-GOZ-Don_Fabio-BLOG-150x150.jpg\" width=\"150\" height=\"150\" \/><\/a>&#8211;\u00a0<span style=\"color: #993300;\">Comune di Messina &#8211; Istituzione per i Servizi Sociali<\/span> (Sara Tornesi) &#8211;<span style=\"color: #993300;\">USSM &#8211; Ufficio di Servizio Sociale Minorenni<\/span> (Lucia Natoli) &#8211;\u00a0<span style=\"color: #993300;\">Dip, to Salute Mentale -Messina\u00a0sud<\/span> (\u00a0Rina Molino) &#8211;\u00a0<span style=\"color: #993300;\">Servizio Neuropsichiatria Infantile -Messina sud<\/span> (Letizia Gugliermo) &#8211; <span style=\"color: #993300;\">Consultorio Familiare &#8211; Gazzi Fucile<\/span> (\u00a0Nina Santisi) &#8211;\u00a0<span style=\"color: #993300;\">Consultorio Familiare -Villaggio Aldisio<\/span> (Saro Biondo) &#8211;\u00a0<span style=\"color: #993300;\">Medicina Scolastica<\/span> (Gino Sancetta) &#8211;\u00a0<span style=\"color: #993300;\">Scuola Elementare &#8220;N. Ferra\u00f9&#8221;<\/span> (Franca Alongi) &#8211;\u00a0<span style=\"color: #993300;\">Scuola media inf. &#8220;A. Luciani&#8221;<\/span> (Paolo Sanfilippo) &#8211;\u00a0<span style=\"color: #993300;\">I.T.S. Geometri &#8220;G. Minutoli&#8221;<\/span> (Carlo Franci\u00f2) &#8211;\u00a0<span style=\"color: #993300;\">Consiglio del V\u00b0 Quartiere<\/span> (Nicolino Arlotta) &#8211;\u00a0<span style=\"color: #993300;\">Cooperativa &#8220;Lilium&#8221;<\/span> (Maria Rita Giordano) &#8211;\u00a0<span style=\"color: #993300;\">Parrocchia S.S. Salvatore -Vill. Aldisio<\/span> (Fabio Lorenzetti) &#8211;\u00a0<span style=\"color: #993300;\">Associazione Cooperatori &#8220;Guanelliani&#8221;<\/span> (Pina Frad\u00e0) &#8211;\u00a0<span style=\"color: #993300;\">Associazione di volontariato &#8220;Mano Amica&#8221;<\/span> (Nicola Carrozza) &#8211;\u00a0<span style=\"color: #993300;\">Associazione 7000<\/span> (Cardone Luigia).<\/p>\n<p><img loading=\"lazy\" decoding=\"async\" class=\"size-medium wp-image-17025 alignleft\" alt=\"1-1999_11_18-Minutoli-EducazioneSalute\" src=\"https:\/\/www.carlofrancio.net\/wp-content\/uploads\/2013\/10\/1-1999_11_18-Minutoli-EducazioneSalute-168x240.jpg\" width=\"168\" height=\"240\" srcset=\"https:\/\/www.carlofrancio.net\/wp-content\/uploads\/2013\/10\/1-1999_11_18-Minutoli-EducazioneSalute-168x240.jpg 168w, https:\/\/www.carlofrancio.net\/wp-content\/uploads\/2013\/10\/1-1999_11_18-Minutoli-EducazioneSalute-336x480.jpg 336w, https:\/\/www.carlofrancio.net\/wp-content\/uploads\/2013\/10\/1-1999_11_18-Minutoli-EducazioneSalute.jpg 561w\" sizes=\"auto, (max-width: 168px) 100vw, 168px\" \/><\/p>\n<p><a href=\"https:\/\/www.carlofrancio.net\/wp-content\/uploads\/2013\/10\/Don_Aldo_Mosca-Fototessera.jpg\"><img loading=\"lazy\" decoding=\"async\" class=\"alignright size-thumbnail wp-image-17096\" alt=\"GOZ-UltimoIncontro-Don Aldo Mosca\" src=\"https:\/\/www.carlofrancio.net\/wp-content\/uploads\/2013\/10\/Don_Aldo_Mosca-Fototessera-107x150.jpg\" width=\"107\" height=\"150\" \/><\/a>OBIETTIVI SPECIFICI:<\/p>\n<ul>\n<li>Riconoscere le reti del territorio facilitando il raccordo tra risorse formali, informali e servizi esistenti.<\/li>\n<li>Accrescere le conoscenze, il sapere e le informazioni tra i servizi e le risorse;<\/li>\n<li>Valorizzare i legami di condivisione e responsabilit\u00e0 tra servizi<\/li>\n<li>Consolidare e formalizzare la collaborazione interistituzionale<\/li>\n<li>Costruire una rete di servizi visibili<\/li>\n<li>Realizzare l&#8217;integrazione fra interventi sanitari, sociali ed educativi a livello di comunit\u00e0.<\/li>\n<li>Favorire il lavoro per progetti<\/li>\n<\/ul>\n<p><strong>RISORSE:\u00a0<\/strong>Umane: Gruppo interistituzionale &#8211;\u00a0Materiali: Sede Parrocchiale &#8211; <strong>SEDE:<\/strong>\u00a0Parrocchia del S.S. Salvatore -VilI. Aldisio&#8221; &#8211;<strong>METODOLOGIA:\u00a0<\/strong>Approccio di comunit\u00e0 &#8211;\u00a0<strong>TEMPI DI ATTUAZIONE:\u00a0<\/strong>1 anno &#8211;\u00a0<strong>STRUMENTI:\u00a0<\/strong>lavoro di gruppo &#8211;\u00a0<strong>MODALITA&#8217; OPERATIVA:\u00a0<\/strong>Verbali di riunione &#8211;\u00a0Programmazione annuale dei servizi &#8211;\u00a0Riunioni di Gruppo con cadenza quindicinale.<\/p>\n<p><strong><a href=\"https:\/\/www.carlofrancio.net\/wp-content\/uploads\/2013\/10\/2012_12_01-6\u00aa_Giornata_Ecologica.jpg\"><img loading=\"lazy\" decoding=\"async\" class=\"alignleft size-thumbnail wp-image-17094\" alt=\"2012_12_01-6\u00aa_Giornata_Ecologica\" src=\"https:\/\/www.carlofrancio.net\/wp-content\/uploads\/2013\/10\/2012_12_01-6\u00aa_Giornata_Ecologica-150x150.jpg\" width=\"150\" height=\"150\" \/><\/a><a href=\"https:\/\/www.carlofrancio.net\/wp-content\/uploads\/2013\/10\/Nico_Rutigliano-Fototessera.jpg\"><img loading=\"lazy\" decoding=\"async\" class=\"alignright size-thumbnail wp-image-17097\" alt=\"Nico_Rutigliano-Fototessera\" src=\"https:\/\/www.carlofrancio.net\/wp-content\/uploads\/2013\/10\/Nico_Rutigliano-Fototessera-150x150.jpg\" width=\"150\" height=\"150\" \/><\/a>Il Gruppo oggi &#8211;\u00a0<\/strong><span style=\"font-size: 13px;\">L&#8217;attualit\u00e0: 16 anni d&#8217;impegno continuo, in cui si sono susseguiti nella qualit\u00e0 di Presidenti Don <span style=\"color: #0000ff;\">Fabio Lorenzetti<\/span>, Don <span style=\"color: #0000ff;\">Aldo Mosca<\/span> ed l&#8217;attuale Don <span style=\"color: #0000ff;\">Nico Rutigliano<\/span>, garantiscono il <strong>\u00a0GOZ<\/strong>, la nuova veste grafica del\u00a0<strong>LOGO,\u00a0<\/strong>opera dell&#8217;artista arch. <span style=\"color: #000080;\"><strong>Antonio Amato<\/strong><\/span>, vuole essere il segno di un rinnovato impegno. Gli obiettivi rimangono gli stessi perch\u00e9 sono la linfa vitale del cammino quotidiano del Gruppo.<\/span><\/p>\n<p><span style=\"font-size: 13px;\"><span style=\"text-decoration: underline;\">Attuale composizione del <span style=\"color: #ff0000; text-decoration: underline;\"><strong>GOZ<\/strong><\/span> <\/span>&#8211; <span style=\"color: #993300;\">Parrocchia S.S. Salvatore -Vill. Aldisio<\/span> -(Don Nico Rutigliano) &#8211;\u00a0<span style=\"color: #993300;\">Istituto Comprensivo Giovanni XXIII-Scuola Elementare &#8220;Nino Ferra\u00f9<\/span>&#8220;, (prof.ssa\u00a0<span style=\"color: #3366ff;\">Tiziana Fazio<\/span>) &#8211;<span style=\"color: #993300;\">Scuola Media &#8220;Albino Luciani&#8221;<\/span> (al momento vacante) &#8211; <span style=\"color: #993300;\">I.S. &#8220;G. <a href=\"https:\/\/www.carlofrancio.net\/wp-content\/uploads\/2013\/10\/2012-03_26-GOZ-FERRAU-Interclasse-011.jpg\"><span style=\"color: #993300;\"><img loading=\"lazy\" decoding=\"async\" class=\"alignleft size-thumbnail wp-image-17099\" alt=\"2012-03_26-GOZ-FERRAU'-Interclasse-011\" src=\"https:\/\/www.carlofrancio.net\/wp-content\/uploads\/2013\/10\/2012-03_26-GOZ-FERRAU-Interclasse-011-150x150.jpg\" width=\"150\" height=\"150\" \/><\/span><\/a>Minutoli&#8221;<\/span> (prof.ssa\u00a0<span style=\"color: #3366ff;\">Pina De Domenico<\/span>), <span style=\"color: #993300;\">ASP con la Medicina scolastica<\/span> (Dott.re <span style=\"color: #3366ff;\">Gino Sancetta<\/span>) e <span style=\"color: #993300;\">Servizio<\/span>\u00a0<\/span><\/p>\n<p><img loading=\"lazy\" decoding=\"async\" class=\"alignright size-thumbnail wp-image-17090\" alt=\"2011_10_03-Fondo_Fucile-25\" src=\"https:\/\/www.carlofrancio.net\/wp-content\/uploads\/2013\/10\/03102011273-150x150.jpg\" width=\"150\" height=\"150\" \/><\/p>\n<p><span style=\"font-size: 13px;\"><span style=\"color: #993300;\">Neuropsichiatria Infantile Messina sud<\/span>\u00a0(Dott.ssa <span style=\"color: #3366ff;\">Letizia Guglierm<\/span>o)- l&#8217;USSM &#8211; <span style=\"color: #993300;\">Ufficio di Servizio Sociale Minorenni<\/span> (dott.ssa <span style=\"color: #3366ff;\">Eliana Torri<\/span> &#8211;\u00a0Associazione Cooperatori &#8220;Guanelliani&#8221; &#8211; <span style=\"color: #993300;\">Il volontariato<\/span> -associazioni Lilium. (dott..ssa <span style=\"color: #3366ff;\">Vittoria Scuto<\/span>)- la Dott.ssa <span style=\"color: #3366ff;\">Antonietta Regalbuto<\/span>, gli Ex Docenti (prof.ssa <span style=\"color: #3366ff;\">Angela Campo<\/span>, prof.re <span style=\"color: #3366ff;\">Angelo Costa<\/span> e ing. <span style=\"color: #3366ff;\">Carlo Franci\u00f2<\/span>)<\/span><\/p>\n<p><span style=\"font-size: 13px; color: #000080;\">Come sempre ci rimettiamo in umile cammino di condivisione per lavorare in rete.<\/span><\/p>\n<figure id=\"attachment_17100\" aria-describedby=\"caption-attachment-17100\" style=\"width: 150px\" class=\"wp-caption alignleft\"><a href=\"https:\/\/www.carlofrancio.net\/wp-content\/uploads\/2013\/10\/IMG_0683.jpg\"><img loading=\"lazy\" decoding=\"async\" class=\"size-thumbnail wp-image-17100\" alt=\"Arch. Antonio Amato\" src=\"https:\/\/www.carlofrancio.net\/wp-content\/uploads\/2013\/10\/IMG_0683-150x150.jpg\" width=\"150\" height=\"150\" \/><\/a><figcaption id=\"caption-attachment-17100\" class=\"wp-caption-text\">Arch. Antonio Amato<\/figcaption><\/figure>\n<p><span style=\"font-size: 13px; color: #003366;\">Dal nuovo sindaco di Messina Renato Accorinti, da sempre attento alle questioni sociali e scolastiche, attendiamo passi concreti\u00a0in favore della Scuola.\u00a0<\/span><\/p>\n<p><span style=\"color: #003366;\">Uno di quest passi, potrebbe essere\u00a0-la possibilit\u00e0 dello sbaraccamento totale di Fondo Fucile per destinarlo a parco urbano, il che darebbe linfa vitale alla SM &#8220;Albino Luciani&#8221;, al Centro Sociale del Comune, edificio dello IACP in cui trovano posto in piani diversi la Scuola &#8220;Ferra\u00f9&#8221; e l&#8217;Oratorio San Luigi Guanella.<\/span><\/p>\n<p><iframe loading=\"lazy\" style=\"font-size: 13px;\" src=\"\/\/www.youtube.com\/embed\/cfDNANbqDak?feature=player_embedded\" height=\"360\" width=\"640\" allowfullscreen=\"\" frameborder=\"0\"><\/iframe><\/p>\n","protected":false},"excerpt":{"rendered":"<p>Premessa &#8211; Il fine del Gruppo Operativo di Zona &#8211; Comunit\u00e0 e Diritti &#8211; di Villaggio Aldisio, conserva ancora la sua validit\u00e0. Anzi. abbiamo potuto constatare, lavorando sul campo, che &hellip; <\/p>\n","protected":false},"author":1,"featured_media":17014,"comment_status":"open","ping_status":"open","sticky":false,"template":"","format":"standard","meta":{"footnotes":""},"categories":[3,256,64,1],"tags":[426,434,430,106],"class_list":["post-17011","post","type-post","status-publish","format-standard","has-post-thumbnail","hentry","category-asso","category-blog-carlofrancio-net","category-goz","category-senza-categoria","tag-cultura","tag-promozione-umana","tag-scuola","tag-solidarieta-volontariato"],"_links":{"self":[{"href":"https:\/\/www.carlofrancio.net\/index.php?rest_route=\/wp\/v2\/posts\/17011","targetHints":{"allow":["GET"]}}],"collection":[{"href":"https:\/\/www.carlofrancio.net\/index.php?rest_route=\/wp\/v2\/posts"}],"about":[{"href":"https:\/\/www.carlofrancio.net\/index.php?rest_route=\/wp\/v2\/types\/post"}],"author":[{"embeddable":true,"href":"https:\/\/www.carlofrancio.net\/index.php?rest_route=\/wp\/v2\/users\/1"}],"replies":[{"embeddable":true,"href":"https:\/\/www.carlofrancio.net\/index.php?rest_route=%2Fwp%2Fv2%2Fcomments&post=17011"}],"version-history":[{"count":36,"href":"https:\/\/www.carlofrancio.net\/index.php?rest_route=\/wp\/v2\/posts\/17011\/revisions"}],"predecessor-version":[{"id":17105,"href":"https:\/\/www.carlofrancio.net\/index.php?rest_route=\/wp\/v2\/posts\/17011\/revisions\/17105"}],"wp:featuredmedia":[{"embeddable":true,"href":"https:\/\/www.carlofrancio.net\/index.php?rest_route=\/wp\/v2\/media\/17014"}],"wp:attachment":[{"href":"https:\/\/www.carlofrancio.net\/index.php?rest_route=%2Fwp%2Fv2%2Fmedia&parent=17011"}],"wp:term":[{"taxonomy":"category","embeddable":true,"href":"https:\/\/www.carlofrancio.net\/index.php?rest_route=%2Fwp%2Fv2%2Fcategories&post=17011"},{"taxonomy":"post_tag","embeddable":true,"href":"https:\/\/www.carlofrancio.net\/index.php?rest_route=%2Fwp%2Fv2%2Ftags&post=17011"}],"curies":[{"name":"wp","href":"https:\/\/api.w.org\/{rel}","templated":true}]}}