{"id":16021,"date":"2013-05-30T15:03:21","date_gmt":"2013-05-30T15:03:21","guid":{"rendered":"https:\/\/www.carlofrancio.net\/?p=16021"},"modified":"2013-06-06T09:03:46","modified_gmt":"2013-06-06T09:03:46","slug":"messina-la-scuola-del-poeta-nino-ferrau-tre-lustri-di-arte-cultura-poesia-per-i-nostri-bimbi","status":"publish","type":"post","link":"https:\/\/www.carlofrancio.net\/?p=16021","title":{"rendered":"Messina &#8211; La &#8220;scuola&#8221; del \u00abPoeta Nino Ferra\u00f9\u00bb &#8211; &#8220;Tre lustri di Arte Cultura Poesia per i nostri Bimbi&#8221;"},"content":{"rendered":"<h2><a href=\"https:\/\/www.carlofrancio.net\/wp-content\/uploads\/2013\/05\/2013_06_05-Palacultura-PremioFerra\u00f9-1.jpg\"><img loading=\"lazy\" decoding=\"async\" class=\"alignleft size-medium wp-image-16022\" alt=\"2013_06_05-Palacultura-PremioFerra\u00f9-1\" src=\"https:\/\/www.carlofrancio.net\/wp-content\/uploads\/2013\/05\/2013_06_05-Palacultura-PremioFerra\u00f9-1-320x152.jpg\" width=\"320\" height=\"152\" srcset=\"https:\/\/www.carlofrancio.net\/wp-content\/uploads\/2013\/05\/2013_06_05-Palacultura-PremioFerra\u00f9-1-320x152.jpg 320w, https:\/\/www.carlofrancio.net\/wp-content\/uploads\/2013\/05\/2013_06_05-Palacultura-PremioFerra\u00f9-1-640x305.jpg 640w, https:\/\/www.carlofrancio.net\/wp-content\/uploads\/2013\/05\/2013_06_05-Palacultura-PremioFerra\u00f9-1.jpg 641w\" sizes=\"auto, (max-width: 320px) 100vw, 320px\" \/><\/a><span style=\"color: #860cbf;\">Mercoled\u00ec \u00a0<span style=\"color: #ff00ff;\">5 giugno 2013<\/span> &#8211; ore 16.30<\/span><\/h2>\n<h3><span style=\"color: #800000;\">al\u00a0PALACULTURA &#8220;Antonello da Messina&#8221;<\/span><\/h3>\n<h2><span style=\"color: #3366ff;\">XV EDIZIONE del PREMIO REGIONALE DI POESIA<\/span><\/h2>\n<h1><span style=\"color: #000080;\">\u00abNino Ferra\u00f9 &#8230; il Poeta nella scuola\u00bb<\/span><\/h1>\n<p><img loading=\"lazy\" decoding=\"async\" class=\"alignleft\" alt=\"\" src=\"https:\/\/www.carlofrancio.net\/wp-content\/uploads\/2012\/05\/05-IMG_0005-320x240.jpg\" width=\"320\" height=\"240\" \/><\/p>\n<p><span style=\"font-size: 13px;\"><span style=\"color: #008080;\"> Le persone che si donano agli altri, non amano gli squilli di tromba e tanto meno gli incensamenti. Ribadiscono di aver fatto semplicemente il loro dovere di educatrici ed educatori, arricchendolo solo della propria umanit\u00e0. La ricchezza sociale di Messina, nonostante approssimativi e rimiranti \u00a0amministratori e politici, risiede proprio nel \u00a0perseverante impegno educativo<\/span> di <span style=\"color: #0000ff;\">Dirigenti<\/span> e <span style=\"color: #0000ff;\">Docenti<\/span> come quelli dell&#8217;<span style=\"color: #0000ff;\"><strong>Istituto Comprensivo Giovanni XXIII &#8211; Villaggio Aldisio &#8211; Messina.<\/strong><\/span><\/span><\/p>\n<p><span style=\"color: #ff6600;\"><strong><span style=\"text-decoration: underline;\">Note sull&#8217;Evento<\/span><\/strong><\/span><\/p>\n<p>Il Gal\u00e0 dedicato alla Poesia nel mondo della scuola, sar\u00e0 condotto come sempre da una pi\u00f9 che collaudata coppia di Insegnanti: <span style=\"color: #0000ff;\"><strong>Angela Campo<\/strong> <\/span>e <strong><span style=\"color: #0000ff;\">Maria Rosa\u00a0<strong>Micale<\/strong>. <\/span><\/strong><span style=\"color: #0000ff;\">Gli onori di casa li far\u00e0<\/span><span style=\"color: #0000ff;\">la<\/span><strong><span style=\"color: #0000ff;\"><span style=\"color: #993366;\"> dirigente<\/span>\u00a0<strong>Francesca Impala<\/strong>, <\/span><\/strong><span style=\"color: #0000ff;\">mentre la<\/span><strong><span style=\"color: #0000ff;\">\u00a0<strong>Commissione giudicatrice<\/strong>\u00a0<\/span><\/strong><span style=\"color: #0000ff;\">avr\u00e0 come<\/span><strong><span style=\"color: #0000ff;\">\u00a0<span style=\"color: #993366;\">presidente<\/span>\u00a0<strong>Marisa Armato<\/strong>, <\/span><\/strong><span style=\"color: #0000ff;\">coadiuvata dai<\/span><strong><span style=\"color: #0000ff;\">\u00a0<span style=\"color: #993366;\">componenti<\/span>\u00a0\u00a0<strong>Melania Rossello<\/strong>,\u00a0<strong>Rosa Orifici Rabe<\/strong>,\u00a0<strong>Alfonso Saja<\/strong>\u00a0e\u00a0<strong>Davide\u00a0<strong><strong>Gambale<\/strong>.<\/strong><\/strong><\/span><\/strong><\/p>\n<p><img loading=\"lazy\" decoding=\"async\" class=\"alignleft\" title=\"2011_05_31-francesca Impala - marisa Armato-Palacultura-Premio Ferra\u00f9\" alt=\"\" src=\"https:\/\/www.carlofrancio.net\/wp-content\/uploads\/2011\/06\/IMG_0021-300x225.jpg\" width=\"300\" height=\"225\" \/><\/p>\n<p><em style=\"color: #ff00ff; font-size: 13px;\"><strong>Chi ha la possibilit\u00e0 venga a vedere questo fiore all&#8217;occhiello, non solo della scuola ma, della Citt\u00e0 di Messina.<\/strong><\/em><\/p>\n<p><span style=\"font-size: 13px;\">Ecco il Link all&#8217;edizione 2012 <\/span><a title=\"Edizione 2012\" href=\"https:\/\/www.carlofrancio.net\/?p=12295\" target=\"_blank\"><strong style=\"font-size: 13px;\">XIV EDIZIONE del PREMIO REGIONALE DI POESIA\u00a0\u00abNino Ferra\u00f9 &#8230; il Poeta nella scuola\u00bb<\/strong><\/a><\/p>\n","protected":false},"excerpt":{"rendered":"<p>Mercoled\u00ec \u00a05 giugno 2013 &#8211; ore 16.30 al\u00a0PALACULTURA &#8220;Antonello da Messina&#8221; XV EDIZIONE del PREMIO REGIONALE DI POESIA \u00abNino Ferra\u00f9 &#8230; il Poeta nella scuola\u00bb Le persone che si donano &hellip; <\/p>\n","protected":false},"author":1,"featured_media":16022,"comment_status":"open","ping_status":"open","sticky":false,"template":"","format":"standard","meta":{"footnotes":""},"categories":[3,10,16,64,202,1,48],"tags":[426,34,429,116,430],"class_list":["post-16021","post","type-post","status-publish","format-standard","has-post-thumbnail","hentry","category-asso","category-cultura","category-eventi","category-goz","category-scuola-primaria-nino-ferrau","category-senza-categoria","category-sociale","tag-cultura","tag-giovani","tag-messina-il-leone-e-il-gallo","tag-poesia","tag-scuola"],"_links":{"self":[{"href":"https:\/\/www.carlofrancio.net\/index.php?rest_route=\/wp\/v2\/posts\/16021","targetHints":{"allow":["GET"]}}],"collection":[{"href":"https:\/\/www.carlofrancio.net\/index.php?rest_route=\/wp\/v2\/posts"}],"about":[{"href":"https:\/\/www.carlofrancio.net\/index.php?rest_route=\/wp\/v2\/types\/post"}],"author":[{"embeddable":true,"href":"https:\/\/www.carlofrancio.net\/index.php?rest_route=\/wp\/v2\/users\/1"}],"replies":[{"embeddable":true,"href":"https:\/\/www.carlofrancio.net\/index.php?rest_route=%2Fwp%2Fv2%2Fcomments&post=16021"}],"version-history":[{"count":10,"href":"https:\/\/www.carlofrancio.net\/index.php?rest_route=\/wp\/v2\/posts\/16021\/revisions"}],"predecessor-version":[{"id":16027,"href":"https:\/\/www.carlofrancio.net\/index.php?rest_route=\/wp\/v2\/posts\/16021\/revisions\/16027"}],"wp:featuredmedia":[{"embeddable":true,"href":"https:\/\/www.carlofrancio.net\/index.php?rest_route=\/wp\/v2\/media\/16022"}],"wp:attachment":[{"href":"https:\/\/www.carlofrancio.net\/index.php?rest_route=%2Fwp%2Fv2%2Fmedia&parent=16021"}],"wp:term":[{"taxonomy":"category","embeddable":true,"href":"https:\/\/www.carlofrancio.net\/index.php?rest_route=%2Fwp%2Fv2%2Fcategories&post=16021"},{"taxonomy":"post_tag","embeddable":true,"href":"https:\/\/www.carlofrancio.net\/index.php?rest_route=%2Fwp%2Fv2%2Ftags&post=16021"}],"curies":[{"name":"wp","href":"https:\/\/api.w.org\/{rel}","templated":true}]}}