{"id":15848,"date":"2013-05-22T15:46:49","date_gmt":"2013-05-22T15:46:49","guid":{"rendered":"https:\/\/www.carlofrancio.net\/?p=15848"},"modified":"2013-05-22T15:46:49","modified_gmt":"2013-05-22T15:46:49","slug":"messina-istituto-s-anna-momento-di-reciproco-scambio-di-riconoscenza-e-solidarieta","status":"publish","type":"post","link":"https:\/\/www.carlofrancio.net\/?p=15848","title":{"rendered":"Messina &#8211; Istituto S. Anna -\u00abMomento di reciproco scambio, di riconoscenza e solidariet\u00e0\u00bb"},"content":{"rendered":"<p><a href=\"https:\/\/www.carlofrancio.net\/wp-content\/uploads\/2013\/05\/IMG_0659-BLOG.jpg\"><img loading=\"lazy\" decoding=\"async\" class=\"alignleft size-medium wp-image-15851\" alt=\"2013_05_19-S_Anna-CONCERTO\" src=\"https:\/\/www.carlofrancio.net\/wp-content\/uploads\/2013\/05\/IMG_0659-BLOG-320x218.jpg\" width=\"320\" height=\"218\" srcset=\"https:\/\/www.carlofrancio.net\/wp-content\/uploads\/2013\/05\/IMG_0659-BLOG-320x218.jpg 320w, https:\/\/www.carlofrancio.net\/wp-content\/uploads\/2013\/05\/IMG_0659-BLOG-640x436.jpg 640w, https:\/\/www.carlofrancio.net\/wp-content\/uploads\/2013\/05\/IMG_0659-BLOG.jpg 800w\" sizes=\"auto, (max-width: 320px) 100vw, 320px\" \/><\/a><a href=\"https:\/\/www.carlofrancio.net\/wp-content\/uploads\/2013\/05\/IMG_0613.jpg\"><img loading=\"lazy\" decoding=\"async\" class=\"alignright size-thumbnail wp-image-15852\" alt=\"IMG_0613\" src=\"https:\/\/www.carlofrancio.net\/wp-content\/uploads\/2013\/05\/IMG_0613-150x150.jpg\" width=\"150\" height=\"150\" \/><\/a><span style=\"color: #ff00ff;\"><strong>Domenica 19 maggio 2013<\/strong> <\/span>&#8211; <span style=\"color: #800000;\">Nel piccolo teatro, interno all<strong>&#8216;<span style=\"color: #000080;\">Istituto<\/span> <\/strong>delle<strong>\u00a0<span style=\"color: #000080;\">Suore di S. Anna<\/span>.<\/strong> <\/span><span style=\"color: #003366;\">Si \u00e8 svolto un evento che ha accomunato nel ricordo e nella riconoscenza una piccola porzione della comunit\u00e0 messinese.<\/span> <span style=\"color: #800080;\">L&#8217;occasione \u00e8 frutto della \u00a0riconoscenza dei giovani divenuti adulti, per quanto \u00e8 stato loro donato, negli anni dell&#8217;infanzia, dalla<\/span> <span style=\"color: #000080;\"><strong>Comunit\u00e0 delle Suore di S. Anna<\/strong><\/span>. <span style=\"color: #003366;\">Questa \u00e8 stata la forza propulsiva degli<\/span> <em><span style=\"color: #0000ff;\"><strong>ex-allievi<\/strong>, sei donne e tre uomini<\/span><\/em>, <span style=\"color: #003366;\">che hanno progettato e realizzato un Evento di vera solidariet\u00e0<\/span>. <em><span style=\"color: #333399;\">Il Gruppo delle suore, nel frattempo, si \u00e8 ridotto da 19 a sole 4 unit\u00e0. Ma il loro spirito di servizio \u00e8 rimasto intatto<\/span>.<\/em><span style=\"color: #993366;\"> In un saloncino rettangolare, posto al piano rialzato, gremito di un partecipativo pubblico, si sono susseguiti i vari momenti, coordinati da uno dei tre ex allievi.\u00a0<a href=\"https:\/\/www.carlofrancio.net\/wp-content\/uploads\/2013\/05\/IMG_0614.jpg\"><span style=\"color: #993366;\"><img loading=\"lazy\" decoding=\"async\" class=\"alignright size-thumbnail wp-image-15853\" alt=\"IMG_0614\" src=\"https:\/\/www.carlofrancio.net\/wp-content\/uploads\/2013\/05\/IMG_0614-150x150.jpg\" width=\"150\" height=\"150\" \/><\/span><\/a>-L&#8217;introduzione dell&#8217;evento da parte, del portavoce del gruppo<\/span>, dott. <span style=\"color: #0000ff;\"><strong>Alberto Randazzo<\/strong><\/span> &#8211; Gli onori di casa da parte di \u00a0<span style=\"color: #0000ff;\"><strong>Suor Carmela.<\/strong><\/span> -Le Comunicazioni della <span style=\"color: #0000ff;\"><strong>Direttrice dell&#8217;Istituto CIRS<\/strong><\/span>&#8211; Il momento\u00a0<a href=\"https:\/\/www.carlofrancio.net\/wp-content\/uploads\/2013\/05\/IMG_0626.jpg\"><img loading=\"lazy\" decoding=\"async\" class=\"size-medium wp-image-15854 alignleft\" alt=\"2013_05_19-S_Anna-CONCERTO\" src=\"https:\/\/www.carlofrancio.net\/wp-content\/uploads\/2013\/05\/IMG_0626-320x240.jpg\" width=\"320\" height=\"240\" srcset=\"https:\/\/www.carlofrancio.net\/wp-content\/uploads\/2013\/05\/IMG_0626-320x240.jpg 320w, https:\/\/www.carlofrancio.net\/wp-content\/uploads\/2013\/05\/IMG_0626-640x480.jpg 640w, https:\/\/www.carlofrancio.net\/wp-content\/uploads\/2013\/05\/IMG_0626.jpg 800w\" sizes=\"auto, (max-width: 320px) 100vw, 320px\" \/><\/a>musicale &#8211; in tre tempi &#8211; e infne, la cerimonia di premiazione degli artisti e il sorteggio dei due premi offerti dagli sponsor della manifestazione. <span style=\"color: #993300;\"><em>&#8220;Feltrinelli Point&#8221; e ristorante &#8220;SoloSofia&#8221;.<\/em><\/span><\/p>\n<p><span style=\"color: #003300;\">Possiamo quindi concludere che l&#8217;obiettivo che si erano prefissati \u00e8 stato ampiamente raggiunto, e\u00a0ne fa testo\u00a0la fotografia finale, in cui \u00e8 visibile la soddisfazione di tutti i protagonisti.<\/span> \u00ab<span style=\"color: #c90295;\"><strong>Il ricavato \u00e8 stato devoluto alla casa famiglia CIRS di Messina e al progetto &#8220;Un Futuro di speranza &#8211; Filippine&#8221;\u00bb<\/strong><\/span><\/p>\n<p>Ecco la bella e variegata parte Musicale che ha visto protagonisti in sequenza: <span style=\"color: #333300;\">La voce solista<\/span><span style=\"color: #0000ff;\"><strong> Rita<\/strong><\/span> <span style=\"color: #333300;\">accompagnata al piano da<\/span><span style=\"color: #0000ff;\"><strong> Rosario Foti<\/strong> <\/span>&#8211; <span style=\"color: #333333;\">il duo di chitarra classica e violino<\/span> &#8211;\u00a0<strong>Alessandro Monteleone<\/strong> e <span style=\"color: #0000ff;\"><strong>Giuseppe Fabio Lisanti<\/strong><\/span> e infine <span style=\"color: #ff6600;\">il chitarrista rock<\/span> <span style=\"color: #0000ff;\"><strong>Ludovico Pipit\u00f2<\/strong><\/span> &#8211; <span style=\"color: #ff0000;\"><strong>Buona visione ed ascolto.<\/strong><\/span><\/p>\n<p><iframe loading=\"lazy\" src=\"http:\/\/www.youtube.com\/embed\/8MrYemeteto?feature=player_detailpage\" height=\"180\" width=\"320\" allowfullscreen=\"\" frameborder=\"0\"><\/iframe><iframe loading=\"lazy\" src=\"http:\/\/www.youtube.com\/embed\/zNRtyYA5B9o?feature=player_detailpage\" height=\"180\" width=\"320\" allowfullscreen=\"\" frameborder=\"0\"><\/iframe><br \/>\n<iframe loading=\"lazy\" src=\"http:\/\/www.youtube.com\/embed\/0nxL--I4hOg?feature=player_detailpage\" height=\"180\" width=\"320\" allowfullscreen=\"\" frameborder=\"0\"><\/iframe><\/p>\n","protected":false},"excerpt":{"rendered":"<p>Domenica 19 maggio 2013 &#8211; Nel piccolo teatro, interno all&#8216;Istituto delle\u00a0Suore di S. Anna. Si \u00e8 svolto un evento che ha accomunato nel ricordo e nella riconoscenza una piccola porzione &hellip; <\/p>\n","protected":false},"author":1,"featured_media":15851,"comment_status":"open","ping_status":"open","sticky":false,"template":"","format":"standard","meta":{"footnotes":""},"categories":[3,10,46,1],"tags":[426,434,430,106],"class_list":["post-15848","post","type-post","status-publish","format-standard","has-post-thumbnail","hentry","category-asso","category-cultura","category-scuola","category-senza-categoria","tag-cultura","tag-promozione-umana","tag-scuola","tag-solidarieta-volontariato"],"_links":{"self":[{"href":"https:\/\/www.carlofrancio.net\/index.php?rest_route=\/wp\/v2\/posts\/15848","targetHints":{"allow":["GET"]}}],"collection":[{"href":"https:\/\/www.carlofrancio.net\/index.php?rest_route=\/wp\/v2\/posts"}],"about":[{"href":"https:\/\/www.carlofrancio.net\/index.php?rest_route=\/wp\/v2\/types\/post"}],"author":[{"embeddable":true,"href":"https:\/\/www.carlofrancio.net\/index.php?rest_route=\/wp\/v2\/users\/1"}],"replies":[{"embeddable":true,"href":"https:\/\/www.carlofrancio.net\/index.php?rest_route=%2Fwp%2Fv2%2Fcomments&post=15848"}],"version-history":[{"count":19,"href":"https:\/\/www.carlofrancio.net\/index.php?rest_route=\/wp\/v2\/posts\/15848\/revisions"}],"predecessor-version":[{"id":15872,"href":"https:\/\/www.carlofrancio.net\/index.php?rest_route=\/wp\/v2\/posts\/15848\/revisions\/15872"}],"wp:featuredmedia":[{"embeddable":true,"href":"https:\/\/www.carlofrancio.net\/index.php?rest_route=\/wp\/v2\/media\/15851"}],"wp:attachment":[{"href":"https:\/\/www.carlofrancio.net\/index.php?rest_route=%2Fwp%2Fv2%2Fmedia&parent=15848"}],"wp:term":[{"taxonomy":"category","embeddable":true,"href":"https:\/\/www.carlofrancio.net\/index.php?rest_route=%2Fwp%2Fv2%2Fcategories&post=15848"},{"taxonomy":"post_tag","embeddable":true,"href":"https:\/\/www.carlofrancio.net\/index.php?rest_route=%2Fwp%2Fv2%2Ftags&post=15848"}],"curies":[{"name":"wp","href":"https:\/\/api.w.org\/{rel}","templated":true}]}}