{"id":15818,"date":"2013-05-21T17:12:27","date_gmt":"2013-05-21T17:12:27","guid":{"rendered":"https:\/\/www.carlofrancio.net\/?p=15818"},"modified":"2013-05-21T17:12:27","modified_gmt":"2013-05-21T17:12:27","slug":"messina-sae-una-lettura-piena-di-tante-letture","status":"publish","type":"post","link":"https:\/\/www.carlofrancio.net\/?p=15818","title":{"rendered":"Messina &#8211; SAE \u00abUna lettura&#8230;piena di tante &#8220;letture&#8221;\u00bb"},"content":{"rendered":"<p style=\"text-align: left;\" align=\"CENTER\"><span style=\"color: #ff00ff;\"><strong><a href=\"https:\/\/www.carlofrancio.net\/wp-content\/uploads\/2012\/02\/Logo-SAE-piccolo.png\"><img loading=\"lazy\" decoding=\"async\" class=\"alignleft size-full wp-image-11093\" alt=\"Logo SAE piccolo\" src=\"https:\/\/www.carlofrancio.net\/wp-content\/uploads\/2012\/02\/Logo-SAE-piccolo.png\" width=\"182\" height=\"123\" \/><\/a><a href=\"https:\/\/www.carlofrancio.net\/wp-content\/uploads\/2013\/05\/IMG_05472.jpg\"><img loading=\"lazy\" decoding=\"async\" class=\"alignright size-medium wp-image-15826\" alt=\"2013_05_16-Chiesa_del_Santo-SAE-Padre_Felice_Scalia\" src=\"https:\/\/www.carlofrancio.net\/wp-content\/uploads\/2013\/05\/IMG_05472-320x240.jpg\" width=\"320\" height=\"240\" srcset=\"https:\/\/www.carlofrancio.net\/wp-content\/uploads\/2013\/05\/IMG_05472-320x240.jpg 320w, https:\/\/www.carlofrancio.net\/wp-content\/uploads\/2013\/05\/IMG_05472-640x480.jpg 640w, https:\/\/www.carlofrancio.net\/wp-content\/uploads\/2013\/05\/IMG_05472.jpg 800w\" sizes=\"auto, (max-width: 320px) 100vw, 320px\" \/><\/a>Gioved\u00ec 16 maggio 2013 ore 18.30 <\/strong><\/span>nella <strong><span style=\"color: #800000;\">Parrocchia di S. Maria della Consolazione<\/span><\/strong> &#8211; in\u00a0Via Del Santo\u00a0\u2013 Messina.\u00a0<span style=\"color: #0000ff;\"><i><b>\u00a0<\/b><\/i><\/span><i><b><span style=\"color: #0000ff;\">p. Felice Scalia<\/span> s.j.\u00a0<\/b><\/i>\u00a0ha riflettuto a voce alta su<\/p>\n<p style=\"text-align: left;\" align=\"CENTER\"><span style=\"color: #003300;\"><i><b>Atti 5, 1-11 &#8220;<\/b><\/i><i><b>Tu non mentisti a uomini, ma a Dio<\/b><\/i><i><b>.&#8221; \u00a0<\/b><\/i><\/span><\/p>\n<p><img loading=\"lazy\" decoding=\"async\" class=\"alignleft size-thumbnail wp-image-15827\" alt=\"2013_05_16-Chiesa_del_Santo-SAE-Padre_Felice_Scalia\" src=\"https:\/\/www.carlofrancio.net\/wp-content\/uploads\/2013\/05\/IMG_0533-150x150.jpg\" width=\"150\" height=\"150\" \/><\/p>\n<p style=\"text-align: left;\" align=\"CENTER\">Dopo l&#8217;amabile accoglienza di <span style=\"color: #0000ff;\"><strong>Padre Marcellino<\/strong><\/span> e della sua Comunit\u00e0. La <span style=\"color: #0000ff;\">Dott.ssa<strong> Daniela Villari<\/strong><\/span>, coordinatrice del<span style=\"color: #008000;\"><strong> Gruppo SAE &#8220;E. Cialla&#8221;<\/strong><\/span>, ha brevemente introdotto il tema dell&#8217;incontro, <span style=\"color: #008000;\">&#8220;Lettura ecumenica degli Atti degli Apostoli&#8221;,<\/span> e ringraziando preliminarmente e sentitamente il relatore <i><b><span style=\"color: #0000ff;\">p. Felice Scalia\u00a0s.j<\/span>., <\/b><\/i>\u00a0ha dato\u00a0 poi la parola \u00a0per la lettura del testo ad una <span style=\"color: #0000ff;\"><em><strong>Componente<\/strong><\/em><\/span> della <span style=\"color: #800000;\"><strong>Comunit\u00e0\u00a0parrocchiale<\/strong><\/span>.<\/p>\n<p><img loading=\"lazy\" decoding=\"async\" class=\"wp-image-15828 alignright\" alt=\"2013_05_16-Chiesa_del_Santo-SAE-Padre_Felice_Scalia\" src=\"https:\/\/www.carlofrancio.net\/wp-content\/uploads\/2013\/05\/IMG_0535-150x150.jpg\" width=\"150\" height=\"150\" \/><\/p>\n<p style=\"text-align: left;\" align=\"CENTER\"><span style=\"color: #800080;\">E&#8217; stata una minuziosa e non scontata rivisitazione dei comportamenti dei vari protagonisti, Anania, la moglie <strong>Saffira\u00a0<\/strong>e l&#8217;<strong>Apostolo\u00a0Pietro<\/strong>.<\/span><span style=\"font-size: 13px;\"> rileggiamo il testo:<\/span><\/p>\n<p align=\"JUSTIFY\"><span style=\"color: #d18b04;\"><sup><b>1<\/b><\/sup>Un uomo di nome Anania con la moglie Saffira vendette un suo podere\u00a0<sup><b>2<\/b><\/sup>e, tenuta per s\u00e9 una parte dell&#8217;importo d&#8217;accordo con la moglie, consegn\u00f2 l&#8217;altra parte deponendola ai piedi degli apostoli.\u00a0<sup><b>3<\/b><\/sup>Ma Pietro gli disse: \u00abAnania, perch\u00e9 mai satana si \u00e8 cos\u00ec impossessato del tuo cuore che tu hai mentito allo Spirito Santo e ti sei trattenuto parte del prezzo del terreno?\u00a0<sup><b>4<\/b><\/sup>Prima di venderlo, non era forse tua propriet\u00e0 e, anche venduto, il ricavato non era sempre a tua disposizione? Perch\u00e9 hai pensato in cuor tuo a quest&#8217;azione? Tu non hai mentito agli uomini, ma a Dio\u00bb.\u00a0<sup><b>5<\/b><\/sup>All&#8217;udire <a href=\"https:\/\/www.carlofrancio.net\/wp-content\/uploads\/2013\/05\/IMG_0538.jpg\"><img loading=\"lazy\" decoding=\"async\" class=\"alignleft size-medium wp-image-15834\" alt=\"2013_05_16-Chiesa_del_Santo-SAE-Padre_Felice_Scalia\" src=\"https:\/\/www.carlofrancio.net\/wp-content\/uploads\/2013\/05\/IMG_0538-320x240.jpg\" width=\"320\" height=\"240\" srcset=\"https:\/\/www.carlofrancio.net\/wp-content\/uploads\/2013\/05\/IMG_0538-320x240.jpg 320w, https:\/\/www.carlofrancio.net\/wp-content\/uploads\/2013\/05\/IMG_0538-640x480.jpg 640w, https:\/\/www.carlofrancio.net\/wp-content\/uploads\/2013\/05\/IMG_0538.jpg 800w\" sizes=\"auto, (max-width: 320px) 100vw, 320px\" \/><\/a>queste parole, Anania cadde a terra e spir\u00f2. E un timore grande prese tutti quelli che ascoltavano.\u00a0<sup><b>6<\/b><\/sup>Si alzarono allora i pi\u00f9 giovani e, avvoltolo in un lenzuolo, lo portarono fuori e lo seppellirono.\u00a0<sup><b>7<\/b><\/sup>Avvenne poi che, circa tre ore pi\u00f9 tardi, entr\u00f2 anche sua moglie, ignara dell&#8217;accaduto.\u00a0<sup><b>8<\/b><\/sup>Pietro le chiese: \u00abDimmi: avete venduto il campo a tal prezzo?\u00bb. Ed essa: \u00abS\u00ec, a tanto\u00bb.\u00a0<sup><b>9<\/b><\/sup>Allora Pietro le disse: \u00abPerch\u00e9 vi siete accordati per tentare lo Spirito del Signore? Ecco qui alla porta i passi di coloro che hanno seppellito tuo marito e porteranno via anche te\u00bb.\u00a0<sup><b>10<\/b><\/sup>D&#8217;improvviso cadde ai piedi di Pietro e spir\u00f2. Quando i giovani entrarono, la trovarono morta e, portatala fuori, la seppellirono accanto a suo marito.\u00a0<sup><b>11<\/b><\/sup>E un grande timore si diffuse in tutta la Chiesa e in quanti venivano a sapere queste cose.<\/span><\/p>\n<p align=\"JUSTIFY\"><span style=\"text-decoration: underline;\"><strong><em>PICCOLE NOTE A MARGINE<\/em><\/strong><\/span><\/p>\n<p align=\"JUSTIFY\"><span style=\"color: #0000ff;\"><strong><a href=\"https:\/\/www.carlofrancio.net\/wp-content\/uploads\/2013\/05\/IMG_0545.jpg\"><img loading=\"lazy\" decoding=\"async\" class=\"alignleft size-medium wp-image-15835\" alt=\"2013_05_16-Chiesa_del_Santo-SAE-Padre_Felice_Scalia\" src=\"https:\/\/www.carlofrancio.net\/wp-content\/uploads\/2013\/05\/IMG_0545-320x240.jpg\" width=\"320\" height=\"240\" srcset=\"https:\/\/www.carlofrancio.net\/wp-content\/uploads\/2013\/05\/IMG_0545-320x240.jpg 320w, https:\/\/www.carlofrancio.net\/wp-content\/uploads\/2013\/05\/IMG_0545-640x480.jpg 640w, https:\/\/www.carlofrancio.net\/wp-content\/uploads\/2013\/05\/IMG_0545.jpg 800w\" sizes=\"auto, (max-width: 320px) 100vw, 320px\" \/><\/a>Padre Felice<\/strong><\/span>, dopo aver richiamato i canoni esegetici e gli elementi teologici, ha voluto porre degli interrogativi che favorissero la contestualizzazione e l&#8217;attualizzazione del brano nella nostra esperienza di credenti.<\/p>\n<p align=\"JUSTIFY\">I successivi e tra loro diversi interventi, hanno messo in luce aspetti che potevano sembrare contraddittori. Ma sappiamo che, variando il punto di vista, variano le argomentazioni e le conclusioni.\u00a0Vediamone qualcuna:<\/p>\n<p align=\"JUSTIFY\">\u00ab<span style=\"color: #800080;\">Perch\u00e9\u00a0questo racconto, non in sintonia con i precedenti quattro, al capitolo 5\u00b0 degli Atti degli Apostoli?<\/span><span style=\"color: #993366;\"><strong> E&#8217; un fatto vero<\/strong>?<\/span> <span style=\"color: #800080;\">O semplicemente, una catechesi sui comportamenti trasparenti che devono tenere i cristiani?<\/span> \u00a0<span style=\"color: #993366;\">Si tratta di ribadire il Primato di Pietro, che essendo ripieno di Spirito Santo, non pu\u00f2 essere ingannato?<\/span> E perch\u00e9 &#8220;tanta durezza&#8221; &#8211; togliere la vita &#8211; nel colpire un atteggiamento di furbizia di conservazione. <span style=\"color: #993366;\">&#8220;Pietro si \u00a0\u00e8 montato la testa&#8221;<\/span>\u00bb<a href=\"https:\/\/www.carlofrancio.net\/wp-content\/uploads\/2013\/05\/IMG_0543.jpg\"><img loading=\"lazy\" decoding=\"async\" class=\"alignright size-thumbnail wp-image-15843\" alt=\"2013_05_16-Chiesa_del_Santo-SAE-Padre_Felice_Scalia\" src=\"https:\/\/www.carlofrancio.net\/wp-content\/uploads\/2013\/05\/IMG_0543-150x150.jpg\" width=\"150\" height=\"150\" \/><\/a><span style=\"color: #ff6600;\">\u00a0<span style=\"font-size: 13px;\">\u00a0<\/span><\/span><\/p>\n<p align=\"JUSTIFY\"><em id=\"__mceDel\"><span style=\"color: #ff6600;\"><span style=\"font-size: 13px;\"><a href=\"https:\/\/www.carlofrancio.net\/wp-content\/uploads\/2013\/05\/IMG_0546.jpg\"><img loading=\"lazy\" decoding=\"async\" class=\"alignleft size-thumbnail wp-image-15838\" alt=\"2013_05_16-Chiesa_del_Santo-SAE-Padre_Felice_Scalia\" src=\"https:\/\/www.carlofrancio.net\/wp-content\/uploads\/2013\/05\/IMG_0546-150x150.jpg\" width=\"150\" height=\"150\" \/><\/a>\u00abLa mia personale consapevolezza \u00e8 che la coerenza \u00e8 un &#8220;frutto&#8221; molto difficile da raggiungere per l&#8217;uomo. <em><strong><span style=\"color: #003366;\">&#8220;Solo Dio \u00e8 Fedele&#8221;<\/span>.<\/strong><\/em> E noi possiamo solo lavorare, e duramente, per cercare di ridurre le nostre zone d&#8217;ombra, \u00a0rinnovando ogni giorno il <span style=\"color: #003366;\"><em><strong>Santo Timore di Di<\/strong>o<\/em><\/span>, uno dei sette <strong><em><span style=\"color: #003366;\">Doni dello Spirito Santo<\/span><\/em><\/strong>, inteso come <span style=\"color: #003366;\">&#8220;<\/span><\/span><span style=\"font-size: 13px;\"><span style=\"color: #003366;\">\u00a0f<\/span><em><span style=\"color: #003366;\">iducioso abbandono alla sua salvifica azione.&#8221;\u00bb<\/span><\/em><\/span><\/span><\/em><\/p>\n<p align=\"JUSTIFY\"><span style=\"font-size: 13px;\">2013_05_17-S_M_d_Consolazione_SANTO-P_Felice_SCALIA-relazione<\/span><\/p>\n<p><iframe loading=\"lazy\" src=\"http:\/\/www.youtube.com\/embed\/3Ez3r1kwdaY?feature=player_detailpage\" height=\"180\" width=\"320\" allowfullscreen=\"\" frameborder=\"0\"><\/iframe><br \/>\n2013_05_17-S_M_d_Consolazione_SANTO-P_Felice_SCALIA-conclusione<br \/>\n<iframe loading=\"lazy\" src=\"http:\/\/www.youtube.com\/embed\/6m0K01vEkqA?feature=player_detailpage\" height=\"180\" width=\"320\" allowfullscreen=\"\" frameborder=\"0\"><\/iframe><\/p>\n","protected":false},"excerpt":{"rendered":"<p>Gioved\u00ec 16 maggio 2013 ore 18.30 nella Parrocchia di S. Maria della Consolazione &#8211; in\u00a0Via Del Santo\u00a0\u2013 Messina.\u00a0\u00a0p. Felice Scalia s.j.\u00a0\u00a0ha riflettuto a voce alta su Atti 5, 1-11 &#8220;Tu &hellip; <\/p>\n","protected":false},"author":1,"featured_media":15824,"comment_status":"closed","ping_status":"closed","sticky":false,"template":"","format":"standard","meta":{"footnotes":""},"categories":[3,243,17,56],"tags":[426,32,104,434,431],"class_list":["post-15818","post","type-post","status-publish","format-standard","has-post-thumbnail","hentry","category-asso","category-chiesa-anglicans","category-focolarini","category-servizi-attivita-ecumeniche","tag-cultura","tag-ecumenismo","tag-preghiera","tag-promozione-umana","tag-sociale"],"_links":{"self":[{"href":"https:\/\/www.carlofrancio.net\/index.php?rest_route=\/wp\/v2\/posts\/15818","targetHints":{"allow":["GET"]}}],"collection":[{"href":"https:\/\/www.carlofrancio.net\/index.php?rest_route=\/wp\/v2\/posts"}],"about":[{"href":"https:\/\/www.carlofrancio.net\/index.php?rest_route=\/wp\/v2\/types\/post"}],"author":[{"embeddable":true,"href":"https:\/\/www.carlofrancio.net\/index.php?rest_route=\/wp\/v2\/users\/1"}],"replies":[{"embeddable":true,"href":"https:\/\/www.carlofrancio.net\/index.php?rest_route=%2Fwp%2Fv2%2Fcomments&post=15818"}],"version-history":[{"count":18,"href":"https:\/\/www.carlofrancio.net\/index.php?rest_route=\/wp\/v2\/posts\/15818\/revisions"}],"predecessor-version":[{"id":15845,"href":"https:\/\/www.carlofrancio.net\/index.php?rest_route=\/wp\/v2\/posts\/15818\/revisions\/15845"}],"wp:featuredmedia":[{"embeddable":true,"href":"https:\/\/www.carlofrancio.net\/index.php?rest_route=\/wp\/v2\/media\/15824"}],"wp:attachment":[{"href":"https:\/\/www.carlofrancio.net\/index.php?rest_route=%2Fwp%2Fv2%2Fmedia&parent=15818"}],"wp:term":[{"taxonomy":"category","embeddable":true,"href":"https:\/\/www.carlofrancio.net\/index.php?rest_route=%2Fwp%2Fv2%2Fcategories&post=15818"},{"taxonomy":"post_tag","embeddable":true,"href":"https:\/\/www.carlofrancio.net\/index.php?rest_route=%2Fwp%2Fv2%2Ftags&post=15818"}],"curies":[{"name":"wp","href":"https:\/\/api.w.org\/{rel}","templated":true}]}}