{"id":14406,"date":"2013-01-14T12:48:38","date_gmt":"2013-01-14T12:48:38","guid":{"rendered":"https:\/\/www.carlofrancio.net\/?p=14406"},"modified":"2013-01-16T12:50:46","modified_gmt":"2013-01-16T12:50:46","slug":"messina-ecumenismo-la-programmazione-del-gruppo-sae-e-cialla","status":"publish","type":"post","link":"https:\/\/www.carlofrancio.net\/?p=14406","title":{"rendered":"Messina &#8211; Ecumenismo &#8211; \u00abLa programmazione del Gruppo SAE &#8220;E. Cialla&#8221;\u00bb"},"content":{"rendered":"<p style=\"text-align: left;\"><a href=\"https:\/\/www.carlofrancio.net\/wp-content\/uploads\/2013\/01\/3-2013_01_04-SAE_Calendario-1c.jpg\"><img loading=\"lazy\" decoding=\"async\" class=\"alignleft size-medium wp-image-14402\" alt=\"3-2013_01_04-SAE_Calendario-1c\" src=\"https:\/\/www.carlofrancio.net\/wp-content\/uploads\/2013\/01\/3-2013_01_04-SAE_Calendario-1c-173x240.jpg\" width=\"173\" height=\"240\" srcset=\"https:\/\/www.carlofrancio.net\/wp-content\/uploads\/2013\/01\/3-2013_01_04-SAE_Calendario-1c-173x240.jpg 173w, https:\/\/www.carlofrancio.net\/wp-content\/uploads\/2013\/01\/3-2013_01_04-SAE_Calendario-1c-346x480.jpg 346w, https:\/\/www.carlofrancio.net\/wp-content\/uploads\/2013\/01\/3-2013_01_04-SAE_Calendario-1c.jpg 417w\" sizes=\"auto, (max-width: 173px) 100vw, 173px\" \/><\/a><a href=\"https:\/\/www.carlofrancio.net\/wp-content\/uploads\/2013\/01\/2-2013_01_04-SAE_Calendario-00.jpg\">Messina &#8211; Ecumenismo &#8211; \u00abLa programmazione del Gruppo SAE &#8220;E. Cialla&#8221;\u00bb<\/a><\/p>\n<p><img loading=\"lazy\" decoding=\"async\" class=\" wp-image-14400 alignright\" alt=\"2-2013_01_04-SAE_Calendario-00\" src=\"https:\/\/www.carlofrancio.net\/wp-content\/uploads\/2013\/01\/2-2013_01_04-SAE_Calendario-00.jpg\" width=\"360\" height=\"455\" srcset=\"https:\/\/www.carlofrancio.net\/wp-content\/uploads\/2013\/01\/2-2013_01_04-SAE_Calendario-00.jpg 360w, https:\/\/www.carlofrancio.net\/wp-content\/uploads\/2013\/01\/2-2013_01_04-SAE_Calendario-00-189x240.jpg 189w\" sizes=\"auto, (max-width: 360px) 100vw, 360px\" \/><\/p>\n<p>\u00ab<span style=\"color: #008080;\" data-mce-mark=\"1\">Tante persone che seguono il Blog sono vivamente interessate alle dinamiche della questione Ecumenica.<\/span> E molti tra questi seguono le attivit\u00e0 del <span style=\"color: #008000;\" data-mce-mark=\"1\"><strong>Gruppo &#8220;E. Cialla<\/strong><\/span>&#8221; di Messina, pur non aderendo formalmente al Gruppo. <span style=\"color: #008080;\" data-mce-mark=\"1\">A<strong> tutti Voi<\/strong>, dedichiamo, il calendario del rinnovato cammino del <strong>Gruppo<\/strong>.<\/span><\/p>\n<p>Pur nella consapevolezza che la strada verso l<span style=\"color: #008000;\" data-mce-mark=\"1\"><strong>&#8216;Ecumenismo<\/strong><\/span> \u00e8 disseminata di continui intralci. Purtuttavia, lo spirito di perseveranza, consente di\u00a0non demordere. Le difficolt\u00e0 diventano occasione di sprone per un maggiore impegno. \u00a0Il recente scambio di consegne, come coordinatore del <span style=\"color: #008000;\" data-mce-mark=\"1\"><strong>Guppo \u00a0&#8220;E. Cialla&#8221;<\/strong><\/span>,\u00a0dal prof.re <span style=\"color: #0000ff;\" data-mce-mark=\"1\">Carmelo Labate<\/span> alla nuova coordinatrice dott.ssa <span style=\"color: #0000ff;\" data-mce-mark=\"1\">Daniela Villari<\/span> ne \u00e8 la prova pi\u00f9 evidente. Certi che, il rilancio nella continuit\u00e0 di impegno, porti buoni frutti nella realt\u00e0 sociale e religiosa messinese.\u00bb<\/p>\n<p><img loading=\"lazy\" decoding=\"async\" class=\"size-medium wp-image-14401 alignleft\" alt=\"4-2013_01_04-SAE_Calendario2c\" src=\"https:\/\/www.carlofrancio.net\/wp-content\/uploads\/2013\/01\/4-2013_01_04-SAE_Calendario2c-173x240.jpg\" width=\"173\" height=\"240\" srcset=\"https:\/\/www.carlofrancio.net\/wp-content\/uploads\/2013\/01\/4-2013_01_04-SAE_Calendario2c-173x240.jpg 173w, https:\/\/www.carlofrancio.net\/wp-content\/uploads\/2013\/01\/4-2013_01_04-SAE_Calendario2c-346x480.jpg 346w, https:\/\/www.carlofrancio.net\/wp-content\/uploads\/2013\/01\/4-2013_01_04-SAE_Calendario2c.jpg 416w\" sizes=\"auto, (max-width: 173px) 100vw, 173px\" \/><\/p>\n<p><a href=\"https:\/\/www.carlofrancio.net\/wp-content\/uploads\/2013\/01\/07-IMG_0331.jpg\"><img loading=\"lazy\" decoding=\"async\" class=\"alignleft size-thumbnail wp-image-14367\" alt=\"2013_01_10-Bibl_Capp_SAE-SILVESTRE-07\" src=\"https:\/\/www.carlofrancio.net\/wp-content\/uploads\/2013\/01\/07-IMG_0331-150x150.jpg\" width=\"150\" height=\"150\" \/><\/a> <a href=\"https:\/\/www.carlofrancio.net\/wp-content\/uploads\/2013\/01\/02-IMG_0326.jpg\"><img loading=\"lazy\" decoding=\"async\" class=\"alignleft size-thumbnail wp-image-14368\" alt=\"2013_01_10-Bibl_Capp_SAE-SILVESTRE-02\" src=\"https:\/\/www.carlofrancio.net\/wp-content\/uploads\/2013\/01\/02-IMG_0326-150x150.jpg\" width=\"150\" height=\"150\" \/><\/a><\/p>\n<p><span style=\"font-size: 13px; line-height: 19px;\">\u00a0<\/span><\/p>\n","protected":false},"excerpt":{"rendered":"<p>Messina &#8211; Ecumenismo &#8211; \u00abLa programmazione del Gruppo SAE &#8220;E. Cialla&#8221;\u00bb \u00abTante persone che seguono il Blog sono vivamente interessate alle dinamiche della questione Ecumenica. E molti tra questi seguono &hellip; <\/p>\n","protected":false},"author":1,"featured_media":0,"comment_status":"open","ping_status":"open","sticky":false,"template":"","format":"standard","meta":{"footnotes":""},"categories":[56,1],"tags":[426,188,169,32],"class_list":["post-14406","post","type-post","status-publish","format-standard","hentry","category-servizi-attivita-ecumeniche","category-senza-categoria","tag-cultura","tag-dialogo-interreligioso","tag-ebraismo","tag-ecumenismo"],"_links":{"self":[{"href":"https:\/\/www.carlofrancio.net\/index.php?rest_route=\/wp\/v2\/posts\/14406","targetHints":{"allow":["GET"]}}],"collection":[{"href":"https:\/\/www.carlofrancio.net\/index.php?rest_route=\/wp\/v2\/posts"}],"about":[{"href":"https:\/\/www.carlofrancio.net\/index.php?rest_route=\/wp\/v2\/types\/post"}],"author":[{"embeddable":true,"href":"https:\/\/www.carlofrancio.net\/index.php?rest_route=\/wp\/v2\/users\/1"}],"replies":[{"embeddable":true,"href":"https:\/\/www.carlofrancio.net\/index.php?rest_route=%2Fwp%2Fv2%2Fcomments&post=14406"}],"version-history":[{"count":28,"href":"https:\/\/www.carlofrancio.net\/index.php?rest_route=\/wp\/v2\/posts\/14406\/revisions"}],"predecessor-version":[{"id":14437,"href":"https:\/\/www.carlofrancio.net\/index.php?rest_route=\/wp\/v2\/posts\/14406\/revisions\/14437"}],"wp:attachment":[{"href":"https:\/\/www.carlofrancio.net\/index.php?rest_route=%2Fwp%2Fv2%2Fmedia&parent=14406"}],"wp:term":[{"taxonomy":"category","embeddable":true,"href":"https:\/\/www.carlofrancio.net\/index.php?rest_route=%2Fwp%2Fv2%2Fcategories&post=14406"},{"taxonomy":"post_tag","embeddable":true,"href":"https:\/\/www.carlofrancio.net\/index.php?rest_route=%2Fwp%2Fv2%2Ftags&post=14406"}],"curies":[{"name":"wp","href":"https:\/\/api.w.org\/{rel}","templated":true}]}}