{"id":1391,"date":"2009-04-18T20:23:27","date_gmt":"2009-04-18T19:23:27","guid":{"rendered":"https:\/\/www.carlofrancio.net\/blog\/?p=1391"},"modified":"2009-04-18T20:23:27","modified_gmt":"2009-04-18T19:23:27","slug":"zingari-e-citta-lincontro-con-le-scuole","status":"publish","type":"post","link":"https:\/\/www.carlofrancio.net\/?p=1391","title":{"rendered":"ZINGARI E CITTA&#039; &#8211; L&#039;incontro con le scuole"},"content":{"rendered":"<p><a href=\"https:\/\/www.carlofrancio.net\/blog\/wp-content\/uploads\/2009\/04\/18042009542.jpg\"><img loading=\"lazy\" decoding=\"async\" class=\"alignleft size-medium wp-image-1394\" title=\"18042009542\" src=\"https:\/\/www.carlofrancio.net\/blog\/wp-content\/uploads\/2009\/04\/18042009542-300x225.jpg\" alt=\"18042009542\" width=\"300\" height=\"225\" \/><\/a><\/p>\n<p>Veramente affollato il &#8220;Salone delle Bandiere&#8221;. Tanti giovani studenti che hanno evidenziato la loro partecipazione con un lodevole atteggiamento di attenzione e coinvolgimento nello svolgersi dell&#8217;intervento di Mons. Piero Gabella- presidente del CCIT. Parlando dell&#8217;elemosina, essa viene &#8216;attivata dai ROM solo nello stato di impellente necessit\u00e0, al contrario di altre Istituzioni.<\/p>\n<p><a href=\"https:\/\/www.carlofrancio.net\/blog\/wp-content\/uploads\/2009\/04\/18042009547.jpg\"><img loading=\"lazy\" decoding=\"async\" class=\"size-medium wp-image-1399 alignright\" title=\"18042009547\" src=\"https:\/\/www.carlofrancio.net\/blog\/wp-content\/uploads\/2009\/04\/18042009547-300x225.jpg\" alt=\"18042009547\" width=\"300\" height=\"225\" \/><\/a><\/p>\n<p>La capacit\u00e0 dell&#8217;oratore di catturarne l&#8217;attenzione \u00e8 ancor pi\u00f9 evidenziata dalle\u00a0molte domande postegli alla fine dell&#8217;intervento.<\/p>\n<p>Nell&#8217;altro incontro pomeridiano nell&#8217;ambito della Tenda della Pace: Attualit\u00e0 ancora Mons. Piero Gabella sottolineava come il Popolo Rom ripudiasse la guerra e come non si sia mai preparato per combatterne alcuna. Anzi &#8230;<\/p>\n<p><a href=\"https:\/\/www.carlofrancio.net\/blog\/wp-content\/uploads\/2009\/04\/18042009543.jpg\"><img loading=\"lazy\" decoding=\"async\" class=\"alignleft size-medium wp-image-1395\" title=\"18042009543\" src=\"https:\/\/www.carlofrancio.net\/blog\/wp-content\/uploads\/2009\/04\/18042009543-300x225.jpg\" alt=\"18042009543\" width=\"180\" height=\"135\" \/><\/a><\/p>\n","protected":false},"excerpt":{"rendered":"<p>Veramente affollato il &#8220;Salone delle Bandiere&#8221;. Tanti giovani studenti che hanno evidenziato la loro partecipazione con un lodevole atteggiamento di attenzione e coinvolgimento nello svolgersi dell&#8217;intervento di Mons. Piero Gabella- &hellip; <\/p>\n","protected":false},"author":2,"featured_media":0,"comment_status":"open","ping_status":"open","sticky":false,"template":"","format":"standard","meta":{"footnotes":""},"categories":[54,6,8,66],"tags":[425,426,52],"class_list":["post-1391","post","type-post","status-publish","format-standard","hentry","category-arcidiocesi-di-messina","category-chiesa_cattolica","category-comunita-delle-suore-francescane-dei-poveri-di-messina","category-ufficio-migrantes","tag-chiesa_cattolica","tag-cultura","tag-volontariato"],"_links":{"self":[{"href":"https:\/\/www.carlofrancio.net\/index.php?rest_route=\/wp\/v2\/posts\/1391","targetHints":{"allow":["GET"]}}],"collection":[{"href":"https:\/\/www.carlofrancio.net\/index.php?rest_route=\/wp\/v2\/posts"}],"about":[{"href":"https:\/\/www.carlofrancio.net\/index.php?rest_route=\/wp\/v2\/types\/post"}],"author":[{"embeddable":true,"href":"https:\/\/www.carlofrancio.net\/index.php?rest_route=\/wp\/v2\/users\/2"}],"replies":[{"embeddable":true,"href":"https:\/\/www.carlofrancio.net\/index.php?rest_route=%2Fwp%2Fv2%2Fcomments&post=1391"}],"version-history":[{"count":0,"href":"https:\/\/www.carlofrancio.net\/index.php?rest_route=\/wp\/v2\/posts\/1391\/revisions"}],"wp:attachment":[{"href":"https:\/\/www.carlofrancio.net\/index.php?rest_route=%2Fwp%2Fv2%2Fmedia&parent=1391"}],"wp:term":[{"taxonomy":"category","embeddable":true,"href":"https:\/\/www.carlofrancio.net\/index.php?rest_route=%2Fwp%2Fv2%2Fcategories&post=1391"},{"taxonomy":"post_tag","embeddable":true,"href":"https:\/\/www.carlofrancio.net\/index.php?rest_route=%2Fwp%2Fv2%2Ftags&post=1391"}],"curies":[{"name":"wp","href":"https:\/\/api.w.org\/{rel}","templated":true}]}}