{"id":1338,"date":"2009-04-17T10:14:29","date_gmt":"2009-04-17T09:14:29","guid":{"rendered":"https:\/\/www.carlofrancio.net\/blog\/?p=1338"},"modified":"2009-04-17T10:14:29","modified_gmt":"2009-04-17T09:14:29","slug":"un-popolo-con-i-suoi-diritti_solidarieta_accoglienza-un-momento-di-riflessione-ed-approfondimento","status":"publish","type":"post","link":"https:\/\/www.carlofrancio.net\/?p=1338","title":{"rendered":"Un Popolo con i suoi Diritti_Solidariet\u00e0_Accoglienza &#8211; un momento di riflessione ed approfondimento"},"content":{"rendered":"<h4><a href=\"https:\/\/www.carlofrancio.net\/blog\/wp-content\/uploads\/2009\/04\/copertina_zingari1.jpg\"><img loading=\"lazy\" decoding=\"async\" class=\"size-medium wp-image-1344 alignright\" title=\"copertina_zingari1\" src=\"https:\/\/www.carlofrancio.net\/blog\/wp-content\/uploads\/2009\/04\/copertina_zingari1-300x208.jpg\" alt=\"copertina_zingari1\" width=\"300\" height=\"208\" \/><\/a><span style=\"color: #ff0000;\">INCONTRI<\/span><\/h4>\n<h2><span style=\"color: #0000ff;\">ZINGARI E CITT\u00c0<\/span><\/h2>\n<h3><span style=\"color: #3366ff;\">diritti, solidariet\u00e0, accoglienza<\/span><\/h3>\n<h3>\u00a0Messina, 17 &#8211; 18 aprile 2009\u00a0\u00a0\u00a0<\/h3>\n<ul>\n<li><strong>Venerd\u00ec 17 aprile, dalle ore 10.00 alle ore 13.00, <\/strong>presso l&#8217;Aula Magna della Presidenza della Facolt\u00e0 di Scienze Politiche (Piazza XX Settembre): <strong>incontro con l&#8217;Universit\u00e0 di Messina<\/strong>;<\/li>\n<li><strong>Venerd\u00ec 17 aprile, dalle ore 17.00 alle ore 20.00<\/strong>, presso il Salone delle Bandiere di Palazzo Zanca: <strong>incontro con la citt\u00e0<\/strong>;<\/li>\n<li><strong>Sabato 18 aprile, dalle ore 9.00 alle ore 13.00, <\/strong>presso il salone delle Bandiere di Palazzo Zanca: <strong>incontro con le scuole<\/strong>. Programma ed informazioni &gt; cliccare su<\/li>\n<\/ul>\n<p><!--more--><\/p>\n<p align=\"left\">Interverranno <strong>mons. Piero GABELLA, <\/strong>Presidente del C.C.I.T. &#8211; Comit\u00e8 Catholique Internazional Tzigane, la <strong>dott.ssa Carlotta SALETTI SALZA, <\/strong>dell&#8217;Universit\u00e0 di Torino e la <strong>dott.ssa Sabrina TOSI<\/strong>dell&#8217;Universit\u00e0 di Firenze, autrici della ricerca su Rom e Sinti, commissionata dalla CAMBINI, Fondazione Migrantes.<\/p>\n<p align=\"left\">Mons. GABELLA, che da anni vive in un campo nomadi, approfondir\u00e0 il tema degli incontri &#8220;ZINGARI E CITT\u00c0: diritti, solidariet\u00e0, accoglienza&#8221;, offrendo l&#8217;opportunit\u00e0 ai partecipanti di ascoltare la voce di una Chiesa che vive &#8220;dentro&#8221; il popolo degli zingari, un punto di vista, dunque, privilegiato, perch\u00e9 derivante da un&#8217;esperienza vissuta.<\/p>\n<p align=\"left\">A seguire, la dott.ssa SALETTI SALZA e la dott.ssa TOSI CAMBINI illustreranno i risultati della ricerca, commissionata al Dipartimento di Psicologia e Antropologia culturale dell&#8217;Universit\u00e0 di Verona ed articolata in due diversi studi: il primo, volto a verificare quanti bambini figli di rom o sinti siano stati dati in affidamento e\/o adozione a famiglie gag\u00e9 (cos\u00ec i roman\u00ec chiamano i non roman\u00ec); il secondo, gi\u00e0 edito con il titolo &#8220;La zingara rapitrice. Racconti, denunce, sentenze (1986-2007)&#8221;, incentrato sui presunti casi di tentata sottrazione di minori gag\u00e9 da parte di rom.<\/p>\n<p align=\"left\">I risultati illustrati sorprenderanno molti e dimostreranno come purtroppo spesso una societ\u00e0 crea dei miti che rappresentano il contrario di quanto avviene nella realt\u00e0.<\/p>\n<div><strong><\/strong><\/div>\n<div><strong><\/strong><\/div>\n<div><strong><\/strong><\/div>\n<div><strong><\/strong><\/div>\n<div><strong><\/strong><\/div>\n<div><strong><\/strong><\/div>\n<div><strong><\/strong><\/div>\n<p align=\"left\">Per informazioni:<\/p>\n<p>\u00a0sr. Gabriella D&#8217;AGOSTINO cell. 347.1217590; fax 090.6684224; e-mail: sfpmessina@tin.it<\/p>\n<p>\u00a0diac. Santino TORNESI cell. 338.2017995; fax 090.6684318; e-mail: migrantes.me@tiscali.it<\/p>\n<p align=\"left\">Arcidiocesi di Messina Lipari S. Lucia del Mela<\/p>\n<p>Caritas diocesana Ufficio Migrantes<\/p>\n<p align=\"left\">COMUNICATO STAMPA\u00a0<\/p>\n<p align=\"left\">Nei giorni di venerd\u00ec 17 e sabato 18 aprile, a Messina si terranno tre incontri dal titolo &#8220;ZINGARI E CITT\u00c0: diritti, solidariet\u00e0, accoglienza&#8221;, organizzati dalla Caritas e dall&#8217;Ufficio Migrantes, organismi pastorali dell&#8217;Arcidiocesi di Messina Lipari Santa Lucia del Mela, in collaborazione con la Comunit\u00e0 delle Suore Francescane dei Poveri di Messina:\u00a0<\/p>\n<p align=\"left\"><!--more--><\/p>\n<p><a href=\"https:\/\/www.carlofrancio.net\/blog\/wp-content\/uploads\/2009\/04\/comunicato-stampa-zingari.jpg\"><img loading=\"lazy\" decoding=\"async\" class=\"alignleft size-full wp-image-1342\" title=\"comunicato-stampa-zingari\" src=\"https:\/\/www.carlofrancio.net\/blog\/wp-content\/uploads\/2009\/04\/comunicato-stampa-zingari.jpg\" alt=\"comunicato-stampa-zingari\" width=\"540\" height=\"762\" \/><\/a><\/p>\n","protected":false},"excerpt":{"rendered":"<p>INCONTRI ZINGARI E CITT\u00c0 diritti, solidariet\u00e0, accoglienza \u00a0Messina, 17 &#8211; 18 aprile 2009\u00a0\u00a0\u00a0 Venerd\u00ec 17 aprile, dalle ore 10.00 alle ore 13.00, presso l&#8217;Aula Magna della Presidenza della Facolt\u00e0 di &hellip; <\/p>\n","protected":false},"author":2,"featured_media":0,"comment_status":"open","ping_status":"open","sticky":false,"template":"","format":"standard","meta":{"footnotes":""},"categories":[61],"tags":[425,426,52],"class_list":["post-1338","post","type-post","status-publish","format-standard","hentry","category-caritas-diocesana","tag-chiesa_cattolica","tag-cultura","tag-volontariato"],"_links":{"self":[{"href":"https:\/\/www.carlofrancio.net\/index.php?rest_route=\/wp\/v2\/posts\/1338","targetHints":{"allow":["GET"]}}],"collection":[{"href":"https:\/\/www.carlofrancio.net\/index.php?rest_route=\/wp\/v2\/posts"}],"about":[{"href":"https:\/\/www.carlofrancio.net\/index.php?rest_route=\/wp\/v2\/types\/post"}],"author":[{"embeddable":true,"href":"https:\/\/www.carlofrancio.net\/index.php?rest_route=\/wp\/v2\/users\/2"}],"replies":[{"embeddable":true,"href":"https:\/\/www.carlofrancio.net\/index.php?rest_route=%2Fwp%2Fv2%2Fcomments&post=1338"}],"version-history":[{"count":0,"href":"https:\/\/www.carlofrancio.net\/index.php?rest_route=\/wp\/v2\/posts\/1338\/revisions"}],"wp:attachment":[{"href":"https:\/\/www.carlofrancio.net\/index.php?rest_route=%2Fwp%2Fv2%2Fmedia&parent=1338"}],"wp:term":[{"taxonomy":"category","embeddable":true,"href":"https:\/\/www.carlofrancio.net\/index.php?rest_route=%2Fwp%2Fv2%2Fcategories&post=1338"},{"taxonomy":"post_tag","embeddable":true,"href":"https:\/\/www.carlofrancio.net\/index.php?rest_route=%2Fwp%2Fv2%2Ftags&post=1338"}],"curies":[{"name":"wp","href":"https:\/\/api.w.org\/{rel}","templated":true}]}}