{"id":11927,"date":"2012-04-21T09:08:07","date_gmt":"2012-04-21T09:08:07","guid":{"rendered":"https:\/\/www.carlofrancio.net\/?p=11927"},"modified":"2012-04-21T11:11:19","modified_gmt":"2012-04-21T11:11:19","slug":"messina-ascoltatori-protagonisti-atti-214-40","status":"publish","type":"post","link":"https:\/\/www.carlofrancio.net\/?p=11927","title":{"rendered":"Messina &#8211; \u00abASCOLTATORI &#8211; PROTAGONISTI\u00bb Atti 2,14-40"},"content":{"rendered":"<p style=\"text-align: left;\" align=\"center\"><strong><strong><a href=\"https:\/\/www.carlofrancio.net\/?attachment_id=11940\" rel=\"attachment wp-att-11940\"><img loading=\"lazy\" decoding=\"async\" class=\"alignleft size-medium wp-image-11940\" title=\"2012_04_19-Parr_S_M-Consolazione-SAE-Suor_Tarcisia-\" src=\"https:\/\/www.carlofrancio.net\/wp-content\/uploads\/2012\/04\/IMG_0001-320x240.jpg\" alt=\"\" width=\"320\" height=\"240\" srcset=\"https:\/\/www.carlofrancio.net\/wp-content\/uploads\/2012\/04\/IMG_0001-320x240.jpg 320w, https:\/\/www.carlofrancio.net\/wp-content\/uploads\/2012\/04\/IMG_0001-640x480.jpg 640w, https:\/\/www.carlofrancio.net\/wp-content\/uploads\/2012\/04\/IMG_0001.jpg 800w\" sizes=\"auto, (max-width: 320px) 100vw, 320px\" \/><\/a>Gioved\u00ec<span style=\"color: #ff00ff;\"> 19 aprile 2012<\/span>\u00a0<strong>si \u00e8 svolto u<\/strong><\/strong>n incontro di vera &#8220;formazione&#8221; e di vera &#8220;preghiera&#8221; &#8211; \u00a0era<\/strong><strong>\u00a0<\/strong><strong>il <span style=\"color: #ff00ff;\">4\u00b0 incontro sugli ATTI degli Apostoli<\/span> proposto dal <span style=\"color: #008000;\">SAE<\/span> e dal Parroco di<span style=\"color: #800080;\"> S. Maria della Consolazione<\/span>, <span style=\"color: #0000ff;\">Padre Marcellino Pane<\/span>, che ci ha a<strong>ccolti,<\/strong>\u00a0insieme alla sua comunit\u00e0 parrocchiale, con semplicit\u00e0 e <strong>fraternit\u00e0,\u00a0<\/strong>coerentemente a chi crede nel Vangelo e nell&#8217;Uomo. Uguale accoglienza ha ricevuto\u00a0<\/strong><span style=\"color: #0000ff;\">\u00a0suor<\/span>\u00a0<strong><span style=\"color: #0000ff;\">Tarcisia Carnieletto<\/span>\u00a0<span style=\"color: #0000ff;\">fmm<\/span> che ha dato un &#8216;sapore speciale ad un avvenimento ecclesiale. Disporsi in cerchio, con la possibilit\u00e0 di mettere, ciascuno di noi, gli occhi ed il cuore negli occhi e nel cuore dell&#8217;altro. Un modo semplice e diretto per affrontare un brano degli Atti 2,14-20, letto e commentato a piccole dosi, da due componenti dell&#8217;Assemblea. Questa modalit\u00e0, ha avuto il pregio di favorire la chiarezza dell&#8217;esposizione, apprezzata da tutti i partecipanti. In questo contesto <span style=\"color: #0000ff;\">Carmelo Labate<\/span> (<span style=\"color: #339966;\">coordinatore SAE<\/span>), ha limitato il suo apporto a chiarire l&#8217;acronimo <a href=\"https:\/\/www.carlofrancio.net\/?attachment_id=11941\" rel=\"attachment wp-att-11941\"><img loading=\"lazy\" decoding=\"async\" class=\"alignleft size-medium wp-image-11941\" title=\"2012_04_19-Parr_S_M-Consolazione-SAE-Suor_Tarcisia-\" src=\"https:\/\/www.carlofrancio.net\/wp-content\/uploads\/2012\/04\/IMG_0003-320x240.jpg\" alt=\"\" width=\"320\" height=\"240\" srcset=\"https:\/\/www.carlofrancio.net\/wp-content\/uploads\/2012\/04\/IMG_0003-320x240.jpg 320w, https:\/\/www.carlofrancio.net\/wp-content\/uploads\/2012\/04\/IMG_0003-640x480.jpg 640w, https:\/\/www.carlofrancio.net\/wp-content\/uploads\/2012\/04\/IMG_0003.jpg 800w\" sizes=\"auto, (max-width: 320px) 100vw, 320px\" \/><\/a><span style=\"color: #008000;\">S.A.E.<\/span> ed ad una apprezzata riflessione chiarificatrice del testo.<\/strong><\/p>\n<p style=\"text-align: left;\" align=\"center\"><strong> Arricchente anche l&#8217;ultima riflessione da &#8216;Ospite di <span style=\"color: #0000ff;\">Padre Marcellino<\/span>, che si \u00e8 soffermato sul Valore Universale della creatura Uomo, ricordando anche i 50 anni dall&#8217;inizio del Concilio Vaticano II (ottobre 1962) ed il Papa <span style=\"color: #000080;\">PAOLO VI<\/span>. L&#8217;appello conclusivo della splendida relazione di Suor <span style=\"color: #0000ff;\">Tarcisia<\/span> \u00e8 stato quello di&#8230; <span style=\"color: #000080;\">diventare cristiani<\/span>. <\/strong><\/p>\n<p style=\"text-align: left;\" align=\"center\"><span style=\"color: #800080;\"><strong>Cosa (NOI) dobbiamo fare per diventare cristiano e presentarci al mondo come comunit\u00e0 di fede?<\/strong><\/span><\/p>\n<p style=\"text-align: left;\" align=\"center\"><span style=\"color: #800000;\"><strong><span style=\"text-decoration: underline;\">La remissione dei peccat<\/span><\/strong><\/span>i, che chiude con il passato, <span style=\"text-decoration: underline;\"><strong><span style=\"color: #800000; text-decoration: underline;\">il battesimo<\/span><\/strong><\/span>, che innesta nel futuro di <span style=\"color: #000080;\"><strong>Cristo<\/strong><\/span> rende possibile la convergenza delle diversit\u00e0.<\/p>\n<p style=\"text-align: left;\" align=\"center\"><span style=\"color: #800080;\"><span style=\"color: #800000;\"><strong>L&#8217;agor\u00e0 interreligiosa<\/strong><\/span>, che si impone oggi a livello epocale, indica la necessit\u00e0 per il <a href=\"https:\/\/www.carlofrancio.net\/?attachment_id=11942\" rel=\"attachment wp-att-11942\"><span style=\"color: #800080;\"><img loading=\"lazy\" decoding=\"async\" class=\"alignleft size-medium wp-image-11942\" title=\"2012_04_19-Parr_S_M-Consolazione-SAE-Suor_Tarcisia-\" src=\"https:\/\/www.carlofrancio.net\/wp-content\/uploads\/2012\/04\/IMG_0015-320x240.jpg\" alt=\"\" width=\"320\" height=\"240\" srcset=\"https:\/\/www.carlofrancio.net\/wp-content\/uploads\/2012\/04\/IMG_0015-320x240.jpg 320w, https:\/\/www.carlofrancio.net\/wp-content\/uploads\/2012\/04\/IMG_0015-640x480.jpg 640w, https:\/\/www.carlofrancio.net\/wp-content\/uploads\/2012\/04\/IMG_0015.jpg 800w\" sizes=\"auto, (max-width: 320px) 100vw, 320px\" \/><\/span><\/a>cristiano d&#8217;impegnarsi non pi\u00f9 nella ricerca di forme rassicuranti, ma in un esodo permanente, nella ricerca di spazi di intesa e convivenza in cui le diversit\u00e0 si possano confrontare e ridimensionarsi a vicenda.<\/span><\/p>\n<p style=\"text-align: left;\" align=\"center\"><span style=\"color: #993366;\">Ricco il dialogo alla fine della relazione, in cui si espresso il gradimento per l&#8217;incontro e la sottolineatura di due affermazioni sul <span style=\"color: #ff6600;\"><strong>&#8220;Timore di Dio&#8221;<\/strong><\/span>, \u00a0e sulla difficolt\u00e0 a rendere \u00a0 &#8216;giustizia esplicita ai nostri sentimenti, specialmente i giovani hanno difficolt\u00e0 ad esprimere la loro interiorit\u00e0..<\/span><\/p>\n<p style=\"text-align: left;\" align=\"center\"><strong><span style=\"color: #ff6600;\">\u00abIl &#8220;Timore di Dio&#8221;, \u00e8 uno dei sette Doni dello Spirito Santo nel sacramento della Confermazione. Gi\u00e0 nell&#8217;A.T. nel libro del Siracide, viene sottolineato che &#8230;&#8221;Radice della sapienza e temere Dio&#8221;. Ma Ges\u00f9 &#8216;completa la Sapienza con l&#8217;Amore del Padre. Ecco che allora il &#8220;Timore di Dio&#8221; diventa il &#8216;centro a cui tendere per vivere in pienezza il mistero della <a href=\"https:\/\/www.carlofrancio.net\/?attachment_id=11943\" rel=\"attachment wp-att-11943\"><img loading=\"lazy\" decoding=\"async\" class=\"alignright size-medium wp-image-11943\" title=\"2012_04_19-Parr_S_M-Consolazione-SAE-Suor_Tarcisia-\" src=\"https:\/\/www.carlofrancio.net\/wp-content\/uploads\/2012\/04\/IMG_0019-320x240.jpg\" alt=\"\" width=\"320\" height=\"240\" srcset=\"https:\/\/www.carlofrancio.net\/wp-content\/uploads\/2012\/04\/IMG_0019-320x240.jpg 320w, https:\/\/www.carlofrancio.net\/wp-content\/uploads\/2012\/04\/IMG_0019-640x480.jpg 640w, https:\/\/www.carlofrancio.net\/wp-content\/uploads\/2012\/04\/IMG_0019.jpg 800w\" sizes=\"auto, (max-width: 320px) 100vw, 320px\" \/><\/a>umana Vita, non paura, ma fiducioso abbandono tra le solide braccia del Cristo Risorto.\u00bb<\/span><\/strong><\/p>\n<p style=\"text-align: left;\" align=\"center\"><span style=\"color: #ff00ff;\"><strong>L&#8217;Ospitalit\u00e0 \u00e8 stata completata dalla&#8230; fraterna condivisione dell&#8217;opera delle <span style=\"color: #003300;\">Donne<\/span> della Comunit\u00e0, che ci hanno fatto gustare torte e biscotti fatti in casa. <span style=\"color: #003300;\">GRAZIE!<\/span>!<span style=\"color: #003300;\">!<\/span><\/strong><\/span><\/p>\n<p>Suor\u00a0<strong><span style=\"color: #0000ff;\">Tarcisia Carnieletto<\/span>\u00a0fmm &#8211;\u00a0<\/strong>Direttore dell\u2019Ufficio per il dialogo ecumenico e interreligioso-Arcidiocesi di Messina, Lipari e Pace del Mela<\/p>\n<p style=\"text-align: left;\" align=\"center\"><strong><span style=\"color: #003300;\">S.A.E<\/span>. &#8211; <span style=\"color: #008000;\">Segretariato Attivit\u00e0 Ecumeniche &#8220;E. Cialla&#8221; &#8211; Messina<\/span><\/strong><\/p>\n<h2 style=\"text-align: left;\" align=\"center\"><a title=\"ASCOLTATORI-PROTAGONISTI\" href=\"https:\/\/www.carlofrancio.net\/?attachment_id=11959\" target=\"_blank\"><span style=\"color: #0000ff;\">L&#8217;intervento scritto di Suor Tarcisia<\/span><\/a><\/h2>\n<p><object style=\"height: 390px; width: 640px;\" width=\"640\" height=\"360\" classid=\"clsid:d27cdb6e-ae6d-11cf-96b8-444553540000\" codebase=\"http:\/\/download.macromedia.com\/pub\/shockwave\/cabs\/flash\/swflash.cab#version=6,0,40,0\"><param name=\"allowFullScreen\" value=\"true\" \/><param name=\"allowScriptAccess\" value=\"always\" \/><param name=\"src\" value=\"http:\/\/www.youtube.com\/v\/rYCYt8B1w3M?version=3&amp;feature=player_detailpage\" \/><param name=\"allowfullscreen\" value=\"true\" \/><param name=\"allowscriptaccess\" value=\"always\" \/><embed style=\"height: 390px; width: 640px;\" width=\"640\" height=\"360\" type=\"application\/x-shockwave-flash\" src=\"http:\/\/www.youtube.com\/v\/rYCYt8B1w3M?version=3&amp;feature=player_detailpage\" allowFullScreen=\"true\" allowScriptAccess=\"always\" allowfullscreen=\"true\" allowscriptaccess=\"always\" \/><\/object><\/p>\n<h2 align=\"center\"><strong><br \/>\n<\/strong><\/h2>\n","protected":false},"excerpt":{"rendered":"<p>Gioved\u00ec 19 aprile 2012\u00a0si \u00e8 svolto un incontro di vera &#8220;formazione&#8221; e di vera &#8220;preghiera&#8221; &#8211; \u00a0era\u00a0il 4\u00b0 incontro sugli ATTI degli Apostoli proposto dal SAE e dal Parroco di &hellip; <\/p>\n","protected":false},"author":1,"featured_media":11940,"comment_status":"open","ping_status":"open","sticky":false,"template":"","format":"standard","meta":{"footnotes":""},"categories":[3,6,10,16,70,56,1,48],"tags":[426,32,434,106],"class_list":["post-11927","post","type-post","status-publish","format-standard","has-post-thumbnail","hentry","category-asso","category-chiesa_cattolica","category-cultura","category-eventi","category-chiesa-santa-maria-della-consolazione-santo","category-servizi-attivita-ecumeniche","category-senza-categoria","category-sociale","tag-cultura","tag-ecumenismo","tag-promozione-umana","tag-solidarieta-volontariato"],"_links":{"self":[{"href":"https:\/\/www.carlofrancio.net\/index.php?rest_route=\/wp\/v2\/posts\/11927","targetHints":{"allow":["GET"]}}],"collection":[{"href":"https:\/\/www.carlofrancio.net\/index.php?rest_route=\/wp\/v2\/posts"}],"about":[{"href":"https:\/\/www.carlofrancio.net\/index.php?rest_route=\/wp\/v2\/types\/post"}],"author":[{"embeddable":true,"href":"https:\/\/www.carlofrancio.net\/index.php?rest_route=\/wp\/v2\/users\/1"}],"replies":[{"embeddable":true,"href":"https:\/\/www.carlofrancio.net\/index.php?rest_route=%2Fwp%2Fv2%2Fcomments&post=11927"}],"version-history":[{"count":29,"href":"https:\/\/www.carlofrancio.net\/index.php?rest_route=\/wp\/v2\/posts\/11927\/revisions"}],"predecessor-version":[{"id":11950,"href":"https:\/\/www.carlofrancio.net\/index.php?rest_route=\/wp\/v2\/posts\/11927\/revisions\/11950"}],"wp:featuredmedia":[{"embeddable":true,"href":"https:\/\/www.carlofrancio.net\/index.php?rest_route=\/wp\/v2\/media\/11940"}],"wp:attachment":[{"href":"https:\/\/www.carlofrancio.net\/index.php?rest_route=%2Fwp%2Fv2%2Fmedia&parent=11927"}],"wp:term":[{"taxonomy":"category","embeddable":true,"href":"https:\/\/www.carlofrancio.net\/index.php?rest_route=%2Fwp%2Fv2%2Fcategories&post=11927"},{"taxonomy":"post_tag","embeddable":true,"href":"https:\/\/www.carlofrancio.net\/index.php?rest_route=%2Fwp%2Fv2%2Ftags&post=11927"}],"curies":[{"name":"wp","href":"https:\/\/api.w.org\/{rel}","templated":true}]}}