{"id":116691,"date":"2022-09-16T04:46:44","date_gmt":"2022-09-16T02:46:44","guid":{"rendered":"https:\/\/www.carlofrancio.net\/?p=116691"},"modified":"2022-09-18T05:18:05","modified_gmt":"2022-09-18T03:18:05","slug":"reggio-calabria-planetarium-pythagoras-%e3%80%8a-angeli-e-demoni-lirrazionale-nella-storia-della-scienza%e3%80%8b","status":"publish","type":"post","link":"https:\/\/www.carlofrancio.net\/?p=116691","title":{"rendered":"Reggio Calabria &#8211; Planetarium Pythagoras &#8211; \u300a Angeli e demoni. L\u2019irrazionale nella storia della scienza\u300b"},"content":{"rendered":"<p><a href=\"https:\/\/www.carlofrancio.net\/wp-content\/uploads\/2015\/08\/LOGO-PLA-e1466365970448.jpg\"><img loading=\"lazy\" decoding=\"async\" class=\"size-medium wp-image-21807\" src=\"https:\/\/www.carlofrancio.net\/wp-content\/uploads\/2015\/08\/LOGO-PLA-320x69.jpg\" alt=\"\" width=\"320\" height=\"69\" \/><\/a><\/p>\n<h4 style=\"text-align: center;\"><span style=\"color: #ff00ff;\"><span style=\"color: #808000;\">Venerd\u00ec<\/span> 16 <span style=\"color: #808000;\">settembre<\/span>\u00a02022 <span style=\"color: #808000;\">ore<\/span> 21.00<\/span><\/h4>\n<h4 style=\"text-align: center;\"><span style=\"color: #333399;\">Planetarium Pithagoras<\/span><\/h4>\n<h5 style=\"text-align: center;\"><span style=\"color: #993300;\">Citt\u00e0 Metropolitana di Reggio Calabria<\/span><\/h5>\n<h2 style=\"text-align: center;\"><span style=\"color: #3366ff;\"><span style=\"color: #ff0000;\">\u00ab<\/span> <span style=\"color: #ff6600;\">Angeli e demoni<\/span>.<span style=\"color: #ff6600;\"> L\u2019irrazionale nella storia della scienza<\/span>\u00a0<span style=\"color: #ff0000;\">\u00bb<\/span><\/span><\/h2>\n<p class=\"western\" align=\"center\"><span style=\"font-size: large; color: #0000ff;\"><b>Prof. Gianfranco Cord\u00ec<\/b><\/span><\/p>\n<p class=\"western\" align=\"justify\">Venerd\u00ec 16 settembre, alle ore 21.00, presso il Planetarium Pythagoras Citt\u00e0 Metropolitana di Reggio Calabria si terr\u00e0 la conferenza: \u201cAngeli e demoni. L\u2019irrazionale nella storia della scienza\u201d.<\/p>\n<p class=\"western\" align=\"justify\"><span style=\"color: #003366;\">A relazionare sar\u00e0 il<\/span> <span style=\"color: #0000ff;\">prof. Gianfranco <strong>Cord\u00ec<\/strong><\/span>, pHd presso l\u2019<strong><span style=\"color: #993300;\">Universit\u00e0 di Catania<\/span><\/strong>, <span style=\"color: #003366;\">introdotto<\/span> <span style=\"color: #003366;\">dal responsabile scientifico dello stesso<\/span> <span style=\"color: #000080;\"><strong>Planetario<\/strong><\/span>, <span style=\"color: #0000ff;\">prof.ssa Angela <strong>Misiano<\/strong>.<\/span><\/p>\n<p class=\"western\" align=\"justify\"><span style=\"color: #0000ff;\">Il prof. <strong>Cord\u00ec<\/strong><\/span> &#8211; <span style=\"color: #008080;\">partendo dal romanzo di<\/span> <strong><span style=\"color: #0000ff;\">Dan Brown<\/span> <i><span style=\"color: #ff6600;\">Angeli e demoni<\/span> <\/i><\/strong>&#8211; <span style=\"color: #008080;\">illustrer\u00e0 il \u00abpercorso\u00bb della storia della scienza \u00abmoderna\u00bb (cio\u00e8 quella nata a partire da<\/span> <strong><span style=\"color: #0000ff;\">Cartesio<\/span><\/strong> e <strong><span style=\"color: #0000ff;\">Galileo<\/span><\/strong>) <span style=\"color: #008080;\">\u00abattraverso\u00bb i due \u00abparadigmi\u00bb degli \u00abangeli\u00bb (i grandi scienziati che hanno realizzato la \u00abscoperta\u00bb <i>scientifica<\/i>) e dei \u00abdemoni\u00bb (l\u2019avvento dell\u2019\u00abirrazionalit\u00e0\u00bb nel corso stesso del \u00abdibattito\u00bb scientifico:<\/span> <span style=\"color: #ff99cc;\">il demone di<\/span> <strong><span style=\"color: #0000ff;\">Cartesio<\/span><\/strong>, <span style=\"color: #ff99cc;\">il diavoletto di<\/span> <strong><span style=\"color: #0000ff;\">Maxwell<\/span><\/strong>, il demone di <strong><span style=\"color: #0000ff;\">Laplace<\/span><\/strong>).<\/p>\n<p class=\"western\" align=\"justify\"><span style=\"color: #800080;\">In questo senso, l\u2019itinerario che ha condotto alle grandi scoperte contemporanee (onde gravitazionali, bosone di <span style=\"color: #0000ff;\"><strong>Higgs<\/strong><\/span>, quasar, pulsar, buchi neri, il viaggio su <span style=\"color: #800000;\">Marte<\/span> di <span style=\"color: #0000ff;\"><strong>Elon Musk<\/strong><\/span>) \u00e8 \u00abcostellato\u00bb di momenti di qualcosa che assomiglia al metodo (tentativi ed errori) e di qualcosa che assomiglia all&#8217;irrazionale avvento di \u00abdemoni\u00bb anche troppo moderni: internet, il digitale, le nanotecnologie, la microelettronica e la meccanica quantistica!<\/span><\/p>\n<p class=\"western\" align=\"justify\"><span style=\"color: #008080;\">Il prof. <strong><span style=\"color: #0000ff;\">Cord\u00ec<\/span><\/strong>, laureato in \u00ab<span style=\"color: #003300;\">Filosofia della scienza<\/span>\u00bb: esemplificher\u00e0 questo \u00abpercorso\u00bb lungo due direttrici: l\u2019irrazionale come \u00abstrumento\u00bb (\u00abmodelli teorici\u00bb) di ulteriore conoscenza e l\u2019irrazionale come frutto, almeno per il <span style=\"color: #ff00ff;\">XX secolo<\/span>, delle grandi rivoluzioni culturali e politiche: <span style=\"color: #003300;\"><strong>Relativit\u00e0 Generale e Meccanica Quantistica<\/strong><\/span>.<\/span><\/p>\n<p class=\"western\" align=\"justify\"><span style=\"color: #800080;\">La \u00ab<span style=\"color: #003300;\">teoria di Grande Unificazione<\/span>\u00bb fra il micro e il macro, cio\u00e8 fra l\u2019atomo e l\u2019Universo (tanto sognata da <strong><span style=\"color: #0000ff;\">Albert Einstein<\/span><\/strong>) &#8211; e che potrebbe vedersi semplificata, oggi, nella teoria della \u00ab<span style=\"color: #333300;\">Gravit\u00e0 Quantistica<\/span>\u00bb (di <strong><span style=\"color: #0000ff;\">Carlo Rovelli<\/span><\/strong>) non \u00e8 tanto lontana.<\/span><\/p>\n<p class=\"western\" align=\"justify\"><span style=\"color: #008080;\">Se si pensa alla scoperta delle onde gravitazionali e alle conseguenze che potrebbe avere l\u2019impegno \u2013 teorico e pratico-politico \u2013 di <strong><span style=\"color: #0000ff;\">Elon Musk<\/span><\/strong>, si dovrebbe prevedere, per un futuro non troppo lontano l\u2019unificazione tra \u00abangeli\u00bb e \u00abdemoni\u00bb nella figura unica del \u00absimbolo\u00bb (<strong><span style=\"color: #0000ff;\">Jean Baudrillard<\/span><\/strong> li chiamava \u00absimulacri\u00bb) che sarebbe, come per gli americani nel 1969, la \u00ab<span style=\"color: #00ccff;\">luna<\/span>\u00bb vista, non alla maniera di <strong><span style=\"color: #0000ff;\">Giacomo Leopardi<\/span><\/strong>, ma come \u00ab<span style=\"color: #ff9900;\">prospettiva<\/span>\u00bb di un nuovo \u00abincontro\u00bb tra angeli e demoni nel \u00abcielo\u00bb!<\/span><\/p>\n<p class=\"western\" align=\"justify\">Dopo la conferenza seguir\u00e0 lo spettacolo sotto la cupola del Planetario a cura dello staff.<\/p>\n<p class=\"western\" align=\"justify\"><span style=\"color: #ff6600;\">Ingresso libero.<\/span><\/p>\n<p class=\"western\" align=\"justify\"><span style=\"font-size: small;\"><i>Ufficio stampa 14 settembre 2022<\/i><\/span><\/p>\n","protected":false},"excerpt":{"rendered":"<p>Venerd\u00ec 16 settembre\u00a02022 ore 21.00 Planetarium Pithagoras Citt\u00e0 Metropolitana di Reggio Calabria \u00ab Angeli e demoni. L\u2019irrazionale nella storia della scienza\u00a0\u00bb Prof. Gianfranco Cord\u00ec Venerd\u00ec 16 settembre, alle ore 21.00, &hellip; <\/p>\n","protected":false},"author":1,"featured_media":116614,"comment_status":"open","ping_status":"open","sticky":false,"template":"","format":"standard","meta":{"footnotes":""},"categories":[3,10,16,227,48],"tags":[219,101,426,429],"class_list":["post-116691","post","type-post","status-publish","format-standard","has-post-thumbnail","hentry","category-asso","category-cultura","category-eventi","category-planetario-provinciale-pitagora-di-reggio-calabria","category-sociale","tag-astronomia","tag-beni-ambientali","tag-cultura","tag-messina-il-leone-e-il-gallo"],"_links":{"self":[{"href":"https:\/\/www.carlofrancio.net\/index.php?rest_route=\/wp\/v2\/posts\/116691","targetHints":{"allow":["GET"]}}],"collection":[{"href":"https:\/\/www.carlofrancio.net\/index.php?rest_route=\/wp\/v2\/posts"}],"about":[{"href":"https:\/\/www.carlofrancio.net\/index.php?rest_route=\/wp\/v2\/types\/post"}],"author":[{"embeddable":true,"href":"https:\/\/www.carlofrancio.net\/index.php?rest_route=\/wp\/v2\/users\/1"}],"replies":[{"embeddable":true,"href":"https:\/\/www.carlofrancio.net\/index.php?rest_route=%2Fwp%2Fv2%2Fcomments&post=116691"}],"version-history":[{"count":3,"href":"https:\/\/www.carlofrancio.net\/index.php?rest_route=\/wp\/v2\/posts\/116691\/revisions"}],"predecessor-version":[{"id":116693,"href":"https:\/\/www.carlofrancio.net\/index.php?rest_route=\/wp\/v2\/posts\/116691\/revisions\/116693"}],"wp:featuredmedia":[{"embeddable":true,"href":"https:\/\/www.carlofrancio.net\/index.php?rest_route=\/wp\/v2\/media\/116614"}],"wp:attachment":[{"href":"https:\/\/www.carlofrancio.net\/index.php?rest_route=%2Fwp%2Fv2%2Fmedia&parent=116691"}],"wp:term":[{"taxonomy":"category","embeddable":true,"href":"https:\/\/www.carlofrancio.net\/index.php?rest_route=%2Fwp%2Fv2%2Fcategories&post=116691"},{"taxonomy":"post_tag","embeddable":true,"href":"https:\/\/www.carlofrancio.net\/index.php?rest_route=%2Fwp%2Fv2%2Ftags&post=116691"}],"curies":[{"name":"wp","href":"https:\/\/api.w.org\/{rel}","templated":true}]}}