{"id":116324,"date":"2022-04-11T19:47:18","date_gmt":"2022-04-11T17:47:18","guid":{"rendered":"https:\/\/www.carlofrancio.net\/?p=116324"},"modified":"2022-04-11T19:47:18","modified_gmt":"2022-04-11T17:47:18","slug":"san-lorenzo-di-reggio-calabria-siamo-invitati-a-sedere-alla-stessa-tavola-per-gioire-e-rendere-grazie-mentre-arrivano-prese-per-mano-la-primavera-e-la-pasqua","status":"publish","type":"post","link":"https:\/\/www.carlofrancio.net\/?p=116324","title":{"rendered":"San Lorenzo di Reggio Calabria &#8211; Siamo invitati a sedere alla stessa tavola per &#8230; gioire e rendere grazie &#8230; mentre arrivano prese per mano la Primavera e la Pasqua"},"content":{"rendered":"<h6><span style=\"color: #800000;\"><span style=\"color: #ff00ff;\">APRILE 2022<\/span> &#8211; San Lorenzo di Reggio Calabria<\/span>.<\/h6>\n<h6 style=\"text-align: left;\"><span style=\"color: #333399;\">Am\u00e9rica Liuzzo<\/span><\/h6>\n<p style=\"text-align: left;\"><strong>In memoria di vecchia tradizione.<\/strong><\/p>\n<p style=\"text-align: center;\"><span style=\"color: #0000ff;\"><strong>JONICA<\/strong><\/span><\/p>\n<ul>\n<li style=\"text-align: center;\"><span style=\"color: #3366ff;\"><em><strong>Se, frantumati i loro simulacri, <\/strong><\/em><\/span><\/li>\n<li style=\"text-align: center;\"><span style=\"color: #3366ff;\"><em><strong>noi li scacciammo via dai loro templi, <\/strong><\/em><\/span><\/li>\n<li style=\"text-align: center;\"><span style=\"color: #3366ff;\"><em><strong>non sono morti per ci\u00f2 gli dei. <\/strong><\/em><\/span><\/li>\n<li style=\"text-align: center;\"><span style=\"color: #3366ff;\"><em><strong>O terra della Jonia, ancora t&#8217;amano,\u00a0<\/strong><\/em><\/span><\/li>\n<li style=\"text-align: center;\"><span style=\"color: #3366ff;\"><em><strong>l&#8217;anima loro ti ricorda ancora. <\/strong><\/em><\/span><\/li>\n<li style=\"text-align: center;\"><span style=\"color: #3366ff;\"><em><strong>Come aggiorna su te l&#8217;alba d&#8217;agosto, <\/strong><\/em><\/span><\/li>\n<li style=\"text-align: center;\"><span style=\"color: #3366ff;\"><em><strong>nell&#8217;aria varca della loro vita un empito, <\/strong><\/em><\/span><\/li>\n<li style=\"text-align: center;\"><span style=\"color: #3366ff;\"><em><strong>e un&#8217;eterea parvenza d&#8217;efebo, <\/strong><\/em><\/span><\/li>\n<li style=\"text-align: center;\"><span style=\"color: #3366ff;\"><em><strong>indefinita, con passo celere, <\/strong><\/em><\/span><\/li>\n<li style=\"text-align: center;\"><span style=\"color: #3366ff;\"><em><strong>varca talora sulle tue colline<\/strong><\/em><\/span><\/li>\n<li style=\"text-align: center;\"><span style=\"color: #0000ff;\"><strong>(<span style=\"color: #000080;\">Costantino Kavafis<\/span>)<\/strong><\/span><\/li>\n<\/ul>\n<p><span style=\"color: #800080;\"><span style=\"color: #808080;\">Arrivano prese per mano la<\/span> <strong><span style=\"color: #008000;\">Primavera<\/span><\/strong> e la <strong>Pasqua<\/strong>.<\/span><\/p>\n<p><span style=\"color: #003300;\">Siamo nel cuore dell&#8217;<span style=\"color: #993300;\">Aspromonte<\/span>: un gruzzoletto di anime rimaste ed un enorme archivio di memorie in questa -quasi solitaria- vetta della <span style=\"color: #993300;\">Valle del Tuccio<\/span>. Dopo due anni di chiusure e normative antipandemiche, torniamo -con precauzione-, a respirare nell&#8217;aria il dolce profumo di quelle cose che ci sono mancate; cose di cui non avevamo ben capito il senso fino a quando non abbiamo dovuto troncarle dal nostro vivere abituale.<\/span><\/p>\n<p><strong><span style=\"color: #008000;\">Primavera<\/span><\/strong><span style=\"color: #008080;\"> \u00e8 la rinascita del bello. Sin dall&#8217;antichit\u00e0 l&#8217;uomo ha segnato il suo arrivo con aria di festa. In un certo senso, anche la<\/span> <strong><span style=\"color: #800080;\">Pasqua<\/span><\/strong> <span style=\"color: #339966;\">\u00e8 primavera -dell&#8217;anima- direi, e questo vale pure per i ricordi.<\/span><\/p>\n<p><span style=\"color: #808000;\">C&#8217;\u00e8 tanto nella storia di questo antico borgo, nella memoria di chi ancora si affanna ad aggrapparsi ad un vissuto -a volte bello, a volte brutto-, scritto per secoli sulla corteccia e tra i rami invecchiati di un imponente<\/span> <strong><span style=\"color: #003300;\">Olmo<\/span><\/strong> <span style=\"color: #808000;\">al centro della piazza principale.<\/span><\/p>\n<p><span style=\"color: #ff9900;\">Come scrivevo qualche anno fa in altra sede:\u00a0<span style=\"color: #993366;\">Le usanze nascono inconsapevolmente all&#8217;interno di una comunit\u00e0, spinte dal filo invisibile che lega l&#8217;anima all&#8217;amore per la terra. Tradizione non \u00e8 quella cosa che viene presentata pubblicamente come &#8220;evento&#8221;. La vera tradizione \u00e8 il momento che si ripete a scadenza ciclica nel tempo; tutto un susseguirsi di elementi di preparazione e di attesa. La vera tradizione non ha bisogno di esibizione ma di condivisione. La vera tradizione \u00e8 quella che ci accomuna e ci invita a sedere alla stessa tavola per gioire e rendere grazie&#8230;<\/span><\/span><\/p>\n<p><span style=\"color: #800080;\">E a proposito di <span style=\"color: #808000;\">usanze<\/span>, di quei tempi, sentiamo ancora oggi qualche anziano parlare della particolare tradizione delle <strong>Varette<\/strong> della Settimana Santa.<\/span><\/p>\n<p><span style=\"color: #808000;\">Ma cosa sono? Cosa rappresentavano?<\/span> In che modo sono legate alla tradizione del\u00a0 <span style=\"color: #800080;\">Venerd\u00ec della Passione<\/span> in questi nostri borghi calabri? Perch\u00e9 <span style=\"color: #333300;\"><strong>San Lorenzo<\/strong><\/span> non \u00e8 il\u00a0solo, ma rappresenta l&#8217;unico in questo territorio.<\/p>\n<p><span style=\"color: #808000;\">Esse sono Fede, Arte, Vita&#8230; e tanta nostalgia per credenti e non.<\/span><\/p>\n<p><span style=\"color: #003300;\">Le Varette o statue della Passione si possono ammirare a San Lorenzo, all&#8217;interno\u00a0della Chiesa Matrice o Protopapale, dove ormai sono state sistemate in maniera\u00a0definitiva nei vari altari lungo le due navate. Altre invece, recuperate tra i ruderi della\u00a0vecchia Congrega, rimangono nascoste nei locali della sacrestia in attesa di restauro.<\/span><\/p>\n<p><span style=\"color: #003366;\">L&#8217;usanza aveva inizio con le Via Crucis nei venerd\u00ec di quaresima, nella Protopapale, soffermandosi davanti ad ognuna delle meravigliose stampe ottocentesche del francese Pingot e, tra una stazione e un&#8217;altra, la comune preghiera finiva incorniciata dalle straordinarie voci dei fedeli, perloppi\u00f9 donne, che -senza alcuna conoscenza di educazione musicale- riuscivano a sincronizzarsi perfettamente in un<\/span><br \/>\n<span style=\"color: #003366;\">coro polifonico a quattro voci, la cui fama oltrepassava i confini della vallata.<\/span><\/p>\n<ul>\n<li style=\"text-align: center;\"><span style=\"color: #0000ff;\">Se il mio Signor diletto<\/span><\/li>\n<li style=\"text-align: center;\"><span style=\"color: #0000ff;\">A morte hai condannato<\/span><\/li>\n<li style=\"text-align: center;\"><span style=\"color: #0000ff;\">Spiegami almen Pilato<\/span><\/li>\n<li style=\"text-align: center;\"><span style=\"color: #0000ff;\">Qual fosse il suo fallir<\/span><\/li>\n<li style=\"text-align: center;\">(<span style=\"color: #ff6600;\">strofa della I stazione<\/span>)<\/li>\n<\/ul>\n<p><span style=\"color: #003366;\">Infine, giunti al <strong><span style=\"color: #800080;\">Venerd\u00ec Santo<\/span><\/strong>, dopo la veglia davanti all&#8217;altare della deposizione, restavano mute le campane a lutto per <span style=\"color: #ff0000;\"><strong>Nostro Signore<\/strong><\/span>.<\/span><\/p>\n<p><span style=\"color: #800080;\">Passava solo l&#8217;addetto, col suono muto del legno della Troccola, a bandiare l&#8217;inizio della funzione:\u00a0 &#8220;Chista \u00e8 a prima!&#8221;, &#8220;Chista \u00e8 a sicunda!&#8221;, &#8220;Chista \u00e8 a terza!&#8221;. A questo richiamo, i popolani dei vari rioni si apprestavano al raduno, ciascuno con la propria Vara ed il proprio seguito: il Cristo flagellato, l&#8217;Addolorata, il Signore carico della croce ed il Cristo crocefisso&#8230; Il Cristo disteso&#8230; ed altri.<\/span><br \/>\n<span style=\"color: #800080;\">Meravigliose antiche sculture in legno (alcune) o di carta pesta leccese (le altre). &#8220;A Madonna&#8221; -mi dicono-&#8220;passava d&#8217;u Spartiddhi&#8221; (che ancora aveva come chiesa funzionante la Dittereale) e l&#8217;incontro avveniva in piazza, all&#8217;ombra dell&#8217;Olmo, mentre proseguivano i fedeli in preghiera e le signore coi loro canti.<\/span><\/p>\n<ul>\n<li style=\"text-align: center;\"><span style=\"color: #0000ff;\">Veder l&#8217;orrenda morte<\/span><\/li>\n<li style=\"text-align: center;\"><span style=\"color: #0000ff;\">Del tuo Signor non vuole<\/span><\/li>\n<li style=\"text-align: center;\"><span style=\"color: #0000ff;\">Onde si copre il sole<\/span><\/li>\n<li style=\"text-align: center;\"><span style=\"color: #0000ff;\">In segno di dolor <\/span><\/li>\n<li style=\"text-align: center;\">(<span style=\"color: #ff6600;\">strofa della XII stazione<\/span>)<\/li>\n<\/ul>\n<p><span style=\"color: #008080;\">Che non sia stato pi\u00f9 cos\u00ec da tempo, \u00e8 facile capirlo. La causa principale la troviamo nel brutale spopolamento a cui venne sottomesso il centro abitato, specialmente negli ultimi cinque decenni. Destino riservato a molti paesini dell&#8217;entroterra calabrese<\/span>.<span style=\"color: #003300;\"> L&#8217;ultima processione con le <strong>Varette<\/strong> a San Lorenzo risale alla met\u00e0 degli anni ottanta e ne abbiamo testimonianza della stessa grazie ad un blocco di fotografie donate da\u00a0<strong>Don Benedetto Carbone<\/strong> all&#8217;archivio video-fotografico del <strong>Circolo &#8220;Il Pettirosso&#8221;<\/strong>. <\/span><span style=\"color: #008080;\">Oggigiorno bisogna accontentarsi di riti pi\u00f9 sobri. Il crocefisso solitario posteggiato sul sagrato il Venerd\u00ec Santo dei due anni appena trascorsi sta ad indicare che, sebbene da una parte la memoria va mantenuta in qualche modo perch\u00e9 radice del nostro futuro, dall&#8217;altra dovrebbe farci riflettere su molte cose. Su ci\u00f2 che ci aspettiamo dei tempi a venire e di come vogliamo continuare a vivere.<\/span><\/p>\n<p><span style=\"color: #808000;\">Nondimeno per\u00f2, che sia questione di fede o di qualcosa&#8217;altro, rimane comunque ferma la forza che accomuna tutti nel desiderio di dare continuit\u00e0 a ci\u00f2 in cui si crede, quella voglia innata di non voler mollare un sentire di appartenenza che contrassegn\u00f2 i riti pasquali della <span style=\"color: #993300;\"><strong>Valle<\/strong> <strong>del<\/strong> <strong>Tuccio<\/strong> <\/span>come un rifiorire identitario protrattosi per secoli e che ci invita ancora oggi a liberarci dal peso dell&#8217;inverno &#8211; reale o metaforico che sia-, aprendo i cuori come segno di Speranza alla Primavera di un&#8217;anima nuova.<\/span><\/p>\n<ul>\n<li style=\"text-align: center;\"><span style=\"color: #0000ff;\">Tomba che chiudi in seno <\/span><\/li>\n<li style=\"text-align: center;\"><span style=\"color: #0000ff;\">Il mio Signor gi\u00e0 morto <\/span><\/li>\n<li style=\"text-align: center;\"><span style=\"color: #0000ff;\">Fin che non sia risorto <\/span><\/li>\n<li style=\"text-align: center;\"><span style=\"color: #0000ff;\">Non partir\u00f2 da te\u00a0<\/span><\/li>\n<li style=\"text-align: center;\"><span style=\"color: #0000ff;\">Alla spietata morte <\/span><\/li>\n<li style=\"text-align: center;\"><span style=\"color: #0000ff;\">Allor dir\u00f2 con gloria <\/span><\/li>\n<li style=\"text-align: center;\"><span style=\"color: #0000ff;\">Dov&#8217;\u00e8 la tua vittoria?<\/span><\/li>\n<li style=\"text-align: center;\"><span style=\"color: #0000ff;\">Il tuo poter dov&#8217;\u00e8? <\/span><\/li>\n<li style=\"text-align: center;\">(<span style=\"color: #ff6600;\">strofa della XIV stazione\u00a0e chiusura<\/span>)<\/li>\n<\/ul>\n<p>&nbsp;<\/p>\n<ul>\n<li><span style=\"color: #008080;\">&#8220;Momenti di devozione<\/span><\/li>\n<li><span style=\"color: #008080;\"> dispersi nei pensieri dei &#8220;santolorenzoti&#8221; <\/span><\/li>\n<li><span style=\"color: #008080;\">mentre il vecchio Olmo stanco e assetato, <\/span><\/li>\n<li><span style=\"color: #008080;\">dall&#8217;incombente silenzio della piazza, <\/span><\/li>\n<li><span style=\"color: #008080;\">osserva le ombre di noi tutti: <\/span><\/li>\n<li><span style=\"color: #008080;\">presenti\/assenti, vicini\/lontani, <\/span><\/li>\n<li><span style=\"color: #008080;\">per quanto viene oggi a mancare <\/span><\/li>\n<li><span style=\"color: #008080;\">ma che ciascuno porta con s\u00e9, <\/span><\/li>\n<li><span style=\"color: #008080;\">nello scrigno della propria memoria. <\/span><\/li>\n<li><span style=\"color: #008080;\">Ed il vento continua a soffiare&#8230;&#8221;<\/span><\/li>\n<\/ul>\n<h4 style=\"text-align: right;\"><span style=\"color: #333399;\">Am\u00e9rica Liuzzo<\/span><\/h4>\n<div id='gallery-1' class='gallery galleryid-116324 gallery-columns-3 gallery-size-thumbnail'><figure class='gallery-item'>\n\t\t\t<div class='gallery-icon portrait'>\n\t\t\t\t<a href='https:\/\/www.carlofrancio.net\/wp-content\/uploads\/2022\/04\/ProcessioneVaretteanni80-b.jpg'><img loading=\"lazy\" decoding=\"async\" width=\"160\" height=\"120\" src=\"https:\/\/www.carlofrancio.net\/wp-content\/uploads\/2022\/04\/ProcessioneVaretteanni80-b-160x120.jpg\" class=\"attachment-thumbnail size-thumbnail\" alt=\"\" srcset=\"https:\/\/www.carlofrancio.net\/wp-content\/uploads\/2022\/04\/ProcessioneVaretteanni80-b-160x120.jpg 160w, https:\/\/www.carlofrancio.net\/wp-content\/uploads\/2022\/04\/ProcessioneVaretteanni80-b-290x220.jpg 290w\" sizes=\"auto, (max-width: 160px) 100vw, 160px\" \/><\/a>\n\t\t\t<\/div><\/figure><figure class='gallery-item'>\n\t\t\t<div class='gallery-icon portrait'>\n\t\t\t\t<a href='https:\/\/www.carlofrancio.net\/wp-content\/uploads\/2022\/04\/ProcessioneVaretteanni80-f.jpg'><img loading=\"lazy\" decoding=\"async\" width=\"160\" height=\"120\" src=\"https:\/\/www.carlofrancio.net\/wp-content\/uploads\/2022\/04\/ProcessioneVaretteanni80-f-160x120.jpg\" class=\"attachment-thumbnail size-thumbnail\" alt=\"\" srcset=\"https:\/\/www.carlofrancio.net\/wp-content\/uploads\/2022\/04\/ProcessioneVaretteanni80-f-160x120.jpg 160w, https:\/\/www.carlofrancio.net\/wp-content\/uploads\/2022\/04\/ProcessioneVaretteanni80-f-290x220.jpg 290w\" sizes=\"auto, (max-width: 160px) 100vw, 160px\" \/><\/a>\n\t\t\t<\/div><\/figure><figure class='gallery-item'>\n\t\t\t<div class='gallery-icon portrait'>\n\t\t\t\t<a href='https:\/\/www.carlofrancio.net\/wp-content\/uploads\/2022\/04\/ProcessioneVaretteanni80.jpg'><img loading=\"lazy\" decoding=\"async\" width=\"160\" height=\"120\" src=\"https:\/\/www.carlofrancio.net\/wp-content\/uploads\/2022\/04\/ProcessioneVaretteanni80-160x120.jpg\" class=\"attachment-thumbnail size-thumbnail\" alt=\"\" srcset=\"https:\/\/www.carlofrancio.net\/wp-content\/uploads\/2022\/04\/ProcessioneVaretteanni80-160x120.jpg 160w, https:\/\/www.carlofrancio.net\/wp-content\/uploads\/2022\/04\/ProcessioneVaretteanni80-290x220.jpg 290w\" sizes=\"auto, (max-width: 160px) 100vw, 160px\" \/><\/a>\n\t\t\t<\/div><\/figure><figure class='gallery-item'>\n\t\t\t<div class='gallery-icon portrait'>\n\t\t\t\t<a href='https:\/\/www.carlofrancio.net\/wp-content\/uploads\/2022\/04\/VaretteSanLorenzo-1.jpg'><img loading=\"lazy\" decoding=\"async\" width=\"160\" height=\"120\" src=\"https:\/\/www.carlofrancio.net\/wp-content\/uploads\/2022\/04\/VaretteSanLorenzo-1-160x120.jpg\" class=\"attachment-thumbnail size-thumbnail\" alt=\"\" srcset=\"https:\/\/www.carlofrancio.net\/wp-content\/uploads\/2022\/04\/VaretteSanLorenzo-1-160x120.jpg 160w, https:\/\/www.carlofrancio.net\/wp-content\/uploads\/2022\/04\/VaretteSanLorenzo-1-290x220.jpg 290w\" sizes=\"auto, (max-width: 160px) 100vw, 160px\" \/><\/a>\n\t\t\t<\/div><\/figure><figure class='gallery-item'>\n\t\t\t<div class='gallery-icon portrait'>\n\t\t\t\t<a href='https:\/\/www.carlofrancio.net\/wp-content\/uploads\/2022\/04\/VaretteSanLorenzo-2.jpg'><img loading=\"lazy\" decoding=\"async\" width=\"160\" height=\"120\" src=\"https:\/\/www.carlofrancio.net\/wp-content\/uploads\/2022\/04\/VaretteSanLorenzo-2-160x120.jpg\" class=\"attachment-thumbnail size-thumbnail\" alt=\"\" srcset=\"https:\/\/www.carlofrancio.net\/wp-content\/uploads\/2022\/04\/VaretteSanLorenzo-2-160x120.jpg 160w, https:\/\/www.carlofrancio.net\/wp-content\/uploads\/2022\/04\/VaretteSanLorenzo-2-290x220.jpg 290w\" sizes=\"auto, (max-width: 160px) 100vw, 160px\" \/><\/a>\n\t\t\t<\/div><\/figure><figure class='gallery-item'>\n\t\t\t<div class='gallery-icon portrait'>\n\t\t\t\t<a href='https:\/\/www.carlofrancio.net\/wp-content\/uploads\/2022\/04\/VaretteSanLorenzo-4.jpg'><img loading=\"lazy\" decoding=\"async\" width=\"160\" height=\"120\" src=\"https:\/\/www.carlofrancio.net\/wp-content\/uploads\/2022\/04\/VaretteSanLorenzo-4-160x120.jpg\" class=\"attachment-thumbnail size-thumbnail\" alt=\"\" srcset=\"https:\/\/www.carlofrancio.net\/wp-content\/uploads\/2022\/04\/VaretteSanLorenzo-4-160x120.jpg 160w, https:\/\/www.carlofrancio.net\/wp-content\/uploads\/2022\/04\/VaretteSanLorenzo-4-290x220.jpg 290w\" sizes=\"auto, (max-width: 160px) 100vw, 160px\" \/><\/a>\n\t\t\t<\/div><\/figure><figure class='gallery-item'>\n\t\t\t<div class='gallery-icon landscape'>\n\t\t\t\t<a href='https:\/\/www.carlofrancio.net\/wp-content\/uploads\/2022\/04\/VaretteSanLorenzo3.jpg'><img loading=\"lazy\" decoding=\"async\" width=\"160\" height=\"120\" src=\"https:\/\/www.carlofrancio.net\/wp-content\/uploads\/2022\/04\/VaretteSanLorenzo3-160x120.jpg\" class=\"attachment-thumbnail size-thumbnail\" alt=\"\" srcset=\"https:\/\/www.carlofrancio.net\/wp-content\/uploads\/2022\/04\/VaretteSanLorenzo3-160x120.jpg 160w, https:\/\/www.carlofrancio.net\/wp-content\/uploads\/2022\/04\/VaretteSanLorenzo3-290x220.jpg 290w\" sizes=\"auto, (max-width: 160px) 100vw, 160px\" \/><\/a>\n\t\t\t<\/div><\/figure><figure class='gallery-item'>\n\t\t\t<div class='gallery-icon portrait'>\n\t\t\t\t<a href='https:\/\/www.carlofrancio.net\/wp-content\/uploads\/2022\/04\/VaretteSanLorenzoanni80.jpg'><img loading=\"lazy\" decoding=\"async\" width=\"160\" height=\"120\" src=\"https:\/\/www.carlofrancio.net\/wp-content\/uploads\/2022\/04\/VaretteSanLorenzoanni80-160x120.jpg\" class=\"attachment-thumbnail size-thumbnail\" alt=\"\" srcset=\"https:\/\/www.carlofrancio.net\/wp-content\/uploads\/2022\/04\/VaretteSanLorenzoanni80-160x120.jpg 160w, https:\/\/www.carlofrancio.net\/wp-content\/uploads\/2022\/04\/VaretteSanLorenzoanni80-290x220.jpg 290w\" sizes=\"auto, (max-width: 160px) 100vw, 160px\" \/><\/a>\n\t\t\t<\/div><\/figure><figure class='gallery-item'>\n\t\t\t<div class='gallery-icon portrait'>\n\t\t\t\t<a href='https:\/\/www.carlofrancio.net\/wp-content\/uploads\/2022\/04\/DSCF3298.jpg'><img loading=\"lazy\" decoding=\"async\" width=\"160\" height=\"120\" src=\"https:\/\/www.carlofrancio.net\/wp-content\/uploads\/2022\/04\/DSCF3298-160x120.jpg\" class=\"attachment-thumbnail size-thumbnail\" alt=\"\" srcset=\"https:\/\/www.carlofrancio.net\/wp-content\/uploads\/2022\/04\/DSCF3298-160x120.jpg 160w, https:\/\/www.carlofrancio.net\/wp-content\/uploads\/2022\/04\/DSCF3298-290x220.jpg 290w\" sizes=\"auto, (max-width: 160px) 100vw, 160px\" \/><\/a>\n\t\t\t<\/div><\/figure>\n\t\t<\/div>\n\n","protected":false},"excerpt":{"rendered":"<p>APRILE 2022 &#8211; San Lorenzo di Reggio Calabria. Am\u00e9rica Liuzzo In memoria di vecchia tradizione. JONICA Se, frantumati i loro simulacri, noi li scacciammo via dai loro templi, non sono &hellip; <\/p>\n","protected":false},"author":1,"featured_media":116329,"comment_status":"open","ping_status":"open","sticky":false,"template":"","format":"standard","meta":{"footnotes":""},"categories":[3,280,500,10,63,48],"tags":[99,101,100,429],"class_list":["post-116324","post","type-post","status-publish","format-standard","has-post-thumbnail","hentry","category-asso","category-autori-scrittori-poeti","category-circolo-del-cinema-il-pettirosso-s-lorenzo","category-cultura","category-promozione-umana","category-sociale","tag-arte","tag-beni-ambientali","tag-beni-architettonici","tag-messina-il-leone-e-il-gallo"],"_links":{"self":[{"href":"https:\/\/www.carlofrancio.net\/index.php?rest_route=\/wp\/v2\/posts\/116324","targetHints":{"allow":["GET"]}}],"collection":[{"href":"https:\/\/www.carlofrancio.net\/index.php?rest_route=\/wp\/v2\/posts"}],"about":[{"href":"https:\/\/www.carlofrancio.net\/index.php?rest_route=\/wp\/v2\/types\/post"}],"author":[{"embeddable":true,"href":"https:\/\/www.carlofrancio.net\/index.php?rest_route=\/wp\/v2\/users\/1"}],"replies":[{"embeddable":true,"href":"https:\/\/www.carlofrancio.net\/index.php?rest_route=%2Fwp%2Fv2%2Fcomments&post=116324"}],"version-history":[{"count":5,"href":"https:\/\/www.carlofrancio.net\/index.php?rest_route=\/wp\/v2\/posts\/116324\/revisions"}],"predecessor-version":[{"id":116338,"href":"https:\/\/www.carlofrancio.net\/index.php?rest_route=\/wp\/v2\/posts\/116324\/revisions\/116338"}],"wp:featuredmedia":[{"embeddable":true,"href":"https:\/\/www.carlofrancio.net\/index.php?rest_route=\/wp\/v2\/media\/116329"}],"wp:attachment":[{"href":"https:\/\/www.carlofrancio.net\/index.php?rest_route=%2Fwp%2Fv2%2Fmedia&parent=116324"}],"wp:term":[{"taxonomy":"category","embeddable":true,"href":"https:\/\/www.carlofrancio.net\/index.php?rest_route=%2Fwp%2Fv2%2Fcategories&post=116324"},{"taxonomy":"post_tag","embeddable":true,"href":"https:\/\/www.carlofrancio.net\/index.php?rest_route=%2Fwp%2Fv2%2Ftags&post=116324"}],"curies":[{"name":"wp","href":"https:\/\/api.w.org\/{rel}","templated":true}]}}