{"id":113915,"date":"2019-01-30T06:32:40","date_gmt":"2019-01-30T05:32:40","guid":{"rendered":"https:\/\/www.carlofrancio.net\/?p=113915"},"modified":"2019-01-30T08:42:01","modified_gmt":"2019-01-30T07:42:01","slug":"reggio-calabria-reggio-scienza-2019-lastronomia-la-scuola-la-citta","status":"publish","type":"post","link":"https:\/\/www.carlofrancio.net\/?p=113915","title":{"rendered":"Reggio Calabria -\u00abReggio Scienza 2019: \u201cL\u2019Astronomia, la Scuola, la Citt\u00e0\u201d\u00bb"},"content":{"rendered":"<p>&nbsp;<\/p>\n<p style=\"text-align: center;\"><img loading=\"lazy\" decoding=\"async\" class=\"size-full wp-image-113916 alignleft\" src=\"https:\/\/www.carlofrancio.net\/wp-content\/uploads\/2019\/01\/1-locandina-reggio-scienza-2019-ok.jpg\" alt=\"\" width=\"540\" height=\"800\" srcset=\"https:\/\/www.carlofrancio.net\/wp-content\/uploads\/2019\/01\/1-locandina-reggio-scienza-2019-ok.jpg 540w, https:\/\/www.carlofrancio.net\/wp-content\/uploads\/2019\/01\/1-locandina-reggio-scienza-2019-ok-162x240.jpg 162w\" sizes=\"auto, (max-width: 540px) 100vw, 540px\" \/><\/p>\n<p style=\"text-align: center;\"><strong>Reggio Scienza 2019: \u201cL\u2019Astronomia, la Scuola, la Citt\u00e0\u201d<\/strong><\/p>\n<p style=\"text-align: center;\"><strong>XXVIII Settimana Nazionale della Cultura Scientifica e Tecnologica (28 gen. &#8211; 3 feb.)\u00a0<\/strong><\/p>\n<p style=\"text-align: center;\"><strong>Mercoled\u00ec 30 Gennaio ore 21.00 &#8211; Planetarium Pythagoras Citt\u00e0 Metropolitana di Reggio Calabria<\/strong><\/p>\n<p style=\"text-align: center;\"><strong>\u201cIL MARE: CAMBIAMENTI CLIMATICI, SOSTENIBILIT\u00c0 E RICCHEZZA DI UNA FONTE DI VITA\u201d<\/strong><\/p>\n<p style=\"text-align: center;\"><strong>Dott. Angelo Vazzana &#8211; Direttore Museo Paleomarino di Reggio Calabria<\/strong><\/p>\n<p><span style=\"color: #ff00ff;\"><strong>Mercoled\u00ec 30 gennaio 2019 ore 21.00<\/strong><\/span> al<span style=\"color: #000080;\"><strong> Planetarium Pythgoras<\/strong> <\/span>il <span style=\"color: #0000ff;\">dott. <strong>Angelo Vazzana<\/strong><\/span> &#8211; Direttore scientifico del \u201c<span style=\"color: #3366ff;\"><strong>Museo di Biologia Marina e Paleontologia di Reggio Calabria<\/strong> <\/span>&#8211; terr\u00e0 un seminario sul tema: <em><span style=\"color: #00ccff;\">\u201c<strong>Il Mare: cambiamenti climatici, sostenibilit\u00e0 e ricchezza di una fonte di vita\u201d<\/strong><\/span><\/em><\/p>\n<p><span style=\"color: #800080;\">Il tema \u00e8 tra quelli raccomandati dal Ministero Istruzione Universit\u00e0 e Ricerca per la XXVIII Settimana nazionale della Cultura Scientifica e Tecnologica.<\/span><\/p>\n<p><span style=\"font-size: 1rem;\">L<span style=\"color: #003366;\">\u2019argomento in premessa affronter\u00e0 il tema proposto che riguarda l\u2019ecosistema marino globale, i cambiamenti climatici che si evidenziano nel Mediterraneo, la gestione delle risorse aleutiche o marine, il loro utilizzo e sostenibilit\u00e0, la ricerca scientifica applicata al mare.<\/span><\/span><\/p>\n<p><span style=\"color: #800080;\">Segue con l\u2019illustrazione della Biodiversit\u00e0 marina e le sue eccellenze esistenti nel mare dell\u2019Area dello Stretto e gli studi in ambiente che hanno evidenziato le nuove scoperte di organismi marini.<\/span><\/p>\n<p><span style=\"color: #003366;\">I particolari e unici fenomeni naturali sia di natura fisica atmosferici e soprattutto quelli idrodinamici o delle correnti marine in scorrimento incessante e alterno determinano gli effetti in atmosfera quali una costante brezza di mare \u2013 vento di canale detto \u201cboria\u201d, che condiziona il Microclima.<\/span><\/p>\n<p><span style=\"color: #800080;\">Per l\u2019ottavo anno consecutivo il programma proposto dal Planetario reggino all\u2019interno della Settimana nazionale \u00e8 stato validato dal MIUR, questo \u00e8 motivo di orgoglio perch\u00e9 premia la qualit\u00e0 delle proposte e della attivit\u00e0 portata avanti dalla Citt\u00e0 Metropoltana di Reggio Calabria.<\/span><\/p>\n<p><span style=\"color: #003366;\">Il programma presentato tende a correlare l\u2019offerta formativa rivolta al mondo della scuola allo sviluppo culturale, sociale ed economico del territorio nella consapevolezza che favorire una capillare diffusione di una solida e critica cultura tecnico scientifica costituisce uno dei presupposti per il pieno esercizi dei diritti democratici dei cittadini.<\/span><\/p>\n","protected":false},"excerpt":{"rendered":"<p>&nbsp; Reggio Scienza 2019: \u201cL\u2019Astronomia, la Scuola, la Citt\u00e0\u201d XXVIII Settimana Nazionale della Cultura Scientifica e Tecnologica (28 gen. &#8211; 3 feb.)\u00a0 Mercoled\u00ec 30 Gennaio ore 21.00 &#8211; Planetarium Pythagoras &hellip; <\/p>\n","protected":false},"author":1,"featured_media":107947,"comment_status":"open","ping_status":"open","sticky":false,"template":"","format":"standard","meta":{"footnotes":""},"categories":[10,16,1,48],"tags":[560,219,426],"class_list":["post-113915","post","type-post","status-publish","format-standard","has-post-thumbnail","hentry","category-cultura","category-eventi","category-senza-categoria","category-sociale","tag-560","tag-astronomia","tag-cultura"],"_links":{"self":[{"href":"https:\/\/www.carlofrancio.net\/index.php?rest_route=\/wp\/v2\/posts\/113915","targetHints":{"allow":["GET"]}}],"collection":[{"href":"https:\/\/www.carlofrancio.net\/index.php?rest_route=\/wp\/v2\/posts"}],"about":[{"href":"https:\/\/www.carlofrancio.net\/index.php?rest_route=\/wp\/v2\/types\/post"}],"author":[{"embeddable":true,"href":"https:\/\/www.carlofrancio.net\/index.php?rest_route=\/wp\/v2\/users\/1"}],"replies":[{"embeddable":true,"href":"https:\/\/www.carlofrancio.net\/index.php?rest_route=%2Fwp%2Fv2%2Fcomments&post=113915"}],"version-history":[{"count":3,"href":"https:\/\/www.carlofrancio.net\/index.php?rest_route=\/wp\/v2\/posts\/113915\/revisions"}],"predecessor-version":[{"id":113919,"href":"https:\/\/www.carlofrancio.net\/index.php?rest_route=\/wp\/v2\/posts\/113915\/revisions\/113919"}],"wp:featuredmedia":[{"embeddable":true,"href":"https:\/\/www.carlofrancio.net\/index.php?rest_route=\/wp\/v2\/media\/107947"}],"wp:attachment":[{"href":"https:\/\/www.carlofrancio.net\/index.php?rest_route=%2Fwp%2Fv2%2Fmedia&parent=113915"}],"wp:term":[{"taxonomy":"category","embeddable":true,"href":"https:\/\/www.carlofrancio.net\/index.php?rest_route=%2Fwp%2Fv2%2Fcategories&post=113915"},{"taxonomy":"post_tag","embeddable":true,"href":"https:\/\/www.carlofrancio.net\/index.php?rest_route=%2Fwp%2Fv2%2Ftags&post=113915"}],"curies":[{"name":"wp","href":"https:\/\/api.w.org\/{rel}","templated":true}]}}