{"id":112526,"date":"2018-09-27T15:29:51","date_gmt":"2018-09-27T13:29:51","guid":{"rendered":"https:\/\/www.carlofrancio.net\/?p=112526"},"modified":"2018-09-27T15:29:51","modified_gmt":"2018-09-27T13:29:51","slug":"reggio-calabria-gli-operatori-culturali-europei-per-lutilizzo-delle-capacita-educativa-dei-planetari-e-dei-musei-scientifici","status":"publish","type":"post","link":"https:\/\/www.carlofrancio.net\/?p=112526","title":{"rendered":"Reggio Calabria &#8211; \u00abGli Operatori culturali europei per l&#8217;utilizzo delle capacit\u00e0 educativa dei Planetari e dei Musei scientifici\u00bb"},"content":{"rendered":"<h3><span style=\"color: #ff00ff;\">28 settembre :<\/span> Dal 2005 l&#8217;Europa persegue &#8220;una didattica non formale&#8221;<\/h3>\n<h1><span style=\"color: #003366;\">\u00ab<span style=\"color: #3366ff;\">Notte Europea dei ricercatori<\/span> &#8211; <span style=\"color: #000080;\">Planetario Pythagoras<\/span>\u00bb<\/span><\/h1>\n<p><span style=\"color: #3366ff;\">La <strong>Notte dei Ricercatori<\/strong> \u00e8 un&#8217;iniziativa promossa dalla<strong> Commissione Europea<\/strong> fin dal <span style=\"color: #ff00ff;\"><strong>2005<\/strong><\/span> e coinvolge, ogni anno, migliaia di ricercatori e istituzioni di ricerca in tutti i paesi europei. Obiettivo dell\u2019iniziativa: <strong>creare occasioni di incontro tra ricercatori e cittadini<\/strong> per diffondere la cultura scientifica e la conoscenza delle professioni della ricerca in un contesto non formale.<\/span><\/p>\n<p><span style=\"color: #800080;\">La ricerca non si fa solo nei laboratori, la scuola, per es., \u00e8 un soggetto permanente di ricerca didattica. Coniugare l\u2019approfondimento delle discipline scientifiche con l\u2019acquisizione di nuove competenze didattiche e metodologiche non \u00e8 cosa semplice e, se questo non si pu\u00f2 ottenere senza l\u2019impegno e la responsabilit\u00e0 della scuola e quella individuale degli insegnanti, \u00e8 pure vero che il percorso formativo non si pu\u00f2 limitare soltanto a quanto sviluppato nelle aule scolastiche. Gli studiosi, infatti, sempre pi\u00f9 auspicano una didattica non formale e suggeriscono di utilizzare la capacit\u00e0 educativa dei <strong>Planetari e dei Musei scientifici<\/strong>.<\/span><\/p>\n<p><span style=\"color: #3366ff;\">Il<span style=\"color: #000080;\"><strong> Planetario Pythagoras<\/strong><\/span>, nel suo piccolo, \u00e8 impegnato per diffondere l\u2019innovazione scientifica nella scuola, incrementare la qualit\u00e0 dell\u2019insegnamento ed aumentarne la sensibilit\u00e0. Il supporto proposto dal Planetario al piano dell\u2019offerta formativa delle scuole consente di coniugare l\u2019approfondimento culturale all&#8217;interesse per l\u2019astronomia e l\u2019astrofisica, con l\u2019acquisizione di nuove competenze didattiche e metodologiche non disgiunte dall&#8217;innovazione tecnologica.<\/span><\/p>\n<p><span style=\"color: #800080;\">Molteplici le attivit\u00e0 portate avanti dal Planetario, tra cui: le Olimpiadi Nazionali di Astronomia; i percorsi di Alternanza Scuola Lavoro; i corsi di formazione per docenti; il progetto PRISMA.<\/span><\/p>\n<p><span style=\"color: #3366ff;\">Le<strong> Olimpiadi Nazionali di Astronomia<\/strong> costituiscono un ponte tra la formazione dei docenti e l\u2019orientamento degli studenti. Qualche numero per ricordare il successo riportato dalla <strong>Calabria<\/strong> nella <strong>XVI edizione<\/strong>, svoltasi quest\u2019anno: <strong>9 vincitori nazionali su 15<\/strong> (il 60%) sono <strong>studenti della Citt\u00e0 Metropolitana di Reggio Calabria<\/strong> alla cui preparazione hanno contribuito in modo rilevante gli esperti del<span style=\"color: #000080;\"><strong> Planetario<\/strong><\/span> coordinati dalla<span style=\"color: #0000ff;\"><strong> prof.ssa Angela Misiano<\/strong><\/span>.<\/span><\/p>\n<p><span style=\"color: #800080;\">I percorsi di <strong>Alternanza Scuola Lavoro<\/strong> sono tesi a valorizzare l\u2019autonomia scolastica ed hanno come obiettivo quello di avvicinare gli studenti al mondo delle professioni, mostrando loro come sia possibile fare della passione per la cultura scientifica un&#8217;attivit\u00e0 lavorativa. Numerosi sono stati i corsi di formazione per docenti, tra cui la <strong>Scuola nazionale di Alta formazione in Astronomia<\/strong> ed <strong>Astrofisica di Stilo<\/strong>, giunta alla <strong>XXIII edizione<\/strong>, che rappresenta motivo di orgoglio per la nostra regione. Il progetto nazionale<strong> PRISMA<\/strong> (<span style=\"color: #00ccff;\">Prima Rete Italiana per la Sorveglianza sistematica di Meteore e Atmosfera<\/span>), realizzato in collaborazione con l\u2019<strong>Ente Parco d\u2019Aspromonte<\/strong> (la strumentazione \u00e8 collocata all\u2019interno dell\u2019<strong>Osservatorio della Biodiversit\u00e0 di Cucullaro<\/strong>), prevede la realizzazione di una rete di <strong>camere all-sky<\/strong> per l\u2019osservazione di meteore brillanti al fine di delimitare le aree dell&#8217;eventuale caduta di meteoriti che, in genere, \u00e8 associata a questi eventi.<\/span><\/p>\n<p><span style=\"color: #3366ff;\">Il ricco ed articolato programma dell\u2019iniziativa del 28 prevede che il Planetario aprir\u00e0 le porte al pubblico a partire dalle ore 10 e fino alle 13 alle scuole che si saranno prenotate; i piccoli appassionati potranno osservare il sole con strumenti e spettroscopia e seguire video tematici a cura degli esperti del planetario <span style=\"color: #0000ff;\"><strong>Rosario Borrello<\/strong><\/span>, <span style=\"color: #0000ff;\"><strong>Marica Canonico<\/strong><\/span> e <span style=\"color: #0000ff;\"><strong>Carmelo Nucera<\/strong><\/span>. Nel pomeriggio, dalle ore 17:30, con il coordinamento di <span style=\"color: #0000ff;\"><strong>Angela Misian<\/strong><\/span>o, si parler\u00e0 delle Olimpiadi di Astronomia, una opportunit\u00e0 formativa per docenti e studenti; alle 18:30, con<span style=\"color: #0000ff;\"> Carmelo Nucera<\/span>, si discuter\u00e0 del cielo come laboratorio, un percorso di alternanza scuola lavoro; alle 19:30 gli studenti olimpionici racconteranno le loro esperienze coordinati da <span style=\"color: #0000ff;\"><strong>Melania Borzumati<\/strong><\/span>; alle 21:00, dopo i saluti Istituzionali, <span style=\"color: #0000ff;\"><strong>Giovanni Covone<\/strong><\/span> dell\u2019<strong>Universit\u00e0 Federico<\/strong> II terr\u00e0 una relazione sul tema \u201cDove sono tutti quanti? La ricerca della vita intelligente nel Cosmo\u201d. <span style=\"color: #003366;\"><strong>La manifestazione si concluder\u00e0 con la visione del cielo e con l\u2019osservazione al telescopio a cura degli esperti del Planetario che guideranno il pubblico presente tra le meraviglie del Cielo d\u2019Autunno<\/strong><\/span>.<\/span><\/p>\n<p><span style=\"color: #3366ff;\">Per ulteriori informazioni telefonare allo 0965324668 o www.planetariumpythagoras.com.<\/span><\/p>\n","protected":false},"excerpt":{"rendered":"<p>28 settembre : Dal 2005 l&#8217;Europa persegue &#8220;una didattica non formale&#8221; \u00abNotte Europea dei ricercatori &#8211; Planetario Pythagoras\u00bb La Notte dei Ricercatori \u00e8 un&#8217;iniziativa promossa dalla Commissione Europea fin dal &hellip; <\/p>\n","protected":false},"author":1,"featured_media":0,"comment_status":"open","ping_status":"open","sticky":false,"template":"","format":"standard","meta":{"footnotes":""},"categories":[3,10,227,48],"tags":[99,219,101,426,34,430],"class_list":["post-112526","post","type-post","status-publish","format-standard","hentry","category-asso","category-cultura","category-planetario-provinciale-pitagora-di-reggio-calabria","category-sociale","tag-arte","tag-astronomia","tag-beni-ambientali","tag-cultura","tag-giovani","tag-scuola"],"_links":{"self":[{"href":"https:\/\/www.carlofrancio.net\/index.php?rest_route=\/wp\/v2\/posts\/112526","targetHints":{"allow":["GET"]}}],"collection":[{"href":"https:\/\/www.carlofrancio.net\/index.php?rest_route=\/wp\/v2\/posts"}],"about":[{"href":"https:\/\/www.carlofrancio.net\/index.php?rest_route=\/wp\/v2\/types\/post"}],"author":[{"embeddable":true,"href":"https:\/\/www.carlofrancio.net\/index.php?rest_route=\/wp\/v2\/users\/1"}],"replies":[{"embeddable":true,"href":"https:\/\/www.carlofrancio.net\/index.php?rest_route=%2Fwp%2Fv2%2Fcomments&post=112526"}],"version-history":[{"count":8,"href":"https:\/\/www.carlofrancio.net\/index.php?rest_route=\/wp\/v2\/posts\/112526\/revisions"}],"predecessor-version":[{"id":112534,"href":"https:\/\/www.carlofrancio.net\/index.php?rest_route=\/wp\/v2\/posts\/112526\/revisions\/112534"}],"wp:attachment":[{"href":"https:\/\/www.carlofrancio.net\/index.php?rest_route=%2Fwp%2Fv2%2Fmedia&parent=112526"}],"wp:term":[{"taxonomy":"category","embeddable":true,"href":"https:\/\/www.carlofrancio.net\/index.php?rest_route=%2Fwp%2Fv2%2Fcategories&post=112526"},{"taxonomy":"post_tag","embeddable":true,"href":"https:\/\/www.carlofrancio.net\/index.php?rest_route=%2Fwp%2Fv2%2Ftags&post=112526"}],"curies":[{"name":"wp","href":"https:\/\/api.w.org\/{rel}","templated":true}]}}