{"id":112482,"date":"2018-09-14T17:07:41","date_gmt":"2018-09-14T15:07:41","guid":{"rendered":"https:\/\/www.carlofrancio.net\/?p=112482"},"modified":"2018-09-14T17:10:13","modified_gmt":"2018-09-14T15:10:13","slug":"messina-la-santa-croce-e-omar","status":"publish","type":"post","link":"https:\/\/www.carlofrancio.net\/?p=112482","title":{"rendered":"Messina &#8211; \u00abLa Santa Croce e &#8230; OMAR \u00bb"},"content":{"rendered":"<header id=\"site-header\" class=\"site-header\" role=\"banner\">\n<div id=\"menu-primary\" class=\"menu-container menu-primary\" role=\"navigation\"><strong><span style=\"color: #ff00ff;\">14 settembre 2018\u00a0<\/span><\/strong> &#8211;<span style=\"color: #003300;\"><strong> Festa \u00abESALTAZIONE DELLA SANTA CROCE\u00bb<\/strong><\/span><\/div>\n<div class=\"menu-container menu-primary\" role=\"navigation\"><span style=\"color: #333399;\"> &#8230; Se guardo il tuo cielo, opera delle tue dita, la luna e le stelle che tu hai fissate., che cosa \u00e8 l&#8217;uomo perch\u00e9 te ne ricordi, e il figlio dell&#8217;uomo perch\u00e9 te curi? Eppure l&#8217;hai fatto poco meno degli angeli, di gloria e di onore lo hai coronato: gli hai dato potere sulle opere delle tue mani, tutto hai posto sotto i suoi piedi. (dal salmo 8) &#8211;<\/span><span style=\"color: #3366ff;\">Dice anche un canto &#8211; &#8220;Dio ha tanto amato il mondo da donare suo Figlio&#8230;&#8221;<\/span><\/div>\n<div role=\"navigation\"><span style=\"color: #008000;\">Quindi:-\u00ab Noi celebriamo la festa della santa croce, per mezzo della quale sono state cacciate le tenebre ed \u00e8 ritornata la luce, &#8230; cos\u00ec insieme al Crocifisso, veniamo innalzati e sublimati anche noi. &#8230; \u00bb (sant&#8217;Andrea di Creta vescovo)<\/span><\/div>\n<div role=\"navigation\">I<span style=\"color: #ff00ff;\">l 29 agosto 2018<\/span> &#8211; <span style=\"color: #000080;\">giorno del funerale di\u00a0OMAR, il marocchino definito &#8220;l&#8217;Amico della Domenica&#8221;, dalla Comunit\u00e0 di S. Elena, ho potuto vederne il corpo ai piedi dell&#8217;Altare preparato per il Rito di commiato e la celebrazione della santa Messa. Dopo aver porto le condoglianze a Orazio e a Fratel Carlo, mi sono avvicinato alla bara, Era tanto bello, che mi sono ritrovato a sorridere pieno di felicit\u00e0. Infatti era scomparso l&#8217;Omar rannicchiato su una sedia a rotelle, con la mascella fissa per un ictus; ora avevo dinanzi a me\u00a0 un raffinato signore, vestito di grigio e bianca camicia, che splendeva anche a occhi chiusi.<\/span><\/div>\n<div role=\"navigation\"><span style=\"color: #000080;\">Ecco chi guarda la Croce di Cristo con il cuore di Omar far\u00e0 parte di quella moltitudine vestita di bianco che verr\u00e0 accolta dall&#8217;autore della Vita.<\/span><\/div>\n<div role=\"navigation\"><\/div>\n<div class=\"menu-container menu-primary\" role=\"navigation\"><span style=\"color: #ff0000;\"><em>I<span style=\"color: #ff00ff;\">l 28 agosto 2018<\/span> &#8211;\u00a0Nel giorno in cui <strong>OMAR<\/strong>, marocchino, ha concluso il suo passaggio terreno, la <strong>Chiesa<\/strong> faceva Memoria di<strong> S. Agostino<\/strong>, algerino, Vescovo e Dottore della Chiesa.<\/em><\/span><\/div>\n<div role=\"navigation\">\n<div role=\"navigation\"><\/div>\n<div role=\"navigation\">Per dare continuit\u00e0 a quanto sopra detto riporto i Post dedicati alla Croce e a Omar &#8211;<\/div>\n<\/div>\n<\/header>\n<div class=\"max-width\">\n<section id=\"main\" class=\"main\" role=\"main\">\n<div class=\"entry page publish author-admin post-2537\">\n<article>\n<div class=\"post-padding-container\">\n<div class=\"post-content\">\n<p><a href=\"http:\/\/www.santelenamessina.it\/wp-content\/uploads\/2015\/06\/SantElena-Croce.jpg\"><img loading=\"lazy\" decoding=\"async\" class=\"wp-image-2530 size-medium alignright\" src=\"http:\/\/www.santelenamessina.it\/wp-content\/uploads\/2015\/06\/SantElena-Croce-168x300.jpg\" sizes=\"auto, (max-width: 168px) 100vw, 168px\" srcset=\"http:\/\/www.santelenamessina.it\/wp-content\/uploads\/2015\/06\/SantElena-Croce-168x300.jpg 168w, http:\/\/www.santelenamessina.it\/wp-content\/uploads\/2015\/06\/SantElena-Croce.jpg 448w\" alt=\"2015_09_14-wwwSantElena-EsaltazioneCroce\" width=\"168\" height=\"300\" \/><\/a><\/p>\n<p><span style=\"color: #003366;\"><a style=\"color: #800080;\" href=\"http:\/\/www.santelenamessina.it\/wp-content\/uploads\/2015\/06\/Ringo-QuadroAltare-CROCE.jpg\"><img loading=\"lazy\" decoding=\"async\" class=\"alignleft wp-image-2533 size-medium\" src=\"http:\/\/www.santelenamessina.it\/wp-content\/uploads\/2015\/06\/Ringo-QuadroAltare-CROCE-216x300.jpg\" sizes=\"auto, (max-width: 216px) 100vw, 216px\" srcset=\"http:\/\/www.santelenamessina.it\/wp-content\/uploads\/2015\/06\/Ringo-QuadroAltare-CROCE-216x300.jpg 216w, http:\/\/www.santelenamessina.it\/wp-content\/uploads\/2015\/06\/Ringo-QuadroAltare-CROCE.jpg 577w\" alt=\"2015_09_14-wwwSantElena-EsaltazioneCroce\" width=\"216\" height=\"300\" \/><\/a>Festa \u00ab<span style=\"color: #ff0000;\"><strong><em>ESALTAZIONE DELLA SANTA CROCE<\/em><\/strong><\/span>\u00bb &#8211; La parrocchia di S. Elena ha la particolarit\u00e0 di avere la presenza di tre singolari opere che ben esprimono questa Festa.\u00a0La statua di\u00a0<strong>S. Elena con la Croce<\/strong>\u00a0ritrovata a Gerusalemme, Il quadro del\u00a0<strong>\u201cTrionfo di Cristo\u201d<\/strong>\u00a0posto sull&#8217;altare del Ringo ed il\u00a0<strong>Crocifisso<\/strong>\u00a0dell\u2019altare della Chiesa di S. Elena.<\/span><\/p>\n<p><span style=\"color: #800080;\">Ma ancor di pi\u00f9 questa Festa della\u00a0<strong>Esaltazione della Santa Croce<\/strong>, ci invita a\u00a0<strong>\u201cGloriarci anche noi nella Croce del Signore\u201d<\/strong>, sapendo che \u00ab\u201dLa passione del Signore e Salvatore nostro Ges\u00f9 Cristo \u00e8 pegno sicuro di gloria e insieme ammaestramento di pazienza.\u00a0Che cosa mai non devono aspettarsi dalla grazia di Dio i cuori dei fedeli! Infatti al Figlio unigenito di\u00a0Dio, coeterno al Padre, sembrando troppo poco nascere uomo dagli uomini, volle spingersi fino al punto di morire quale uomo e proprio per mano di quegli uomini che aveva creato lui stesso.\u00a0Gran cosa \u00e8 ci\u00f2 che ci viene promesso dal Signore per il futuro, ma \u00e8 molto pi\u00f9 grande quello che celebriamo ricordando quanto \u00e8 gi\u00e0 stato compiuto per noi. Dove erano e che cosa erano gli uomini, quando Cristo mori per i peccatori?<\/span><\/p>\n<p><span style=\"color: #800080;\">Come pu\u00f2 dubitare che egli dar\u00e0 ai suoi fedeli la sua vita, quando per essi egli non ha esitato a dare anche la sua morte? Perch\u00e9 gli uomini stentano a credere che un giorno vivranno con Dio, quando gi\u00e0 si \u00e8 verificato un fatto molto pi\u00f9 incredibile, quello di un Dio morto per gli uomini?<\/span><\/p>\n<p><span style=\"color: #800080;\"><a href=\"http:\/\/www.santelenamessina.it\/wp-content\/uploads\/2015\/06\/CROCE-S_Elena.jpg\"><img loading=\"lazy\" decoding=\"async\" class=\"alignright wp-image-2531 size-medium\" src=\"http:\/\/www.santelenamessina.it\/wp-content\/uploads\/2015\/06\/CROCE-S_Elena-209x300.jpg\" sizes=\"auto, (max-width: 209px) 100vw, 209px\" srcset=\"http:\/\/www.santelenamessina.it\/wp-content\/uploads\/2015\/06\/CROCE-S_Elena-209x300.jpg 209w, http:\/\/www.santelenamessina.it\/wp-content\/uploads\/2015\/06\/CROCE-S_Elena.jpg 556w\" alt=\"2015_09_14-wwwSantElena-EsaltazioneCroce\" width=\"209\" height=\"300\" \/><\/a>Chi \u00e8 infatti Cristo? \u00c8 colui del quale si dice: \u00abIn principio era il Verbo, e il Verbo era presso Dio e il Verbo era Dio\u00bb (Gv 1, 1). Ebbene, questo Verbo di Dio \u00absi fece carne e venne ad abitare i mezzo a noi\u00bb (Gv 1, 14). Egli non aveva nulla in se stesso per cui potesse morire per noi, se non avesse preso da noi una carne mortale. In tal modo egli immortale pot\u00e9 morire, volendo dare la vita per i mortali. Rese partecipi della sua vita quelli di cui aveva condiviso la morte. Noi infatti\u00a0non avevamo di nostro nulla da cui aver la vita, come lui nulla aveva da cui ricevere la morte.\u00a0<strong><em>Donde lo stupefacente scambio: fece sua la nostra morte e nostra la sua vita<\/em><\/strong>. Dunque non vergogna, ma fiducia sconfinata e vanto immenso nella morte del Cristo. \u2026 \u00bb\u00a0Dai \u00abDiscorsi\u00bb di sant\u2019Agostino, vescovo.<\/span><\/p>\n<hr \/>\n<p><a href=\"http:\/\/www.santelenamessina.it\/wp-content\/uploads\/2016\/06\/20161218_114329.jpg\"><img loading=\"lazy\" decoding=\"async\" class=\"size-medium wp-image-2843 alignleft\" src=\"http:\/\/www.santelenamessina.it\/wp-content\/uploads\/2016\/06\/20161218_114329-300x169.jpg\" sizes=\"auto, (max-width: 300px) 100vw, 300px\" srcset=\"http:\/\/www.santelenamessina.it\/wp-content\/uploads\/2016\/06\/20161218_114329-300x169.jpg 300w, http:\/\/www.santelenamessina.it\/wp-content\/uploads\/2016\/06\/20161218_114329-768x432.jpg 768w, http:\/\/www.santelenamessina.it\/wp-content\/uploads\/2016\/06\/20161218_114329.jpg 800w\" alt=\"20161218_114329\" width=\"300\" height=\"169\" \/><\/a>(2015) La\u00a0<em>\u2018quarta<\/em>\u00a0di\u00a0<strong>Avvento<\/strong>\u00a0\u00e8 stata impreziosita dalla presenza di\u00a0<strong><em>OMAR<\/em><\/strong>. Ormai tradizionale impegno di accoglienza dei tempi natalizi della\u00a0<em>Comunit\u00e0 di S. Elena\u00a0<\/em>che ha potuto cos\u00ec salutare,\u201dl\u2019Amico della Domenica\u201c.<\/p>\n<p>Padre Pippo\u00a0nella preghiera comunitaria ha messo in luce la \u2018forza dell\u2019accoglienza e della solidariet\u00e0, come Segno del Natale. Da sei anni tramite il gruppo \u201cOMAR OMAR\u201c, la Parrocchia \u00e8 impegnata a contribuire alla vitalit\u00e0 di\u00a0una \u00a0<strong>\u201cCasa\u201d<\/strong>, che raccoglie gli emarginati senzatetto che vivono per strada e non ha nessun contributo pubblico ma si fonda unicamente nella\u00a0<strong>Provvidenza<\/strong><\/p>\n<p><img loading=\"lazy\" decoding=\"async\" class=\" wp-image-2845 alignright\" src=\"http:\/\/www.santelenamessina.it\/wp-content\/uploads\/2016\/06\/20161218_114031-300x169.jpg\" sizes=\"auto, (max-width: 300px) 100vw, 300px\" srcset=\"http:\/\/www.santelenamessina.it\/wp-content\/uploads\/2016\/06\/20161218_114031-300x169.jpg 300w, http:\/\/www.santelenamessina.it\/wp-content\/uploads\/2016\/06\/20161218_114031-768x432.jpg 768w, http:\/\/www.santelenamessina.it\/wp-content\/uploads\/2016\/06\/20161218_114031.jpg 800w\" alt=\"20161218_114031\" width=\"300\" height=\"169\" \/><img loading=\"lazy\" decoding=\"async\" class=\"wp-image-2847 size-thumbnail alignleft\" src=\"http:\/\/www.santelenamessina.it\/wp-content\/uploads\/2016\/06\/20161218_144307-150x150.jpg\" alt=\"20161218_144307\" width=\"150\" height=\"150\" \/>Fratel Carlo\u00a0(camilliano, Direttore della Casa), invitando tutti a prendere, senza offerta, l\u2019omaggio, (calendarietto da tavolo 2017), ha definito\u00a0Omar\u00a0il mite, collegamento tra\u00a0S. Elena e la <span style=\"color: #3366ff;\"><strong>Casa\u00a0della Speranza \u201cViviana Lisi<\/strong> <\/span>\u201c.<\/p>\n<p><span style=\"color: #ff6600;\"><strong>NOTA OMAR\u00a0<\/strong><\/span>\u2013\u00a0Lui,<span style=\"color: #ff6600;\"> <strong>OMAR<\/strong><\/span>,\u00a0il marocchino, che fin quasi la met\u00e0 del 2009, posizionato sui gradini d\u2019ingresso, augurava a tutti <span style=\"color: #ff6600;\"><strong><em>\u201cbuona missa\u201d.<\/em><\/strong><\/span><\/p>\n<p>E<a href=\"http:\/\/www.santelenamessina.it\/wp-content\/uploads\/2016\/06\/20161218_153951.jpg\"><img loading=\"lazy\" decoding=\"async\" class=\"alignleft wp-image-2849 size-medium\" src=\"http:\/\/www.santelenamessina.it\/wp-content\/uploads\/2016\/06\/20161218_153951-300x169.jpg\" sizes=\"auto, (max-width: 300px) 100vw, 300px\" srcset=\"http:\/\/www.santelenamessina.it\/wp-content\/uploads\/2016\/06\/20161218_153951-300x169.jpg 300w, http:\/\/www.santelenamessina.it\/wp-content\/uploads\/2016\/06\/20161218_153951-768x432.jpg 768w, http:\/\/www.santelenamessina.it\/wp-content\/uploads\/2016\/06\/20161218_153951.jpg 800w\" alt=\"20161218_153951\" width=\"300\" height=\"169\" \/><\/a>ra diventato amico di tutti, lui di altra fede, che risvegliava cos\u00ec, forse_inconsapevolmente anche nei\u00a0pi\u00f9 distratti, la \u2018chiamata alla Messa in virt\u00f9 del\u00a0Sacerdozio comune. Infatti il celebrante, presidente dell\u2019Assemblea, ringrazia Dio a nome nostro \u201cper averci\u00a0ammessi a compiere il servizio sacerdotale\u201d.\u00a0Poi un ictus, mise a repentaglio i suoi giorni terreni, ma l\u2019accoglienza nella<span style=\"color: #3366ff;\">\u00a0<strong>Casa della Speranza \u201cViviana Lisi\u201d<\/strong>\u00a0<\/span>di\u00a0<strong>Riposto (CT)<\/strong>, e la sua forte tempra gli hanno consentito un grande\u00a0\u00a0recupero fisico e spirituale.<\/p>\n<p>&nbsp;<\/p>\n<\/div>\n<\/div>\n<\/article>\n<\/div>\n<\/section>\n<\/div>\n","protected":false},"excerpt":{"rendered":"<p>14 settembre 2018\u00a0 &#8211; Festa \u00abESALTAZIONE DELLA SANTA CROCE\u00bb &#8230; Se guardo il tuo cielo, opera delle tue dita, la luna e le stelle che tu hai fissate., che cosa &hellip; <\/p>\n","protected":false},"author":1,"featured_media":112484,"comment_status":"open","ping_status":"open","sticky":false,"template":"","format":"standard","meta":{"footnotes":""},"categories":[3,1],"tags":[429,146,104,45,431,106],"class_list":["post-112482","post","type-post","status-publish","format-standard","has-post-thumbnail","hentry","category-asso","category-senza-categoria","tag-messina-il-leone-e-il-gallo","tag-pace","tag-preghiera","tag-prouma","tag-sociale","tag-solidarieta-volontariato"],"_links":{"self":[{"href":"https:\/\/www.carlofrancio.net\/index.php?rest_route=\/wp\/v2\/posts\/112482","targetHints":{"allow":["GET"]}}],"collection":[{"href":"https:\/\/www.carlofrancio.net\/index.php?rest_route=\/wp\/v2\/posts"}],"about":[{"href":"https:\/\/www.carlofrancio.net\/index.php?rest_route=\/wp\/v2\/types\/post"}],"author":[{"embeddable":true,"href":"https:\/\/www.carlofrancio.net\/index.php?rest_route=\/wp\/v2\/users\/1"}],"replies":[{"embeddable":true,"href":"https:\/\/www.carlofrancio.net\/index.php?rest_route=%2Fwp%2Fv2%2Fcomments&post=112482"}],"version-history":[{"count":9,"href":"https:\/\/www.carlofrancio.net\/index.php?rest_route=\/wp\/v2\/posts\/112482\/revisions"}],"predecessor-version":[{"id":112492,"href":"https:\/\/www.carlofrancio.net\/index.php?rest_route=\/wp\/v2\/posts\/112482\/revisions\/112492"}],"wp:featuredmedia":[{"embeddable":true,"href":"https:\/\/www.carlofrancio.net\/index.php?rest_route=\/wp\/v2\/media\/112484"}],"wp:attachment":[{"href":"https:\/\/www.carlofrancio.net\/index.php?rest_route=%2Fwp%2Fv2%2Fmedia&parent=112482"}],"wp:term":[{"taxonomy":"category","embeddable":true,"href":"https:\/\/www.carlofrancio.net\/index.php?rest_route=%2Fwp%2Fv2%2Fcategories&post=112482"},{"taxonomy":"post_tag","embeddable":true,"href":"https:\/\/www.carlofrancio.net\/index.php?rest_route=%2Fwp%2Fv2%2Ftags&post=112482"}],"curies":[{"name":"wp","href":"https:\/\/api.w.org\/{rel}","templated":true}]}}