{"id":111792,"date":"2018-05-18T12:36:45","date_gmt":"2018-05-18T10:36:45","guid":{"rendered":"https:\/\/www.carlofrancio.net\/?p=111792"},"modified":"2018-05-18T12:36:45","modified_gmt":"2018-05-18T10:36:45","slug":"agrigento-dieci-anni-un-piccolo-frammento-di-eternita-vissuti-insieme-al-pastore-don-franco","status":"publish","type":"post","link":"https:\/\/www.carlofrancio.net\/?p=111792","title":{"rendered":"Agrigento &#8211; \u00ab &#8220;Dieci anni&#8221; &#8211; un piccolo frammento di Eternit\u00e0 &#8211; vissuti insieme al pastore Don Franco\u00bb"},"content":{"rendered":"<figure id=\"attachment_23535\" aria-describedby=\"caption-attachment-23535\" style=\"width: 320px\" class=\"wp-caption alignleft\"><a href=\"https:\/\/www.carlofrancio.net\/wp-content\/uploads\/2016\/05\/IMG_1524.jpg\"><img loading=\"lazy\" decoding=\"async\" class=\"wp-image-23535 size-medium\" src=\"https:\/\/www.carlofrancio.net\/wp-content\/uploads\/2016\/05\/IMG_1524-320x240.jpg\" alt=\"2008-05-17-Agrigento-Stadio-Esseneto-Arcivescovo_Franco_Montenegro\" width=\"320\" height=\"240\" srcset=\"https:\/\/www.carlofrancio.net\/wp-content\/uploads\/2016\/05\/IMG_1524-320x240.jpg 320w, https:\/\/www.carlofrancio.net\/wp-content\/uploads\/2016\/05\/IMG_1524-160x120.jpg 160w, https:\/\/www.carlofrancio.net\/wp-content\/uploads\/2016\/05\/IMG_1524-640x480.jpg 640w, https:\/\/www.carlofrancio.net\/wp-content\/uploads\/2016\/05\/IMG_1524.jpg 800w\" sizes=\"auto, (max-width: 320px) 100vw, 320px\" \/><\/a><figcaption id=\"caption-attachment-23535\" class=\"wp-caption-text\">2008-05-17-Agrigento-Stadio-Esseneto-Arcivescovo metropolita Franco_Montenegro<\/figcaption><\/figure>\n<figure id=\"attachment_23420\" aria-describedby=\"caption-attachment-23420\" style=\"width: 330px\" class=\"wp-caption alignright\"><a style=\"background-color: #ffffff; padding-right: 0px; padding-left: 0px; margin-right: 0px; margin-left: 0px; box-shadow: none; font-size: 16px; -webkit-user-drag: none; outline: none;\" href=\"https:\/\/www.carlofrancio.net\/wp-content\/uploads\/2016\/05\/IMG_0537.jpg\"><img loading=\"lazy\" decoding=\"async\" class=\"wp-image-23420\" style=\"-webkit-user-drag: none; display: inline-block; margin-bottom: -1ex;\" src=\"https:\/\/www.carlofrancio.net\/wp-content\/uploads\/2016\/05\/IMG_0537-320x240.jpg\" alt=\"IMG_0537\" width=\"330\" height=\"248\" srcset=\"https:\/\/www.carlofrancio.net\/wp-content\/uploads\/2016\/05\/IMG_0537-320x240.jpg 320w, https:\/\/www.carlofrancio.net\/wp-content\/uploads\/2016\/05\/IMG_0537-160x120.jpg 160w, https:\/\/www.carlofrancio.net\/wp-content\/uploads\/2016\/05\/IMG_0537-640x480.jpg 640w, https:\/\/www.carlofrancio.net\/wp-content\/uploads\/2016\/05\/IMG_0537.jpg 800w\" sizes=\"auto, (max-width: 330px) 100vw, 330px\" \/><\/a><figcaption id=\"caption-attachment-23420\" class=\"wp-caption-text\"><span style=\"color: #800000;\"><strong>30 aprile 2016 -Raffadali &#8211; Chiesa Madre &#8220;Santa Oliva\u00a0<\/strong><\/span><\/figcaption><\/figure>\n<h2>A U G U R I\u00a0 alla Comunit\u00e0 agrigentina e al suo Pastore Don Franco Montenegro (Cardinale)<\/h2>\n<h2 style=\"text-align: center;\"><span style=\"color: #b714ea;\"><span style=\"color: #800000;\">Agrigento\u00a0<\/span><\/span><span style=\"color: #b714ea;\">&#8211; <span style=\"color: #800000;\">Stadio Esseneto<\/span><\/span><\/h2>\n<h2 style=\"text-align: center;\"><span style=\"color: #b714ea;\"> &#8211; 17 maggio 2008 &gt;\u00a0<\/span><span style=\"color: #003300;\">17 maggio 2018<\/span><\/h2>\n<p>&nbsp;<\/p>\n<h3><strong><span style=\"text-decoration: underline;\"><span style=\"color: #ff6600; text-decoration: underline;\">Nota BLOG in occasione dei suoi primi cinque anni<\/span><\/span><\/strong><\/h3>\n<p><span style=\"color: #0000ff;\"><em><strong>\u00abDon Franco\u00a0Montenegro<\/strong><\/em><\/span>, <span style=\"color: #003366;\"><strong>esemplarmente fedele al suo stile, non avr\u00e0 preparato nessun discorso di\u00a0circostanza per questo suo<\/strong><\/span> <span style=\"color: #ff00ff;\"><strong>5\u00b0<\/strong><\/span> <span style=\"color: #003366;\"><strong>anniversario di<\/strong><\/span><span style=\"color: #003300;\"><em><strong> Pastore<\/strong> <\/em><\/span><span style=\"color: #003366;\"><strong>della<\/strong><\/span><span style=\"color: #003300;\"><em><strong><span style=\"color: #003300;\"> Chiesa Agrigentin<\/span>a<\/strong><\/em><\/span>. <strong>Son certo, che<\/strong> <strong>come sempre, ringrazier\u00e0 lui per primo, tutti gli altri, a cominciare dal pi\u00f9 piccolo e umile degli agrigentini. Si\u00a0perch\u00e9\u00a0il suo <span style=\"color: #008000;\">Tempo Ordinario<\/span><\/strong>, come raccontano gli <span style=\"color: #ff0000;\"><strong>Atti degli Apostoli,<\/strong><\/span> \u00a0\u00e8 sempre un <span style=\"color: #ff00ff;\"><strong>Tempo straordinario<\/strong><\/span>, <strong>\u00e8 il Tempo della costruzione di ci\u00f2 che vuole il Signore<\/strong>. Dir\u00e0 che la Comunit\u00e0 \u00a0\u00e8\u00a0la\u00a0protagonista della Storia della Salvezza, mentre il suo compito \u00e8 quello di testimoniare la fede, la speranza e la\u00a0carit\u00e0 per una maggiore sensibilit\u00e0 di servizio verso i <a href=\"https:\/\/www.carlofrancio.net\/wp-content\/uploads\/2013\/05\/CCI03052013_00000.jpg\"><img loading=\"lazy\" decoding=\"async\" class=\"alignright size-thumbnail wp-image-15761\" src=\"https:\/\/www.carlofrancio.net\/wp-content\/uploads\/2013\/05\/CCI03052013_00000-150x150.jpg\" alt=\"CCI03052013_00000\" width=\"150\" height=\"150\" \/><\/a>fratelli poveri e indigenti. Affermer\u00e0 con forza che Cristo \u00e8 il Signore, \u00e8 il Risorto, primizia della nostra resurrezione.<\/p>\n<p>Dir\u00e0 che ciascuno <span style=\"color: #003300;\"><strong>Membro della Comunit\u00e0<\/strong><\/span> \u00e8 chiamato a rendere testimonianza, \u00a0interpretando il suo ruolo nella\u00a0 <span style=\"color: #003366;\"><strong>&#8220;Chiesa con il grembiule&#8221;<\/strong><\/span>,\u00a0sottolineer\u00e0\u00a0l&#8217;importanza dell&#8217;annuncio della Buona novella- <a title=\"Atti degli Apostoli - L'Etiope e Filippo\" href=\"https:\/\/www.carlofrancio.net\/?p=1732\">Atti degli Apostoli 8,25-40<\/a>&#8211; In cui l<span style=\"color: #003366;\"><strong>&#8216;Etiope<\/strong><\/span> chiede a <span style=\"color: #003366;\"><strong>Filippo<\/strong><\/span> di essere istruito per capire le scritture.<\/p>\n<p>E<span style=\"color: #000080;\"><strong> i tanti messinesi<\/strong><\/span> che si ricorderanno di questa data evento diranno a <span style=\"color: #0000ff;\"><strong><em>Don Franco<\/em><\/strong><\/span><\/p>\n<h3><span style=\"color: #ff00ff;\">\u00abGrazie del ricordo e grazie sempre dell&#8217;amicizia\u00bb<\/span><\/h3>\n<p>&nbsp;<\/p>\n<h2 style=\"text-align: center;\"><\/h2>\n<div id='gallery-1' class='gallery galleryid-111792 gallery-columns-3 gallery-size-thumbnail'><figure class='gallery-item'>\n\t\t\t<div class='gallery-icon landscape'>\n\t\t\t\t<a href='https:\/\/www.carlofrancio.net\/wp-content\/uploads\/2016\/05\/IMG_1545.jpg'><img loading=\"lazy\" decoding=\"async\" width=\"160\" height=\"120\" src=\"https:\/\/www.carlofrancio.net\/wp-content\/uploads\/2016\/05\/IMG_1545-160x120.jpg\" class=\"attachment-thumbnail size-thumbnail\" alt=\"\" aria-describedby=\"gallery-1-23473\" srcset=\"https:\/\/www.carlofrancio.net\/wp-content\/uploads\/2016\/05\/IMG_1545-160x120.jpg 160w, https:\/\/www.carlofrancio.net\/wp-content\/uploads\/2016\/05\/IMG_1545-320x240.jpg 320w, https:\/\/www.carlofrancio.net\/wp-content\/uploads\/2016\/05\/IMG_1545-640x480.jpg 640w, https:\/\/www.carlofrancio.net\/wp-content\/uploads\/2016\/05\/IMG_1545.jpg 800w\" sizes=\"auto, (max-width: 160px) 100vw, 160px\" \/><\/a>\n\t\t\t<\/div>\n\t\t\t\t<figcaption class='wp-caption-text gallery-caption' id='gallery-1-23473'>\n\t\t\t\t2008-05-17-Agrigento-Stadio-Esseneto-Arcivescovo_Franco_Montenegro\n\t\t\t\t<\/figcaption><\/figure><figure class='gallery-item'>\n\t\t\t<div class='gallery-icon landscape'>\n\t\t\t\t<a href='https:\/\/www.carlofrancio.net\/wp-content\/uploads\/2016\/05\/IMG_1546.jpg'><img loading=\"lazy\" decoding=\"async\" width=\"160\" height=\"120\" src=\"https:\/\/www.carlofrancio.net\/wp-content\/uploads\/2016\/05\/IMG_1546-160x120.jpg\" class=\"attachment-thumbnail size-thumbnail\" alt=\"\" aria-describedby=\"gallery-1-23474\" srcset=\"https:\/\/www.carlofrancio.net\/wp-content\/uploads\/2016\/05\/IMG_1546-160x120.jpg 160w, https:\/\/www.carlofrancio.net\/wp-content\/uploads\/2016\/05\/IMG_1546-320x240.jpg 320w, https:\/\/www.carlofrancio.net\/wp-content\/uploads\/2016\/05\/IMG_1546-640x480.jpg 640w, https:\/\/www.carlofrancio.net\/wp-content\/uploads\/2016\/05\/IMG_1546.jpg 800w\" sizes=\"auto, (max-width: 160px) 100vw, 160px\" \/><\/a>\n\t\t\t<\/div>\n\t\t\t\t<figcaption class='wp-caption-text gallery-caption' id='gallery-1-23474'>\n\t\t\t\t2008-05-17-Agrigento-Stadio-Esseneto-Arcivescovo_Franco_Montenegro\n\t\t\t\t<\/figcaption><\/figure><figure class='gallery-item'>\n\t\t\t<div class='gallery-icon landscape'>\n\t\t\t\t<a href='https:\/\/www.carlofrancio.net\/wp-content\/uploads\/2016\/05\/IMG_1547.jpg'><img loading=\"lazy\" decoding=\"async\" width=\"160\" height=\"120\" src=\"https:\/\/www.carlofrancio.net\/wp-content\/uploads\/2016\/05\/IMG_1547-160x120.jpg\" class=\"attachment-thumbnail size-thumbnail\" alt=\"\" aria-describedby=\"gallery-1-23475\" srcset=\"https:\/\/www.carlofrancio.net\/wp-content\/uploads\/2016\/05\/IMG_1547-160x120.jpg 160w, https:\/\/www.carlofrancio.net\/wp-content\/uploads\/2016\/05\/IMG_1547-320x240.jpg 320w, https:\/\/www.carlofrancio.net\/wp-content\/uploads\/2016\/05\/IMG_1547-640x480.jpg 640w, https:\/\/www.carlofrancio.net\/wp-content\/uploads\/2016\/05\/IMG_1547.jpg 800w\" sizes=\"auto, (max-width: 160px) 100vw, 160px\" \/><\/a>\n\t\t\t<\/div>\n\t\t\t\t<figcaption class='wp-caption-text gallery-caption' id='gallery-1-23475'>\n\t\t\t\t2008-05-17-Agrigento-Stadio-Esseneto-Arcivescovo_Franco_Montenegro\n\t\t\t\t<\/figcaption><\/figure><figure class='gallery-item'>\n\t\t\t<div class='gallery-icon landscape'>\n\t\t\t\t<a href='https:\/\/www.carlofrancio.net\/wp-content\/uploads\/2016\/05\/IMG_1548.jpg'><img loading=\"lazy\" decoding=\"async\" width=\"160\" height=\"120\" src=\"https:\/\/www.carlofrancio.net\/wp-content\/uploads\/2016\/05\/IMG_1548-160x120.jpg\" class=\"attachment-thumbnail size-thumbnail\" alt=\"\" aria-describedby=\"gallery-1-23476\" srcset=\"https:\/\/www.carlofrancio.net\/wp-content\/uploads\/2016\/05\/IMG_1548-160x120.jpg 160w, https:\/\/www.carlofrancio.net\/wp-content\/uploads\/2016\/05\/IMG_1548-320x240.jpg 320w, https:\/\/www.carlofrancio.net\/wp-content\/uploads\/2016\/05\/IMG_1548-640x480.jpg 640w, https:\/\/www.carlofrancio.net\/wp-content\/uploads\/2016\/05\/IMG_1548.jpg 800w\" sizes=\"auto, (max-width: 160px) 100vw, 160px\" \/><\/a>\n\t\t\t<\/div>\n\t\t\t\t<figcaption class='wp-caption-text gallery-caption' id='gallery-1-23476'>\n\t\t\t\tC\n\t\t\t\t<\/figcaption><\/figure><figure class='gallery-item'>\n\t\t\t<div class='gallery-icon landscape'>\n\t\t\t\t<a href='https:\/\/www.carlofrancio.net\/wp-content\/uploads\/2016\/05\/IMG_1548-1.jpg'><img loading=\"lazy\" decoding=\"async\" width=\"160\" height=\"120\" src=\"https:\/\/www.carlofrancio.net\/wp-content\/uploads\/2016\/05\/IMG_1548-1-160x120.jpg\" class=\"attachment-thumbnail size-thumbnail\" alt=\"\" aria-describedby=\"gallery-1-23477\" srcset=\"https:\/\/www.carlofrancio.net\/wp-content\/uploads\/2016\/05\/IMG_1548-1-160x120.jpg 160w, https:\/\/www.carlofrancio.net\/wp-content\/uploads\/2016\/05\/IMG_1548-1-320x240.jpg 320w, https:\/\/www.carlofrancio.net\/wp-content\/uploads\/2016\/05\/IMG_1548-1-640x480.jpg 640w, https:\/\/www.carlofrancio.net\/wp-content\/uploads\/2016\/05\/IMG_1548-1.jpg 800w\" sizes=\"auto, (max-width: 160px) 100vw, 160px\" \/><\/a>\n\t\t\t<\/div>\n\t\t\t\t<figcaption class='wp-caption-text gallery-caption' id='gallery-1-23477'>\n\t\t\t\tArcivescovi &#8211; Marra_Romeo_Pennisi_LaPiana\n\t\t\t\t<\/figcaption><\/figure><figure class='gallery-item'>\n\t\t\t<div class='gallery-icon landscape'>\n\t\t\t\t<a href='https:\/\/www.carlofrancio.net\/wp-content\/uploads\/2016\/05\/IMG_1549.jpg'><img loading=\"lazy\" decoding=\"async\" width=\"160\" height=\"120\" src=\"https:\/\/www.carlofrancio.net\/wp-content\/uploads\/2016\/05\/IMG_1549-160x120.jpg\" class=\"attachment-thumbnail size-thumbnail\" alt=\"\" aria-describedby=\"gallery-1-23478\" srcset=\"https:\/\/www.carlofrancio.net\/wp-content\/uploads\/2016\/05\/IMG_1549-160x120.jpg 160w, https:\/\/www.carlofrancio.net\/wp-content\/uploads\/2016\/05\/IMG_1549-320x240.jpg 320w, https:\/\/www.carlofrancio.net\/wp-content\/uploads\/2016\/05\/IMG_1549-640x480.jpg 640w, https:\/\/www.carlofrancio.net\/wp-content\/uploads\/2016\/05\/IMG_1549.jpg 800w\" sizes=\"auto, (max-width: 160px) 100vw, 160px\" \/><\/a>\n\t\t\t<\/div>\n\t\t\t\t<figcaption class='wp-caption-text gallery-caption' id='gallery-1-23478'>\n\t\t\t\t2008-05-17-Agrigento-Stadio-Esseneto-Arcivescovo_Franco_Montenegro\n\t\t\t\t<\/figcaption><\/figure><figure class='gallery-item'>\n\t\t\t<div class='gallery-icon landscape'>\n\t\t\t\t<a href='https:\/\/www.carlofrancio.net\/wp-content\/uploads\/2016\/05\/IMG_1550.jpg'><img loading=\"lazy\" decoding=\"async\" width=\"160\" height=\"120\" src=\"https:\/\/www.carlofrancio.net\/wp-content\/uploads\/2016\/05\/IMG_1550-160x120.jpg\" class=\"attachment-thumbnail size-thumbnail\" alt=\"\" aria-describedby=\"gallery-1-23479\" srcset=\"https:\/\/www.carlofrancio.net\/wp-content\/uploads\/2016\/05\/IMG_1550-160x120.jpg 160w, https:\/\/www.carlofrancio.net\/wp-content\/uploads\/2016\/05\/IMG_1550-320x240.jpg 320w, https:\/\/www.carlofrancio.net\/wp-content\/uploads\/2016\/05\/IMG_1550-640x480.jpg 640w, https:\/\/www.carlofrancio.net\/wp-content\/uploads\/2016\/05\/IMG_1550.jpg 800w\" sizes=\"auto, (max-width: 160px) 100vw, 160px\" \/><\/a>\n\t\t\t<\/div>\n\t\t\t\t<figcaption class='wp-caption-text gallery-caption' id='gallery-1-23479'>\n\t\t\t\t2008-05-17-Agrigento-Stadio-Esseneto-Arcivescovo_Franco_Montenegro\n\t\t\t\t<\/figcaption><\/figure><figure class='gallery-item'>\n\t\t\t<div class='gallery-icon landscape'>\n\t\t\t\t<a href='https:\/\/www.carlofrancio.net\/wp-content\/uploads\/2016\/05\/IMG_1551.jpg'><img loading=\"lazy\" decoding=\"async\" width=\"160\" height=\"120\" src=\"https:\/\/www.carlofrancio.net\/wp-content\/uploads\/2016\/05\/IMG_1551-160x120.jpg\" class=\"attachment-thumbnail size-thumbnail\" alt=\"\" aria-describedby=\"gallery-1-23480\" srcset=\"https:\/\/www.carlofrancio.net\/wp-content\/uploads\/2016\/05\/IMG_1551-160x120.jpg 160w, https:\/\/www.carlofrancio.net\/wp-content\/uploads\/2016\/05\/IMG_1551-320x240.jpg 320w, https:\/\/www.carlofrancio.net\/wp-content\/uploads\/2016\/05\/IMG_1551-640x480.jpg 640w, https:\/\/www.carlofrancio.net\/wp-content\/uploads\/2016\/05\/IMG_1551.jpg 800w\" sizes=\"auto, (max-width: 160px) 100vw, 160px\" \/><\/a>\n\t\t\t<\/div>\n\t\t\t\t<figcaption class='wp-caption-text gallery-caption' id='gallery-1-23480'>\n\t\t\t\t2008-05-17-Agrigento-Stadio-Esseneto-Arcivescovo_Franco_Montenegro\n\t\t\t\t<\/figcaption><\/figure><figure class='gallery-item'>\n\t\t\t<div class='gallery-icon landscape'>\n\t\t\t\t<a href='https:\/\/www.carlofrancio.net\/wp-content\/uploads\/2016\/05\/IMG_1552.jpg'><img loading=\"lazy\" decoding=\"async\" width=\"160\" height=\"120\" src=\"https:\/\/www.carlofrancio.net\/wp-content\/uploads\/2016\/05\/IMG_1552-160x120.jpg\" class=\"attachment-thumbnail size-thumbnail\" alt=\"\" srcset=\"https:\/\/www.carlofrancio.net\/wp-content\/uploads\/2016\/05\/IMG_1552-160x120.jpg 160w, https:\/\/www.carlofrancio.net\/wp-content\/uploads\/2016\/05\/IMG_1552-320x240.jpg 320w, https:\/\/www.carlofrancio.net\/wp-content\/uploads\/2016\/05\/IMG_1552-640x480.jpg 640w, https:\/\/www.carlofrancio.net\/wp-content\/uploads\/2016\/05\/IMG_1552.jpg 800w\" sizes=\"auto, (max-width: 160px) 100vw, 160px\" \/><\/a>\n\t\t\t<\/div><\/figure><figure class='gallery-item'>\n\t\t\t<div class='gallery-icon landscape'>\n\t\t\t\t<a href='https:\/\/www.carlofrancio.net\/wp-content\/uploads\/2016\/05\/IMG_1555.jpg'><img loading=\"lazy\" decoding=\"async\" width=\"160\" height=\"120\" src=\"https:\/\/www.carlofrancio.net\/wp-content\/uploads\/2016\/05\/IMG_1555-160x120.jpg\" class=\"attachment-thumbnail size-thumbnail\" alt=\"\" aria-describedby=\"gallery-1-23482\" srcset=\"https:\/\/www.carlofrancio.net\/wp-content\/uploads\/2016\/05\/IMG_1555-160x120.jpg 160w, https:\/\/www.carlofrancio.net\/wp-content\/uploads\/2016\/05\/IMG_1555-320x240.jpg 320w, https:\/\/www.carlofrancio.net\/wp-content\/uploads\/2016\/05\/IMG_1555-640x480.jpg 640w, https:\/\/www.carlofrancio.net\/wp-content\/uploads\/2016\/05\/IMG_1555.jpg 800w\" sizes=\"auto, (max-width: 160px) 100vw, 160px\" \/><\/a>\n\t\t\t<\/div>\n\t\t\t\t<figcaption class='wp-caption-text gallery-caption' id='gallery-1-23482'>\n\t\t\t\t2008-05-17-Agrigento-Stadio-Esseneto-Arcivescovo_Franco_Montenegro\n\t\t\t\t<\/figcaption><\/figure><figure class='gallery-item'>\n\t\t\t<div class='gallery-icon landscape'>\n\t\t\t\t<a href='https:\/\/www.carlofrancio.net\/wp-content\/uploads\/2016\/05\/IMG_1557.jpg'><img loading=\"lazy\" decoding=\"async\" width=\"160\" height=\"120\" src=\"https:\/\/www.carlofrancio.net\/wp-content\/uploads\/2016\/05\/IMG_1557-160x120.jpg\" class=\"attachment-thumbnail size-thumbnail\" alt=\"\" aria-describedby=\"gallery-1-23483\" srcset=\"https:\/\/www.carlofrancio.net\/wp-content\/uploads\/2016\/05\/IMG_1557-160x120.jpg 160w, https:\/\/www.carlofrancio.net\/wp-content\/uploads\/2016\/05\/IMG_1557-320x240.jpg 320w, https:\/\/www.carlofrancio.net\/wp-content\/uploads\/2016\/05\/IMG_1557-640x480.jpg 640w, https:\/\/www.carlofrancio.net\/wp-content\/uploads\/2016\/05\/IMG_1557.jpg 800w\" sizes=\"auto, (max-width: 160px) 100vw, 160px\" \/><\/a>\n\t\t\t<\/div>\n\t\t\t\t<figcaption class='wp-caption-text gallery-caption' id='gallery-1-23483'>\n\t\t\t\t2008-05-17-Agrigento-Stadio-Esseneto-Arcivescovo_Franco_Montenegro\n\t\t\t\t<\/figcaption><\/figure><figure class='gallery-item'>\n\t\t\t<div class='gallery-icon landscape'>\n\t\t\t\t<a href='https:\/\/www.carlofrancio.net\/wp-content\/uploads\/2016\/05\/IMG_1562.jpg'><img loading=\"lazy\" decoding=\"async\" width=\"160\" height=\"120\" src=\"https:\/\/www.carlofrancio.net\/wp-content\/uploads\/2016\/05\/IMG_1562-160x120.jpg\" class=\"attachment-thumbnail size-thumbnail\" alt=\"\" srcset=\"https:\/\/www.carlofrancio.net\/wp-content\/uploads\/2016\/05\/IMG_1562-160x120.jpg 160w, https:\/\/www.carlofrancio.net\/wp-content\/uploads\/2016\/05\/IMG_1562-320x240.jpg 320w, https:\/\/www.carlofrancio.net\/wp-content\/uploads\/2016\/05\/IMG_1562-640x480.jpg 640w, https:\/\/www.carlofrancio.net\/wp-content\/uploads\/2016\/05\/IMG_1562.jpg 800w\" sizes=\"auto, (max-width: 160px) 100vw, 160px\" \/><\/a>\n\t\t\t<\/div><\/figure><figure class='gallery-item'>\n\t\t\t<div class='gallery-icon landscape'>\n\t\t\t\t<a href='https:\/\/www.carlofrancio.net\/wp-content\/uploads\/2016\/05\/P-Aldo-Mosca.jpg'><img loading=\"lazy\" decoding=\"async\" width=\"160\" height=\"120\" src=\"https:\/\/www.carlofrancio.net\/wp-content\/uploads\/2016\/05\/P-Aldo-Mosca-160x120.jpg\" class=\"attachment-thumbnail size-thumbnail\" alt=\"\" aria-describedby=\"gallery-1-23485\" srcset=\"https:\/\/www.carlofrancio.net\/wp-content\/uploads\/2016\/05\/P-Aldo-Mosca-160x120.jpg 160w, https:\/\/www.carlofrancio.net\/wp-content\/uploads\/2016\/05\/P-Aldo-Mosca-320x240.jpg 320w, https:\/\/www.carlofrancio.net\/wp-content\/uploads\/2016\/05\/P-Aldo-Mosca-640x480.jpg 640w, https:\/\/www.carlofrancio.net\/wp-content\/uploads\/2016\/05\/P-Aldo-Mosca.jpg 800w\" sizes=\"auto, (max-width: 160px) 100vw, 160px\" \/><\/a>\n\t\t\t<\/div>\n\t\t\t\t<figcaption class='wp-caption-text gallery-caption' id='gallery-1-23485'>\n\t\t\t\t2008-05-17-Agrigento-Stadio-Esseneto-Arcivescovo_Franco_Montenegro\n\t\t\t\t<\/figcaption><\/figure><figure class='gallery-item'>\n\t\t\t<div class='gallery-icon landscape'>\n\t\t\t\t<a href='https:\/\/www.carlofrancio.net\/wp-content\/uploads\/2016\/05\/Vescovo-La-Piana.jpg'><img loading=\"lazy\" decoding=\"async\" width=\"160\" height=\"120\" src=\"https:\/\/www.carlofrancio.net\/wp-content\/uploads\/2016\/05\/Vescovo-La-Piana-160x120.jpg\" class=\"attachment-thumbnail size-thumbnail\" alt=\"\" aria-describedby=\"gallery-1-23486\" srcset=\"https:\/\/www.carlofrancio.net\/wp-content\/uploads\/2016\/05\/Vescovo-La-Piana-160x120.jpg 160w, https:\/\/www.carlofrancio.net\/wp-content\/uploads\/2016\/05\/Vescovo-La-Piana-320x240.jpg 320w, https:\/\/www.carlofrancio.net\/wp-content\/uploads\/2016\/05\/Vescovo-La-Piana-640x480.jpg 640w, https:\/\/www.carlofrancio.net\/wp-content\/uploads\/2016\/05\/Vescovo-La-Piana.jpg 800w\" sizes=\"auto, (max-width: 160px) 100vw, 160px\" \/><\/a>\n\t\t\t<\/div>\n\t\t\t\t<figcaption class='wp-caption-text gallery-caption' id='gallery-1-23486'>\n\t\t\t\t2008-05-17-Agrigento-Stadio-Esseneto-Arcivescovo_Franco_Montenegro\n\t\t\t\t<\/figcaption><\/figure><figure class='gallery-item'>\n\t\t\t<div class='gallery-icon landscape'>\n\t\t\t\t<a href='https:\/\/www.carlofrancio.net\/wp-content\/uploads\/2016\/05\/Don-Aldo-Mosca.jpg'><img loading=\"lazy\" decoding=\"async\" width=\"160\" height=\"120\" src=\"https:\/\/www.carlofrancio.net\/wp-content\/uploads\/2016\/05\/Don-Aldo-Mosca-160x120.jpg\" class=\"attachment-thumbnail size-thumbnail\" alt=\"\" aria-describedby=\"gallery-1-23487\" srcset=\"https:\/\/www.carlofrancio.net\/wp-content\/uploads\/2016\/05\/Don-Aldo-Mosca-160x120.jpg 160w, https:\/\/www.carlofrancio.net\/wp-content\/uploads\/2016\/05\/Don-Aldo-Mosca-320x240.jpg 320w, https:\/\/www.carlofrancio.net\/wp-content\/uploads\/2016\/05\/Don-Aldo-Mosca-640x480.jpg 640w, https:\/\/www.carlofrancio.net\/wp-content\/uploads\/2016\/05\/Don-Aldo-Mosca.jpg 800w\" sizes=\"auto, (max-width: 160px) 100vw, 160px\" \/><\/a>\n\t\t\t<\/div>\n\t\t\t\t<figcaption class='wp-caption-text gallery-caption' id='gallery-1-23487'>\n\t\t\t\t2008-05-17-Agrigento-Stadio-Esseneto-Arcivescovo_Franco_Montenegro\n\t\t\t\t<\/figcaption><\/figure><figure class='gallery-item'>\n\t\t\t<div class='gallery-icon landscape'>\n\t\t\t\t<a href='https:\/\/www.carlofrancio.net\/wp-content\/uploads\/2016\/05\/Franco-Altare-Vescovi-01.jpg'><img loading=\"lazy\" decoding=\"async\" width=\"160\" height=\"120\" src=\"https:\/\/www.carlofrancio.net\/wp-content\/uploads\/2016\/05\/Franco-Altare-Vescovi-01-160x120.jpg\" class=\"attachment-thumbnail size-thumbnail\" alt=\"\" aria-describedby=\"gallery-1-23488\" srcset=\"https:\/\/www.carlofrancio.net\/wp-content\/uploads\/2016\/05\/Franco-Altare-Vescovi-01-160x120.jpg 160w, https:\/\/www.carlofrancio.net\/wp-content\/uploads\/2016\/05\/Franco-Altare-Vescovi-01-320x240.jpg 320w, https:\/\/www.carlofrancio.net\/wp-content\/uploads\/2016\/05\/Franco-Altare-Vescovi-01-640x480.jpg 640w, https:\/\/www.carlofrancio.net\/wp-content\/uploads\/2016\/05\/Franco-Altare-Vescovi-01.jpg 800w\" sizes=\"auto, (max-width: 160px) 100vw, 160px\" \/><\/a>\n\t\t\t<\/div>\n\t\t\t\t<figcaption class='wp-caption-text gallery-caption' id='gallery-1-23488'>\n\t\t\t\t2008-05-17-Agrigento-Stadio-Esseneto-Arcivescovo_Franco_Montenegro\n\t\t\t\t<\/figcaption><\/figure><figure class='gallery-item'>\n\t\t\t<div class='gallery-icon landscape'>\n\t\t\t\t<a href='https:\/\/www.carlofrancio.net\/wp-content\/uploads\/2016\/05\/Franco-Benedice-01.jpg'><img loading=\"lazy\" decoding=\"async\" width=\"160\" height=\"120\" src=\"https:\/\/www.carlofrancio.net\/wp-content\/uploads\/2016\/05\/Franco-Benedice-01-160x120.jpg\" class=\"attachment-thumbnail size-thumbnail\" alt=\"\" aria-describedby=\"gallery-1-23489\" srcset=\"https:\/\/www.carlofrancio.net\/wp-content\/uploads\/2016\/05\/Franco-Benedice-01-160x120.jpg 160w, https:\/\/www.carlofrancio.net\/wp-content\/uploads\/2016\/05\/Franco-Benedice-01-320x240.jpg 320w, https:\/\/www.carlofrancio.net\/wp-content\/uploads\/2016\/05\/Franco-Benedice-01-640x480.jpg 640w, https:\/\/www.carlofrancio.net\/wp-content\/uploads\/2016\/05\/Franco-Benedice-01.jpg 800w\" sizes=\"auto, (max-width: 160px) 100vw, 160px\" \/><\/a>\n\t\t\t<\/div>\n\t\t\t\t<figcaption class='wp-caption-text gallery-caption' id='gallery-1-23489'>\n\t\t\t\t2008-05-17-Agrigento-Stadio-Esseneto-Arcivescovo_Franco_Montenegro\n\t\t\t\t<\/figcaption><\/figure><figure class='gallery-item'>\n\t\t\t<div class='gallery-icon landscape'>\n\t\t\t\t<a href='https:\/\/www.carlofrancio.net\/wp-content\/uploads\/2016\/05\/Franco-Benedice-02.jpg'><img loading=\"lazy\" decoding=\"async\" width=\"160\" height=\"120\" src=\"https:\/\/www.carlofrancio.net\/wp-content\/uploads\/2016\/05\/Franco-Benedice-02-160x120.jpg\" class=\"attachment-thumbnail size-thumbnail\" alt=\"\" aria-describedby=\"gallery-1-23490\" srcset=\"https:\/\/www.carlofrancio.net\/wp-content\/uploads\/2016\/05\/Franco-Benedice-02-160x120.jpg 160w, https:\/\/www.carlofrancio.net\/wp-content\/uploads\/2016\/05\/Franco-Benedice-02-320x240.jpg 320w, https:\/\/www.carlofrancio.net\/wp-content\/uploads\/2016\/05\/Franco-Benedice-02-640x480.jpg 640w, https:\/\/www.carlofrancio.net\/wp-content\/uploads\/2016\/05\/Franco-Benedice-02.jpg 800w\" sizes=\"auto, (max-width: 160px) 100vw, 160px\" \/><\/a>\n\t\t\t<\/div>\n\t\t\t\t<figcaption class='wp-caption-text gallery-caption' id='gallery-1-23490'>\n\t\t\t\t2008-05-17-Agrigento-Stadio-Esseneto-Arcivescovo_Franco_Montenegro\n\t\t\t\t<\/figcaption><\/figure><figure class='gallery-item'>\n\t\t\t<div class='gallery-icon landscape'>\n\t\t\t\t<a href='https:\/\/www.carlofrancio.net\/wp-content\/uploads\/2016\/05\/Franco-Benedice-03.jpg'><img loading=\"lazy\" decoding=\"async\" width=\"160\" height=\"120\" src=\"https:\/\/www.carlofrancio.net\/wp-content\/uploads\/2016\/05\/Franco-Benedice-03-160x120.jpg\" class=\"attachment-thumbnail size-thumbnail\" alt=\"\" aria-describedby=\"gallery-1-23491\" srcset=\"https:\/\/www.carlofrancio.net\/wp-content\/uploads\/2016\/05\/Franco-Benedice-03-160x120.jpg 160w, https:\/\/www.carlofrancio.net\/wp-content\/uploads\/2016\/05\/Franco-Benedice-03-320x240.jpg 320w, https:\/\/www.carlofrancio.net\/wp-content\/uploads\/2016\/05\/Franco-Benedice-03-640x480.jpg 640w, https:\/\/www.carlofrancio.net\/wp-content\/uploads\/2016\/05\/Franco-Benedice-03.jpg 800w\" sizes=\"auto, (max-width: 160px) 100vw, 160px\" \/><\/a>\n\t\t\t<\/div>\n\t\t\t\t<figcaption class='wp-caption-text gallery-caption' id='gallery-1-23491'>\n\t\t\t\t2008-05-17-Agrigento-Stadio-Esseneto-Arcivescovo_Franco_Montenegro\n\t\t\t\t<\/figcaption><\/figure><figure class='gallery-item'>\n\t\t\t<div class='gallery-icon landscape'>\n\t\t\t\t<a href='https:\/\/www.carlofrancio.net\/wp-content\/uploads\/2016\/05\/Franco-Vescovi-Altare-01.jpg'><img loading=\"lazy\" decoding=\"async\" width=\"160\" height=\"120\" src=\"https:\/\/www.carlofrancio.net\/wp-content\/uploads\/2016\/05\/Franco-Vescovi-Altare-01-160x120.jpg\" class=\"attachment-thumbnail size-thumbnail\" alt=\"\" aria-describedby=\"gallery-1-23492\" srcset=\"https:\/\/www.carlofrancio.net\/wp-content\/uploads\/2016\/05\/Franco-Vescovi-Altare-01-160x120.jpg 160w, https:\/\/www.carlofrancio.net\/wp-content\/uploads\/2016\/05\/Franco-Vescovi-Altare-01-320x240.jpg 320w, https:\/\/www.carlofrancio.net\/wp-content\/uploads\/2016\/05\/Franco-Vescovi-Altare-01-640x480.jpg 640w, https:\/\/www.carlofrancio.net\/wp-content\/uploads\/2016\/05\/Franco-Vescovi-Altare-01.jpg 800w\" sizes=\"auto, (max-width: 160px) 100vw, 160px\" \/><\/a>\n\t\t\t<\/div>\n\t\t\t\t<figcaption class='wp-caption-text gallery-caption' id='gallery-1-23492'>\n\t\t\t\t2008-05-17-Agrigento-Stadio-Esseneto-Arcivescovo_Franco_Montenegro\n\t\t\t\t<\/figcaption><\/figure><figure class='gallery-item'>\n\t\t\t<div class='gallery-icon landscape'>\n\t\t\t\t<a href='https:\/\/www.carlofrancio.net\/wp-content\/uploads\/2016\/05\/IMG_1472.jpg'><img loading=\"lazy\" decoding=\"async\" width=\"160\" height=\"120\" src=\"https:\/\/www.carlofrancio.net\/wp-content\/uploads\/2016\/05\/IMG_1472-160x120.jpg\" class=\"attachment-thumbnail size-thumbnail\" alt=\"\" aria-describedby=\"gallery-1-23493\" srcset=\"https:\/\/www.carlofrancio.net\/wp-content\/uploads\/2016\/05\/IMG_1472-160x120.jpg 160w, https:\/\/www.carlofrancio.net\/wp-content\/uploads\/2016\/05\/IMG_1472-320x240.jpg 320w, https:\/\/www.carlofrancio.net\/wp-content\/uploads\/2016\/05\/IMG_1472-640x480.jpg 640w, https:\/\/www.carlofrancio.net\/wp-content\/uploads\/2016\/05\/IMG_1472.jpg 800w\" sizes=\"auto, (max-width: 160px) 100vw, 160px\" \/><\/a>\n\t\t\t<\/div>\n\t\t\t\t<figcaption class='wp-caption-text gallery-caption' id='gallery-1-23493'>\n\t\t\t\t2008-05-17-Agrigento-Stadio-Esseneto-Arcivescovo_Franco_Montenegro\n\t\t\t\t<\/figcaption><\/figure><figure class='gallery-item'>\n\t\t\t<div class='gallery-icon landscape'>\n\t\t\t\t<a href='https:\/\/www.carlofrancio.net\/wp-content\/uploads\/2016\/05\/IMG_1473.jpg'><img loading=\"lazy\" decoding=\"async\" width=\"160\" height=\"120\" src=\"https:\/\/www.carlofrancio.net\/wp-content\/uploads\/2016\/05\/IMG_1473-160x120.jpg\" class=\"attachment-thumbnail size-thumbnail\" alt=\"\" aria-describedby=\"gallery-1-23494\" srcset=\"https:\/\/www.carlofrancio.net\/wp-content\/uploads\/2016\/05\/IMG_1473-160x120.jpg 160w, https:\/\/www.carlofrancio.net\/wp-content\/uploads\/2016\/05\/IMG_1473-320x240.jpg 320w, https:\/\/www.carlofrancio.net\/wp-content\/uploads\/2016\/05\/IMG_1473-640x480.jpg 640w, https:\/\/www.carlofrancio.net\/wp-content\/uploads\/2016\/05\/IMG_1473.jpg 800w\" sizes=\"auto, (max-width: 160px) 100vw, 160px\" \/><\/a>\n\t\t\t<\/div>\n\t\t\t\t<figcaption class='wp-caption-text gallery-caption' id='gallery-1-23494'>\n\t\t\t\t2008-05-17-Agrigento-Stadio-Esseneto-Arcivescovo_Franco_Montenegro\n\t\t\t\t<\/figcaption><\/figure><figure class='gallery-item'>\n\t\t\t<div class='gallery-icon landscape'>\n\t\t\t\t<a href='https:\/\/www.carlofrancio.net\/wp-content\/uploads\/2016\/05\/IMG_1474.jpg'><img loading=\"lazy\" decoding=\"async\" width=\"160\" height=\"120\" src=\"https:\/\/www.carlofrancio.net\/wp-content\/uploads\/2016\/05\/IMG_1474-160x120.jpg\" class=\"attachment-thumbnail size-thumbnail\" alt=\"\" aria-describedby=\"gallery-1-23495\" srcset=\"https:\/\/www.carlofrancio.net\/wp-content\/uploads\/2016\/05\/IMG_1474-160x120.jpg 160w, https:\/\/www.carlofrancio.net\/wp-content\/uploads\/2016\/05\/IMG_1474-320x240.jpg 320w, https:\/\/www.carlofrancio.net\/wp-content\/uploads\/2016\/05\/IMG_1474-640x480.jpg 640w, https:\/\/www.carlofrancio.net\/wp-content\/uploads\/2016\/05\/IMG_1474.jpg 800w\" sizes=\"auto, (max-width: 160px) 100vw, 160px\" \/><\/a>\n\t\t\t<\/div>\n\t\t\t\t<figcaption class='wp-caption-text gallery-caption' id='gallery-1-23495'>\n\t\t\t\t2008-05-17-Agrigento-Stadio-Esseneto-Arcivescovo_Franco_Montenegro\n\t\t\t\t<\/figcaption><\/figure><figure class='gallery-item'>\n\t\t\t<div class='gallery-icon landscape'>\n\t\t\t\t<a href='https:\/\/www.carlofrancio.net\/wp-content\/uploads\/2016\/05\/IMG_1475.jpg'><img loading=\"lazy\" decoding=\"async\" width=\"160\" height=\"120\" src=\"https:\/\/www.carlofrancio.net\/wp-content\/uploads\/2016\/05\/IMG_1475-160x120.jpg\" class=\"attachment-thumbnail size-thumbnail\" alt=\"\" aria-describedby=\"gallery-1-23496\" srcset=\"https:\/\/www.carlofrancio.net\/wp-content\/uploads\/2016\/05\/IMG_1475-160x120.jpg 160w, https:\/\/www.carlofrancio.net\/wp-content\/uploads\/2016\/05\/IMG_1475-320x240.jpg 320w, https:\/\/www.carlofrancio.net\/wp-content\/uploads\/2016\/05\/IMG_1475-640x480.jpg 640w, https:\/\/www.carlofrancio.net\/wp-content\/uploads\/2016\/05\/IMG_1475.jpg 800w\" sizes=\"auto, (max-width: 160px) 100vw, 160px\" \/><\/a>\n\t\t\t<\/div>\n\t\t\t\t<figcaption class='wp-caption-text gallery-caption' id='gallery-1-23496'>\n\t\t\t\t2008-05-17-Agrigento-Stadio-Esseneto-Arcivescovo_Franco_Montenegro\n\t\t\t\t<\/figcaption><\/figure><figure class='gallery-item'>\n\t\t\t<div class='gallery-icon landscape'>\n\t\t\t\t<a href='https:\/\/www.carlofrancio.net\/wp-content\/uploads\/2016\/05\/IMG_1476.jpg'><img loading=\"lazy\" decoding=\"async\" width=\"160\" height=\"120\" src=\"https:\/\/www.carlofrancio.net\/wp-content\/uploads\/2016\/05\/IMG_1476-160x120.jpg\" class=\"attachment-thumbnail size-thumbnail\" alt=\"\" aria-describedby=\"gallery-1-23497\" srcset=\"https:\/\/www.carlofrancio.net\/wp-content\/uploads\/2016\/05\/IMG_1476-160x120.jpg 160w, https:\/\/www.carlofrancio.net\/wp-content\/uploads\/2016\/05\/IMG_1476-320x240.jpg 320w, https:\/\/www.carlofrancio.net\/wp-content\/uploads\/2016\/05\/IMG_1476-640x480.jpg 640w, https:\/\/www.carlofrancio.net\/wp-content\/uploads\/2016\/05\/IMG_1476.jpg 800w\" sizes=\"auto, (max-width: 160px) 100vw, 160px\" \/><\/a>\n\t\t\t<\/div>\n\t\t\t\t<figcaption class='wp-caption-text gallery-caption' id='gallery-1-23497'>\n\t\t\t\t2008-05-17-Agrigento-Stadio-Esseneto-Arcivescovo_Franco_Montenegro\n\t\t\t\t<\/figcaption><\/figure><figure class='gallery-item'>\n\t\t\t<div class='gallery-icon landscape'>\n\t\t\t\t<a href='https:\/\/www.carlofrancio.net\/wp-content\/uploads\/2016\/05\/IMG_1477.jpg'><img loading=\"lazy\" decoding=\"async\" width=\"160\" height=\"120\" src=\"https:\/\/www.carlofrancio.net\/wp-content\/uploads\/2016\/05\/IMG_1477-160x120.jpg\" class=\"attachment-thumbnail size-thumbnail\" alt=\"\" aria-describedby=\"gallery-1-23498\" srcset=\"https:\/\/www.carlofrancio.net\/wp-content\/uploads\/2016\/05\/IMG_1477-160x120.jpg 160w, https:\/\/www.carlofrancio.net\/wp-content\/uploads\/2016\/05\/IMG_1477-320x240.jpg 320w, https:\/\/www.carlofrancio.net\/wp-content\/uploads\/2016\/05\/IMG_1477-640x480.jpg 640w, https:\/\/www.carlofrancio.net\/wp-content\/uploads\/2016\/05\/IMG_1477.jpg 800w\" sizes=\"auto, (max-width: 160px) 100vw, 160px\" \/><\/a>\n\t\t\t<\/div>\n\t\t\t\t<figcaption class='wp-caption-text gallery-caption' id='gallery-1-23498'>\n\t\t\t\t2008-05-17-Agrigento-Stadio-Esseneto-Arcivescovo_Franco_Montenegro\n\t\t\t\t<\/figcaption><\/figure><figure class='gallery-item'>\n\t\t\t<div class='gallery-icon landscape'>\n\t\t\t\t<a href='https:\/\/www.carlofrancio.net\/wp-content\/uploads\/2016\/05\/IMG_1478.jpg'><img loading=\"lazy\" decoding=\"async\" width=\"160\" height=\"120\" src=\"https:\/\/www.carlofrancio.net\/wp-content\/uploads\/2016\/05\/IMG_1478-160x120.jpg\" class=\"attachment-thumbnail size-thumbnail\" alt=\"\" aria-describedby=\"gallery-1-23499\" srcset=\"https:\/\/www.carlofrancio.net\/wp-content\/uploads\/2016\/05\/IMG_1478-160x120.jpg 160w, https:\/\/www.carlofrancio.net\/wp-content\/uploads\/2016\/05\/IMG_1478-320x240.jpg 320w, https:\/\/www.carlofrancio.net\/wp-content\/uploads\/2016\/05\/IMG_1478-640x480.jpg 640w, https:\/\/www.carlofrancio.net\/wp-content\/uploads\/2016\/05\/IMG_1478.jpg 800w\" sizes=\"auto, (max-width: 160px) 100vw, 160px\" \/><\/a>\n\t\t\t<\/div>\n\t\t\t\t<figcaption class='wp-caption-text gallery-caption' id='gallery-1-23499'>\n\t\t\t\t2008-05-17-Agrigento-Stadio-Esseneto-Arcivescovo_Franco_Montenegro\n\t\t\t\t<\/figcaption><\/figure><figure class='gallery-item'>\n\t\t\t<div class='gallery-icon landscape'>\n\t\t\t\t<a href='https:\/\/www.carlofrancio.net\/wp-content\/uploads\/2016\/05\/IMG_1479.jpg'><img loading=\"lazy\" decoding=\"async\" width=\"160\" height=\"120\" src=\"https:\/\/www.carlofrancio.net\/wp-content\/uploads\/2016\/05\/IMG_1479-160x120.jpg\" class=\"attachment-thumbnail size-thumbnail\" alt=\"\" aria-describedby=\"gallery-1-23500\" srcset=\"https:\/\/www.carlofrancio.net\/wp-content\/uploads\/2016\/05\/IMG_1479-160x120.jpg 160w, https:\/\/www.carlofrancio.net\/wp-content\/uploads\/2016\/05\/IMG_1479-320x240.jpg 320w, https:\/\/www.carlofrancio.net\/wp-content\/uploads\/2016\/05\/IMG_1479-640x480.jpg 640w, https:\/\/www.carlofrancio.net\/wp-content\/uploads\/2016\/05\/IMG_1479.jpg 800w\" sizes=\"auto, (max-width: 160px) 100vw, 160px\" \/><\/a>\n\t\t\t<\/div>\n\t\t\t\t<figcaption class='wp-caption-text gallery-caption' id='gallery-1-23500'>\n\t\t\t\t2008-05-17-Agrigento-Stadio-Esseneto-Arcivescovo_Franco_Montenegro\n\t\t\t\t<\/figcaption><\/figure><figure class='gallery-item'>\n\t\t\t<div class='gallery-icon landscape'>\n\t\t\t\t<a href='https:\/\/www.carlofrancio.net\/wp-content\/uploads\/2016\/05\/IMG_1480.jpg'><img loading=\"lazy\" decoding=\"async\" width=\"160\" height=\"120\" src=\"https:\/\/www.carlofrancio.net\/wp-content\/uploads\/2016\/05\/IMG_1480-160x120.jpg\" class=\"attachment-thumbnail size-thumbnail\" alt=\"\" aria-describedby=\"gallery-1-23501\" srcset=\"https:\/\/www.carlofrancio.net\/wp-content\/uploads\/2016\/05\/IMG_1480-160x120.jpg 160w, https:\/\/www.carlofrancio.net\/wp-content\/uploads\/2016\/05\/IMG_1480-320x240.jpg 320w, https:\/\/www.carlofrancio.net\/wp-content\/uploads\/2016\/05\/IMG_1480-640x480.jpg 640w, https:\/\/www.carlofrancio.net\/wp-content\/uploads\/2016\/05\/IMG_1480.jpg 800w\" sizes=\"auto, (max-width: 160px) 100vw, 160px\" \/><\/a>\n\t\t\t<\/div>\n\t\t\t\t<figcaption class='wp-caption-text gallery-caption' id='gallery-1-23501'>\n\t\t\t\t2008-05-17-Agrigento-Stadio-Esseneto-Arcivescovo_Franco_Montenegro\n\t\t\t\t<\/figcaption><\/figure><figure class='gallery-item'>\n\t\t\t<div class='gallery-icon landscape'>\n\t\t\t\t<a href='https:\/\/www.carlofrancio.net\/wp-content\/uploads\/2016\/05\/IMG_1481.jpg'><img loading=\"lazy\" decoding=\"async\" width=\"160\" height=\"120\" src=\"https:\/\/www.carlofrancio.net\/wp-content\/uploads\/2016\/05\/IMG_1481-160x120.jpg\" class=\"attachment-thumbnail size-thumbnail\" alt=\"\" srcset=\"https:\/\/www.carlofrancio.net\/wp-content\/uploads\/2016\/05\/IMG_1481-160x120.jpg 160w, https:\/\/www.carlofrancio.net\/wp-content\/uploads\/2016\/05\/IMG_1481-320x240.jpg 320w, https:\/\/www.carlofrancio.net\/wp-content\/uploads\/2016\/05\/IMG_1481-640x480.jpg 640w, https:\/\/www.carlofrancio.net\/wp-content\/uploads\/2016\/05\/IMG_1481.jpg 800w\" sizes=\"auto, (max-width: 160px) 100vw, 160px\" \/><\/a>\n\t\t\t<\/div><\/figure><figure class='gallery-item'>\n\t\t\t<div class='gallery-icon landscape'>\n\t\t\t\t<a href='https:\/\/www.carlofrancio.net\/wp-content\/uploads\/2016\/05\/IMG_1482.jpg'><img loading=\"lazy\" decoding=\"async\" width=\"160\" height=\"120\" src=\"https:\/\/www.carlofrancio.net\/wp-content\/uploads\/2016\/05\/IMG_1482-160x120.jpg\" class=\"attachment-thumbnail size-thumbnail\" alt=\"\" srcset=\"https:\/\/www.carlofrancio.net\/wp-content\/uploads\/2016\/05\/IMG_1482-160x120.jpg 160w, https:\/\/www.carlofrancio.net\/wp-content\/uploads\/2016\/05\/IMG_1482-320x240.jpg 320w, https:\/\/www.carlofrancio.net\/wp-content\/uploads\/2016\/05\/IMG_1482-640x480.jpg 640w, https:\/\/www.carlofrancio.net\/wp-content\/uploads\/2016\/05\/IMG_1482.jpg 800w\" sizes=\"auto, (max-width: 160px) 100vw, 160px\" \/><\/a>\n\t\t\t<\/div><\/figure><figure class='gallery-item'>\n\t\t\t<div class='gallery-icon landscape'>\n\t\t\t\t<a href='https:\/\/www.carlofrancio.net\/wp-content\/uploads\/2016\/05\/IMG_1483.jpg'><img loading=\"lazy\" decoding=\"async\" width=\"160\" height=\"120\" src=\"https:\/\/www.carlofrancio.net\/wp-content\/uploads\/2016\/05\/IMG_1483-160x120.jpg\" class=\"attachment-thumbnail size-thumbnail\" alt=\"\" aria-describedby=\"gallery-1-23504\" srcset=\"https:\/\/www.carlofrancio.net\/wp-content\/uploads\/2016\/05\/IMG_1483-160x120.jpg 160w, https:\/\/www.carlofrancio.net\/wp-content\/uploads\/2016\/05\/IMG_1483-320x240.jpg 320w, https:\/\/www.carlofrancio.net\/wp-content\/uploads\/2016\/05\/IMG_1483-640x480.jpg 640w, https:\/\/www.carlofrancio.net\/wp-content\/uploads\/2016\/05\/IMG_1483.jpg 800w\" sizes=\"auto, (max-width: 160px) 100vw, 160px\" \/><\/a>\n\t\t\t<\/div>\n\t\t\t\t<figcaption class='wp-caption-text gallery-caption' id='gallery-1-23504'>\n\t\t\t\t2008-05-17-Agrigento-Stadio-Esseneto-Arcivescovo_Franco_Montenegro\n\t\t\t\t<\/figcaption><\/figure><figure class='gallery-item'>\n\t\t\t<div class='gallery-icon landscape'>\n\t\t\t\t<a href='https:\/\/www.carlofrancio.net\/wp-content\/uploads\/2016\/05\/IMG_1484.jpg'><img loading=\"lazy\" decoding=\"async\" width=\"160\" height=\"120\" src=\"https:\/\/www.carlofrancio.net\/wp-content\/uploads\/2016\/05\/IMG_1484-160x120.jpg\" class=\"attachment-thumbnail size-thumbnail\" alt=\"\" aria-describedby=\"gallery-1-23505\" srcset=\"https:\/\/www.carlofrancio.net\/wp-content\/uploads\/2016\/05\/IMG_1484-160x120.jpg 160w, https:\/\/www.carlofrancio.net\/wp-content\/uploads\/2016\/05\/IMG_1484-320x240.jpg 320w, https:\/\/www.carlofrancio.net\/wp-content\/uploads\/2016\/05\/IMG_1484-640x480.jpg 640w, https:\/\/www.carlofrancio.net\/wp-content\/uploads\/2016\/05\/IMG_1484.jpg 800w\" sizes=\"auto, (max-width: 160px) 100vw, 160px\" \/><\/a>\n\t\t\t<\/div>\n\t\t\t\t<figcaption class='wp-caption-text gallery-caption' id='gallery-1-23505'>\n\t\t\t\t2008-05-17-Agrigento-Stadio-Esseneto-Arcivescovo_Franco_Montenegro\n\t\t\t\t<\/figcaption><\/figure><figure class='gallery-item'>\n\t\t\t<div class='gallery-icon landscape'>\n\t\t\t\t<a href='https:\/\/www.carlofrancio.net\/wp-content\/uploads\/2016\/05\/IMG_1485.jpg'><img loading=\"lazy\" decoding=\"async\" width=\"160\" height=\"120\" src=\"https:\/\/www.carlofrancio.net\/wp-content\/uploads\/2016\/05\/IMG_1485-160x120.jpg\" class=\"attachment-thumbnail size-thumbnail\" alt=\"\" aria-describedby=\"gallery-1-23506\" srcset=\"https:\/\/www.carlofrancio.net\/wp-content\/uploads\/2016\/05\/IMG_1485-160x120.jpg 160w, https:\/\/www.carlofrancio.net\/wp-content\/uploads\/2016\/05\/IMG_1485-320x240.jpg 320w, https:\/\/www.carlofrancio.net\/wp-content\/uploads\/2016\/05\/IMG_1485-640x480.jpg 640w, https:\/\/www.carlofrancio.net\/wp-content\/uploads\/2016\/05\/IMG_1485.jpg 800w\" sizes=\"auto, (max-width: 160px) 100vw, 160px\" \/><\/a>\n\t\t\t<\/div>\n\t\t\t\t<figcaption class='wp-caption-text gallery-caption' id='gallery-1-23506'>\n\t\t\t\t2008-05-17-Agrigento-Stadio-Esseneto-Arcivescovo_Franco_Montenegro\n\t\t\t\t<\/figcaption><\/figure><figure class='gallery-item'>\n\t\t\t<div class='gallery-icon landscape'>\n\t\t\t\t<a href='https:\/\/www.carlofrancio.net\/wp-content\/uploads\/2016\/05\/IMG_1486.jpg'><img loading=\"lazy\" decoding=\"async\" width=\"160\" height=\"120\" src=\"https:\/\/www.carlofrancio.net\/wp-content\/uploads\/2016\/05\/IMG_1486-160x120.jpg\" class=\"attachment-thumbnail size-thumbnail\" alt=\"\" aria-describedby=\"gallery-1-23507\" srcset=\"https:\/\/www.carlofrancio.net\/wp-content\/uploads\/2016\/05\/IMG_1486-160x120.jpg 160w, https:\/\/www.carlofrancio.net\/wp-content\/uploads\/2016\/05\/IMG_1486-320x240.jpg 320w, https:\/\/www.carlofrancio.net\/wp-content\/uploads\/2016\/05\/IMG_1486-640x480.jpg 640w, https:\/\/www.carlofrancio.net\/wp-content\/uploads\/2016\/05\/IMG_1486.jpg 800w\" sizes=\"auto, (max-width: 160px) 100vw, 160px\" \/><\/a>\n\t\t\t<\/div>\n\t\t\t\t<figcaption class='wp-caption-text gallery-caption' id='gallery-1-23507'>\n\t\t\t\t2008-05-17-Agrigento-Stadio-Esseneto-Arcivescovo_Franco_Montenegro\n\t\t\t\t<\/figcaption><\/figure><figure class='gallery-item'>\n\t\t\t<div class='gallery-icon landscape'>\n\t\t\t\t<a href='https:\/\/www.carlofrancio.net\/wp-content\/uploads\/2016\/05\/IMG_1487.jpg'><img loading=\"lazy\" decoding=\"async\" width=\"160\" height=\"120\" src=\"https:\/\/www.carlofrancio.net\/wp-content\/uploads\/2016\/05\/IMG_1487-160x120.jpg\" class=\"attachment-thumbnail size-thumbnail\" alt=\"\" aria-describedby=\"gallery-1-23508\" srcset=\"https:\/\/www.carlofrancio.net\/wp-content\/uploads\/2016\/05\/IMG_1487-160x120.jpg 160w, https:\/\/www.carlofrancio.net\/wp-content\/uploads\/2016\/05\/IMG_1487-320x240.jpg 320w, https:\/\/www.carlofrancio.net\/wp-content\/uploads\/2016\/05\/IMG_1487-640x480.jpg 640w, https:\/\/www.carlofrancio.net\/wp-content\/uploads\/2016\/05\/IMG_1487.jpg 800w\" sizes=\"auto, (max-width: 160px) 100vw, 160px\" \/><\/a>\n\t\t\t<\/div>\n\t\t\t\t<figcaption class='wp-caption-text gallery-caption' id='gallery-1-23508'>\n\t\t\t\t2008-05-17-Agrigento-Stadio-Esseneto-Arcivescovo_Franco_Montenegro\n\t\t\t\t<\/figcaption><\/figure><figure class='gallery-item'>\n\t\t\t<div class='gallery-icon landscape'>\n\t\t\t\t<a href='https:\/\/www.carlofrancio.net\/wp-content\/uploads\/2016\/05\/IMG_1488.jpg'><img loading=\"lazy\" decoding=\"async\" width=\"160\" height=\"120\" src=\"https:\/\/www.carlofrancio.net\/wp-content\/uploads\/2016\/05\/IMG_1488-160x120.jpg\" class=\"attachment-thumbnail size-thumbnail\" alt=\"\" aria-describedby=\"gallery-1-23509\" srcset=\"https:\/\/www.carlofrancio.net\/wp-content\/uploads\/2016\/05\/IMG_1488-160x120.jpg 160w, https:\/\/www.carlofrancio.net\/wp-content\/uploads\/2016\/05\/IMG_1488-320x240.jpg 320w, https:\/\/www.carlofrancio.net\/wp-content\/uploads\/2016\/05\/IMG_1488-640x480.jpg 640w, https:\/\/www.carlofrancio.net\/wp-content\/uploads\/2016\/05\/IMG_1488.jpg 800w\" sizes=\"auto, (max-width: 160px) 100vw, 160px\" \/><\/a>\n\t\t\t<\/div>\n\t\t\t\t<figcaption class='wp-caption-text gallery-caption' id='gallery-1-23509'>\n\t\t\t\t2008-05-17-Agrigento-Stadio-Esseneto-Arcivescovo_Franco_Montenegro\n\t\t\t\t<\/figcaption><\/figure><figure class='gallery-item'>\n\t\t\t<div class='gallery-icon landscape'>\n\t\t\t\t<a href='https:\/\/www.carlofrancio.net\/wp-content\/uploads\/2016\/05\/IMG_1496.jpg'><img loading=\"lazy\" decoding=\"async\" width=\"160\" height=\"120\" src=\"https:\/\/www.carlofrancio.net\/wp-content\/uploads\/2016\/05\/IMG_1496-160x120.jpg\" class=\"attachment-thumbnail size-thumbnail\" alt=\"\" aria-describedby=\"gallery-1-23510\" srcset=\"https:\/\/www.carlofrancio.net\/wp-content\/uploads\/2016\/05\/IMG_1496-160x120.jpg 160w, https:\/\/www.carlofrancio.net\/wp-content\/uploads\/2016\/05\/IMG_1496-320x240.jpg 320w, https:\/\/www.carlofrancio.net\/wp-content\/uploads\/2016\/05\/IMG_1496-640x480.jpg 640w, https:\/\/www.carlofrancio.net\/wp-content\/uploads\/2016\/05\/IMG_1496.jpg 800w\" sizes=\"auto, (max-width: 160px) 100vw, 160px\" \/><\/a>\n\t\t\t<\/div>\n\t\t\t\t<figcaption class='wp-caption-text gallery-caption' id='gallery-1-23510'>\n\t\t\t\t2008-05-17-Agrigento-Stadio-Esseneto-Arcivescovo_Franco_Montenegro\n\t\t\t\t<\/figcaption><\/figure><figure class='gallery-item'>\n\t\t\t<div class='gallery-icon landscape'>\n\t\t\t\t<a href='https:\/\/www.carlofrancio.net\/wp-content\/uploads\/2016\/05\/IMG_1498.jpg'><img loading=\"lazy\" decoding=\"async\" width=\"160\" height=\"120\" src=\"https:\/\/www.carlofrancio.net\/wp-content\/uploads\/2016\/05\/IMG_1498-160x120.jpg\" class=\"attachment-thumbnail size-thumbnail\" alt=\"\" aria-describedby=\"gallery-1-23511\" srcset=\"https:\/\/www.carlofrancio.net\/wp-content\/uploads\/2016\/05\/IMG_1498-160x120.jpg 160w, https:\/\/www.carlofrancio.net\/wp-content\/uploads\/2016\/05\/IMG_1498-320x240.jpg 320w, https:\/\/www.carlofrancio.net\/wp-content\/uploads\/2016\/05\/IMG_1498-640x480.jpg 640w, https:\/\/www.carlofrancio.net\/wp-content\/uploads\/2016\/05\/IMG_1498.jpg 800w\" sizes=\"auto, (max-width: 160px) 100vw, 160px\" \/><\/a>\n\t\t\t<\/div>\n\t\t\t\t<figcaption class='wp-caption-text gallery-caption' id='gallery-1-23511'>\n\t\t\t\t2008-05-17-Agrigento-Stadio-Esseneto-Arcivescovo_Franco_Montenegro\n\t\t\t\t<\/figcaption><\/figure><figure class='gallery-item'>\n\t\t\t<div class='gallery-icon landscape'>\n\t\t\t\t<a href='https:\/\/www.carlofrancio.net\/wp-content\/uploads\/2016\/05\/IMG_1499.jpg'><img loading=\"lazy\" decoding=\"async\" width=\"160\" height=\"120\" src=\"https:\/\/www.carlofrancio.net\/wp-content\/uploads\/2016\/05\/IMG_1499-160x120.jpg\" class=\"attachment-thumbnail size-thumbnail\" alt=\"\" aria-describedby=\"gallery-1-23512\" srcset=\"https:\/\/www.carlofrancio.net\/wp-content\/uploads\/2016\/05\/IMG_1499-160x120.jpg 160w, https:\/\/www.carlofrancio.net\/wp-content\/uploads\/2016\/05\/IMG_1499-320x240.jpg 320w, https:\/\/www.carlofrancio.net\/wp-content\/uploads\/2016\/05\/IMG_1499-640x480.jpg 640w, https:\/\/www.carlofrancio.net\/wp-content\/uploads\/2016\/05\/IMG_1499.jpg 800w\" sizes=\"auto, (max-width: 160px) 100vw, 160px\" \/><\/a>\n\t\t\t<\/div>\n\t\t\t\t<figcaption class='wp-caption-text gallery-caption' id='gallery-1-23512'>\n\t\t\t\t2008-05-17-Agrigento-Stadio-Esseneto-Arcivescovo_Franco_Montenegro\n\t\t\t\t<\/figcaption><\/figure><figure class='gallery-item'>\n\t\t\t<div class='gallery-icon landscape'>\n\t\t\t\t<a href='https:\/\/www.carlofrancio.net\/wp-content\/uploads\/2016\/05\/IMG_1500.jpg'><img loading=\"lazy\" decoding=\"async\" width=\"160\" height=\"120\" src=\"https:\/\/www.carlofrancio.net\/wp-content\/uploads\/2016\/05\/IMG_1500-160x120.jpg\" class=\"attachment-thumbnail size-thumbnail\" alt=\"\" aria-describedby=\"gallery-1-23513\" srcset=\"https:\/\/www.carlofrancio.net\/wp-content\/uploads\/2016\/05\/IMG_1500-160x120.jpg 160w, https:\/\/www.carlofrancio.net\/wp-content\/uploads\/2016\/05\/IMG_1500-320x240.jpg 320w, https:\/\/www.carlofrancio.net\/wp-content\/uploads\/2016\/05\/IMG_1500-640x480.jpg 640w, https:\/\/www.carlofrancio.net\/wp-content\/uploads\/2016\/05\/IMG_1500.jpg 800w\" sizes=\"auto, (max-width: 160px) 100vw, 160px\" \/><\/a>\n\t\t\t<\/div>\n\t\t\t\t<figcaption class='wp-caption-text gallery-caption' id='gallery-1-23513'>\n\t\t\t\t2008-05-17-Agrigento-Stadio-Esseneto-Arcivescovo_Franco_Montenegro\n\t\t\t\t<\/figcaption><\/figure><figure class='gallery-item'>\n\t\t\t<div class='gallery-icon landscape'>\n\t\t\t\t<a href='https:\/\/www.carlofrancio.net\/wp-content\/uploads\/2016\/05\/IMG_1501.jpg'><img loading=\"lazy\" decoding=\"async\" width=\"160\" height=\"120\" src=\"https:\/\/www.carlofrancio.net\/wp-content\/uploads\/2016\/05\/IMG_1501-160x120.jpg\" class=\"attachment-thumbnail size-thumbnail\" alt=\"\" aria-describedby=\"gallery-1-23514\" srcset=\"https:\/\/www.carlofrancio.net\/wp-content\/uploads\/2016\/05\/IMG_1501-160x120.jpg 160w, https:\/\/www.carlofrancio.net\/wp-content\/uploads\/2016\/05\/IMG_1501-320x240.jpg 320w, https:\/\/www.carlofrancio.net\/wp-content\/uploads\/2016\/05\/IMG_1501-640x480.jpg 640w, https:\/\/www.carlofrancio.net\/wp-content\/uploads\/2016\/05\/IMG_1501.jpg 800w\" sizes=\"auto, (max-width: 160px) 100vw, 160px\" \/><\/a>\n\t\t\t<\/div>\n\t\t\t\t<figcaption class='wp-caption-text gallery-caption' id='gallery-1-23514'>\n\t\t\t\t2008-05-17-Agrigento-Stadio-Esseneto-Arcivescovo_Franco_Montenegro\n\t\t\t\t<\/figcaption><\/figure><figure class='gallery-item'>\n\t\t\t<div class='gallery-icon landscape'>\n\t\t\t\t<a href='https:\/\/www.carlofrancio.net\/wp-content\/uploads\/2016\/05\/IMG_1502.jpg'><img loading=\"lazy\" decoding=\"async\" width=\"160\" height=\"120\" src=\"https:\/\/www.carlofrancio.net\/wp-content\/uploads\/2016\/05\/IMG_1502-160x120.jpg\" class=\"attachment-thumbnail size-thumbnail\" alt=\"\" aria-describedby=\"gallery-1-23515\" srcset=\"https:\/\/www.carlofrancio.net\/wp-content\/uploads\/2016\/05\/IMG_1502-160x120.jpg 160w, https:\/\/www.carlofrancio.net\/wp-content\/uploads\/2016\/05\/IMG_1502-320x240.jpg 320w, https:\/\/www.carlofrancio.net\/wp-content\/uploads\/2016\/05\/IMG_1502-640x480.jpg 640w, https:\/\/www.carlofrancio.net\/wp-content\/uploads\/2016\/05\/IMG_1502.jpg 800w\" sizes=\"auto, (max-width: 160px) 100vw, 160px\" \/><\/a>\n\t\t\t<\/div>\n\t\t\t\t<figcaption class='wp-caption-text gallery-caption' id='gallery-1-23515'>\n\t\t\t\t2008-05-17-Agrigento-Stadio-Esseneto-Arcivescovo_Franco_Montenegro\n\t\t\t\t<\/figcaption><\/figure><figure class='gallery-item'>\n\t\t\t<div class='gallery-icon landscape'>\n\t\t\t\t<a href='https:\/\/www.carlofrancio.net\/wp-content\/uploads\/2016\/05\/IMG_1503.jpg'><img loading=\"lazy\" decoding=\"async\" width=\"160\" height=\"120\" src=\"https:\/\/www.carlofrancio.net\/wp-content\/uploads\/2016\/05\/IMG_1503-160x120.jpg\" class=\"attachment-thumbnail size-thumbnail\" alt=\"\" aria-describedby=\"gallery-1-23516\" srcset=\"https:\/\/www.carlofrancio.net\/wp-content\/uploads\/2016\/05\/IMG_1503-160x120.jpg 160w, https:\/\/www.carlofrancio.net\/wp-content\/uploads\/2016\/05\/IMG_1503-320x240.jpg 320w, https:\/\/www.carlofrancio.net\/wp-content\/uploads\/2016\/05\/IMG_1503-640x480.jpg 640w, https:\/\/www.carlofrancio.net\/wp-content\/uploads\/2016\/05\/IMG_1503.jpg 800w\" sizes=\"auto, (max-width: 160px) 100vw, 160px\" \/><\/a>\n\t\t\t<\/div>\n\t\t\t\t<figcaption class='wp-caption-text gallery-caption' id='gallery-1-23516'>\n\t\t\t\t2008-05-17-Agrigento-Stadio-Esseneto-Arcivescovo_Franco_Montenegro\n\t\t\t\t<\/figcaption><\/figure><figure class='gallery-item'>\n\t\t\t<div class='gallery-icon landscape'>\n\t\t\t\t<a href='https:\/\/www.carlofrancio.net\/wp-content\/uploads\/2016\/05\/IMG_1504.jpg'><img loading=\"lazy\" decoding=\"async\" width=\"160\" height=\"120\" src=\"https:\/\/www.carlofrancio.net\/wp-content\/uploads\/2016\/05\/IMG_1504-160x120.jpg\" class=\"attachment-thumbnail size-thumbnail\" alt=\"\" srcset=\"https:\/\/www.carlofrancio.net\/wp-content\/uploads\/2016\/05\/IMG_1504-160x120.jpg 160w, https:\/\/www.carlofrancio.net\/wp-content\/uploads\/2016\/05\/IMG_1504-320x240.jpg 320w, https:\/\/www.carlofrancio.net\/wp-content\/uploads\/2016\/05\/IMG_1504-640x480.jpg 640w, https:\/\/www.carlofrancio.net\/wp-content\/uploads\/2016\/05\/IMG_1504.jpg 800w\" sizes=\"auto, (max-width: 160px) 100vw, 160px\" \/><\/a>\n\t\t\t<\/div><\/figure><figure class='gallery-item'>\n\t\t\t<div class='gallery-icon landscape'>\n\t\t\t\t<a href='https:\/\/www.carlofrancio.net\/wp-content\/uploads\/2016\/05\/IMG_1505.jpg'><img loading=\"lazy\" decoding=\"async\" width=\"160\" height=\"120\" src=\"https:\/\/www.carlofrancio.net\/wp-content\/uploads\/2016\/05\/IMG_1505-160x120.jpg\" class=\"attachment-thumbnail size-thumbnail\" alt=\"\" aria-describedby=\"gallery-1-23518\" srcset=\"https:\/\/www.carlofrancio.net\/wp-content\/uploads\/2016\/05\/IMG_1505-160x120.jpg 160w, https:\/\/www.carlofrancio.net\/wp-content\/uploads\/2016\/05\/IMG_1505-320x240.jpg 320w, https:\/\/www.carlofrancio.net\/wp-content\/uploads\/2016\/05\/IMG_1505-640x480.jpg 640w, https:\/\/www.carlofrancio.net\/wp-content\/uploads\/2016\/05\/IMG_1505.jpg 800w\" sizes=\"auto, (max-width: 160px) 100vw, 160px\" \/><\/a>\n\t\t\t<\/div>\n\t\t\t\t<figcaption class='wp-caption-text gallery-caption' id='gallery-1-23518'>\n\t\t\t\t2008-05-17-Agrigento-Stadio-Esseneto-Arcivescovo_Franco_Montenegro\n\t\t\t\t<\/figcaption><\/figure><figure class='gallery-item'>\n\t\t\t<div class='gallery-icon landscape'>\n\t\t\t\t<a href='https:\/\/www.carlofrancio.net\/wp-content\/uploads\/2016\/05\/IMG_1508.jpg'><img loading=\"lazy\" decoding=\"async\" width=\"160\" height=\"120\" src=\"https:\/\/www.carlofrancio.net\/wp-content\/uploads\/2016\/05\/IMG_1508-160x120.jpg\" class=\"attachment-thumbnail size-thumbnail\" alt=\"\" aria-describedby=\"gallery-1-23519\" srcset=\"https:\/\/www.carlofrancio.net\/wp-content\/uploads\/2016\/05\/IMG_1508-160x120.jpg 160w, https:\/\/www.carlofrancio.net\/wp-content\/uploads\/2016\/05\/IMG_1508-320x240.jpg 320w, https:\/\/www.carlofrancio.net\/wp-content\/uploads\/2016\/05\/IMG_1508-640x480.jpg 640w, https:\/\/www.carlofrancio.net\/wp-content\/uploads\/2016\/05\/IMG_1508.jpg 800w\" sizes=\"auto, (max-width: 160px) 100vw, 160px\" \/><\/a>\n\t\t\t<\/div>\n\t\t\t\t<figcaption class='wp-caption-text gallery-caption' id='gallery-1-23519'>\n\t\t\t\t2008-05-17-Agrigento-Stadio-Esseneto-Arcivescovo_Franco_Montenegro\n\t\t\t\t<\/figcaption><\/figure><figure class='gallery-item'>\n\t\t\t<div class='gallery-icon landscape'>\n\t\t\t\t<a href='https:\/\/www.carlofrancio.net\/wp-content\/uploads\/2016\/05\/IMG_1509.jpg'><img loading=\"lazy\" decoding=\"async\" width=\"160\" height=\"120\" src=\"https:\/\/www.carlofrancio.net\/wp-content\/uploads\/2016\/05\/IMG_1509-160x120.jpg\" class=\"attachment-thumbnail size-thumbnail\" alt=\"\" aria-describedby=\"gallery-1-23520\" srcset=\"https:\/\/www.carlofrancio.net\/wp-content\/uploads\/2016\/05\/IMG_1509-160x120.jpg 160w, https:\/\/www.carlofrancio.net\/wp-content\/uploads\/2016\/05\/IMG_1509-320x240.jpg 320w, https:\/\/www.carlofrancio.net\/wp-content\/uploads\/2016\/05\/IMG_1509-640x480.jpg 640w, https:\/\/www.carlofrancio.net\/wp-content\/uploads\/2016\/05\/IMG_1509.jpg 800w\" sizes=\"auto, (max-width: 160px) 100vw, 160px\" \/><\/a>\n\t\t\t<\/div>\n\t\t\t\t<figcaption class='wp-caption-text gallery-caption' id='gallery-1-23520'>\n\t\t\t\t2008-05-17-Agrigento-Stadio-Esseneto-Arcivescovo_Franco_Montenegro\n\t\t\t\t<\/figcaption><\/figure><figure class='gallery-item'>\n\t\t\t<div class='gallery-icon landscape'>\n\t\t\t\t<a href='https:\/\/www.carlofrancio.net\/wp-content\/uploads\/2016\/05\/IMG_1510.jpg'><img loading=\"lazy\" decoding=\"async\" width=\"160\" height=\"120\" src=\"https:\/\/www.carlofrancio.net\/wp-content\/uploads\/2016\/05\/IMG_1510-160x120.jpg\" class=\"attachment-thumbnail size-thumbnail\" alt=\"\" aria-describedby=\"gallery-1-23521\" srcset=\"https:\/\/www.carlofrancio.net\/wp-content\/uploads\/2016\/05\/IMG_1510-160x120.jpg 160w, https:\/\/www.carlofrancio.net\/wp-content\/uploads\/2016\/05\/IMG_1510-320x240.jpg 320w, https:\/\/www.carlofrancio.net\/wp-content\/uploads\/2016\/05\/IMG_1510-640x480.jpg 640w, https:\/\/www.carlofrancio.net\/wp-content\/uploads\/2016\/05\/IMG_1510.jpg 800w\" sizes=\"auto, (max-width: 160px) 100vw, 160px\" \/><\/a>\n\t\t\t<\/div>\n\t\t\t\t<figcaption class='wp-caption-text gallery-caption' id='gallery-1-23521'>\n\t\t\t\t2008-05-17-Agrigento-Stadio-Esseneto-Arcivescovo_Franco_Montenegro\n\t\t\t\t<\/figcaption><\/figure><figure class='gallery-item'>\n\t\t\t<div class='gallery-icon landscape'>\n\t\t\t\t<a href='https:\/\/www.carlofrancio.net\/wp-content\/uploads\/2016\/05\/IMG_1511.jpg'><img loading=\"lazy\" decoding=\"async\" width=\"160\" height=\"120\" src=\"https:\/\/www.carlofrancio.net\/wp-content\/uploads\/2016\/05\/IMG_1511-160x120.jpg\" class=\"attachment-thumbnail size-thumbnail\" alt=\"\" aria-describedby=\"gallery-1-23522\" srcset=\"https:\/\/www.carlofrancio.net\/wp-content\/uploads\/2016\/05\/IMG_1511-160x120.jpg 160w, https:\/\/www.carlofrancio.net\/wp-content\/uploads\/2016\/05\/IMG_1511-320x240.jpg 320w, https:\/\/www.carlofrancio.net\/wp-content\/uploads\/2016\/05\/IMG_1511-640x480.jpg 640w, https:\/\/www.carlofrancio.net\/wp-content\/uploads\/2016\/05\/IMG_1511.jpg 800w\" sizes=\"auto, (max-width: 160px) 100vw, 160px\" \/><\/a>\n\t\t\t<\/div>\n\t\t\t\t<figcaption class='wp-caption-text gallery-caption' id='gallery-1-23522'>\n\t\t\t\t2008-05-17-Agrigento-Stadio-Esseneto-Arcivescovo_Franco_Montenegro\n\t\t\t\t<\/figcaption><\/figure><figure class='gallery-item'>\n\t\t\t<div class='gallery-icon landscape'>\n\t\t\t\t<a href='https:\/\/www.carlofrancio.net\/wp-content\/uploads\/2016\/05\/IMG_1512.jpg'><img loading=\"lazy\" decoding=\"async\" width=\"160\" height=\"120\" src=\"https:\/\/www.carlofrancio.net\/wp-content\/uploads\/2016\/05\/IMG_1512-160x120.jpg\" class=\"attachment-thumbnail size-thumbnail\" alt=\"\" aria-describedby=\"gallery-1-23523\" srcset=\"https:\/\/www.carlofrancio.net\/wp-content\/uploads\/2016\/05\/IMG_1512-160x120.jpg 160w, https:\/\/www.carlofrancio.net\/wp-content\/uploads\/2016\/05\/IMG_1512-320x240.jpg 320w, https:\/\/www.carlofrancio.net\/wp-content\/uploads\/2016\/05\/IMG_1512-640x480.jpg 640w, https:\/\/www.carlofrancio.net\/wp-content\/uploads\/2016\/05\/IMG_1512.jpg 800w\" sizes=\"auto, (max-width: 160px) 100vw, 160px\" \/><\/a>\n\t\t\t<\/div>\n\t\t\t\t<figcaption class='wp-caption-text gallery-caption' id='gallery-1-23523'>\n\t\t\t\t2008-05-17-Agrigento-Stadio-Esseneto-Arcivescovo_Franco_Montenegro\n\t\t\t\t<\/figcaption><\/figure><figure class='gallery-item'>\n\t\t\t<div class='gallery-icon landscape'>\n\t\t\t\t<a href='https:\/\/www.carlofrancio.net\/wp-content\/uploads\/2016\/05\/IMG_1513.jpg'><img loading=\"lazy\" decoding=\"async\" width=\"160\" height=\"120\" src=\"https:\/\/www.carlofrancio.net\/wp-content\/uploads\/2016\/05\/IMG_1513-160x120.jpg\" class=\"attachment-thumbnail size-thumbnail\" alt=\"\" aria-describedby=\"gallery-1-23524\" srcset=\"https:\/\/www.carlofrancio.net\/wp-content\/uploads\/2016\/05\/IMG_1513-160x120.jpg 160w, https:\/\/www.carlofrancio.net\/wp-content\/uploads\/2016\/05\/IMG_1513-320x240.jpg 320w, https:\/\/www.carlofrancio.net\/wp-content\/uploads\/2016\/05\/IMG_1513-640x480.jpg 640w, https:\/\/www.carlofrancio.net\/wp-content\/uploads\/2016\/05\/IMG_1513.jpg 800w\" sizes=\"auto, (max-width: 160px) 100vw, 160px\" \/><\/a>\n\t\t\t<\/div>\n\t\t\t\t<figcaption class='wp-caption-text gallery-caption' id='gallery-1-23524'>\n\t\t\t\t2008-05-17-Agrigento-Stadio-Esseneto-Arcivescovo_Franco_Montenegro\n\t\t\t\t<\/figcaption><\/figure><figure class='gallery-item'>\n\t\t\t<div class='gallery-icon landscape'>\n\t\t\t\t<a href='https:\/\/www.carlofrancio.net\/wp-content\/uploads\/2016\/05\/IMG_1514.jpg'><img loading=\"lazy\" decoding=\"async\" width=\"160\" height=\"120\" src=\"https:\/\/www.carlofrancio.net\/wp-content\/uploads\/2016\/05\/IMG_1514-160x120.jpg\" class=\"attachment-thumbnail size-thumbnail\" alt=\"\" aria-describedby=\"gallery-1-23525\" srcset=\"https:\/\/www.carlofrancio.net\/wp-content\/uploads\/2016\/05\/IMG_1514-160x120.jpg 160w, https:\/\/www.carlofrancio.net\/wp-content\/uploads\/2016\/05\/IMG_1514-320x240.jpg 320w, https:\/\/www.carlofrancio.net\/wp-content\/uploads\/2016\/05\/IMG_1514-640x480.jpg 640w, https:\/\/www.carlofrancio.net\/wp-content\/uploads\/2016\/05\/IMG_1514.jpg 800w\" sizes=\"auto, (max-width: 160px) 100vw, 160px\" \/><\/a>\n\t\t\t<\/div>\n\t\t\t\t<figcaption class='wp-caption-text gallery-caption' id='gallery-1-23525'>\n\t\t\t\t2008-05-17-Agrigento-Stadio-Esseneto-Arcivescovo_Franco_Montenegro\n\t\t\t\t<\/figcaption><\/figure><figure class='gallery-item'>\n\t\t\t<div class='gallery-icon landscape'>\n\t\t\t\t<a href='https:\/\/www.carlofrancio.net\/wp-content\/uploads\/2016\/05\/IMG_1515.jpg'><img loading=\"lazy\" decoding=\"async\" width=\"160\" height=\"120\" src=\"https:\/\/www.carlofrancio.net\/wp-content\/uploads\/2016\/05\/IMG_1515-160x120.jpg\" class=\"attachment-thumbnail size-thumbnail\" alt=\"\" aria-describedby=\"gallery-1-23526\" srcset=\"https:\/\/www.carlofrancio.net\/wp-content\/uploads\/2016\/05\/IMG_1515-160x120.jpg 160w, https:\/\/www.carlofrancio.net\/wp-content\/uploads\/2016\/05\/IMG_1515-320x240.jpg 320w, https:\/\/www.carlofrancio.net\/wp-content\/uploads\/2016\/05\/IMG_1515-640x480.jpg 640w, https:\/\/www.carlofrancio.net\/wp-content\/uploads\/2016\/05\/IMG_1515.jpg 800w\" sizes=\"auto, (max-width: 160px) 100vw, 160px\" \/><\/a>\n\t\t\t<\/div>\n\t\t\t\t<figcaption class='wp-caption-text gallery-caption' id='gallery-1-23526'>\n\t\t\t\t2008-05-17-Agrigento-Stadio-Esseneto-Arcivescovo_Franco_Montenegro\n\t\t\t\t<\/figcaption><\/figure><figure class='gallery-item'>\n\t\t\t<div class='gallery-icon landscape'>\n\t\t\t\t<a href='https:\/\/www.carlofrancio.net\/wp-content\/uploads\/2016\/05\/IMG_1516.jpg'><img loading=\"lazy\" decoding=\"async\" width=\"160\" height=\"120\" src=\"https:\/\/www.carlofrancio.net\/wp-content\/uploads\/2016\/05\/IMG_1516-160x120.jpg\" class=\"attachment-thumbnail size-thumbnail\" alt=\"\" aria-describedby=\"gallery-1-23527\" srcset=\"https:\/\/www.carlofrancio.net\/wp-content\/uploads\/2016\/05\/IMG_1516-160x120.jpg 160w, https:\/\/www.carlofrancio.net\/wp-content\/uploads\/2016\/05\/IMG_1516-320x240.jpg 320w, https:\/\/www.carlofrancio.net\/wp-content\/uploads\/2016\/05\/IMG_1516-640x480.jpg 640w, https:\/\/www.carlofrancio.net\/wp-content\/uploads\/2016\/05\/IMG_1516.jpg 800w\" sizes=\"auto, (max-width: 160px) 100vw, 160px\" \/><\/a>\n\t\t\t<\/div>\n\t\t\t\t<figcaption class='wp-caption-text gallery-caption' id='gallery-1-23527'>\n\t\t\t\t2008-05-17-Agrigento-Stadio-Esseneto-Arcivescovo_Franco_Montenegro\n\t\t\t\t<\/figcaption><\/figure><figure class='gallery-item'>\n\t\t\t<div class='gallery-icon landscape'>\n\t\t\t\t<a href='https:\/\/www.carlofrancio.net\/wp-content\/uploads\/2016\/05\/IMG_1517.jpg'><img loading=\"lazy\" decoding=\"async\" width=\"160\" height=\"120\" src=\"https:\/\/www.carlofrancio.net\/wp-content\/uploads\/2016\/05\/IMG_1517-160x120.jpg\" class=\"attachment-thumbnail size-thumbnail\" alt=\"\" aria-describedby=\"gallery-1-23528\" srcset=\"https:\/\/www.carlofrancio.net\/wp-content\/uploads\/2016\/05\/IMG_1517-160x120.jpg 160w, https:\/\/www.carlofrancio.net\/wp-content\/uploads\/2016\/05\/IMG_1517-320x240.jpg 320w, https:\/\/www.carlofrancio.net\/wp-content\/uploads\/2016\/05\/IMG_1517-640x480.jpg 640w, https:\/\/www.carlofrancio.net\/wp-content\/uploads\/2016\/05\/IMG_1517.jpg 800w\" sizes=\"auto, (max-width: 160px) 100vw, 160px\" \/><\/a>\n\t\t\t<\/div>\n\t\t\t\t<figcaption class='wp-caption-text gallery-caption' id='gallery-1-23528'>\n\t\t\t\t2008-05-17-Agrigento-Stadio-Esseneto-Arcivescovo_Franco_Montenegro\n\t\t\t\t<\/figcaption><\/figure><figure class='gallery-item'>\n\t\t\t<div class='gallery-icon landscape'>\n\t\t\t\t<a href='https:\/\/www.carlofrancio.net\/wp-content\/uploads\/2016\/05\/IMG_1518.jpg'><img loading=\"lazy\" decoding=\"async\" width=\"160\" height=\"120\" src=\"https:\/\/www.carlofrancio.net\/wp-content\/uploads\/2016\/05\/IMG_1518-160x120.jpg\" class=\"attachment-thumbnail size-thumbnail\" alt=\"\" aria-describedby=\"gallery-1-23529\" srcset=\"https:\/\/www.carlofrancio.net\/wp-content\/uploads\/2016\/05\/IMG_1518-160x120.jpg 160w, https:\/\/www.carlofrancio.net\/wp-content\/uploads\/2016\/05\/IMG_1518-320x240.jpg 320w, https:\/\/www.carlofrancio.net\/wp-content\/uploads\/2016\/05\/IMG_1518-640x480.jpg 640w, https:\/\/www.carlofrancio.net\/wp-content\/uploads\/2016\/05\/IMG_1518.jpg 800w\" sizes=\"auto, (max-width: 160px) 100vw, 160px\" \/><\/a>\n\t\t\t<\/div>\n\t\t\t\t<figcaption class='wp-caption-text gallery-caption' id='gallery-1-23529'>\n\t\t\t\t2008-05-17-Agrigento-Stadio-Esseneto-Arcivescovo_Franco_Montenegro\n\t\t\t\t<\/figcaption><\/figure><figure class='gallery-item'>\n\t\t\t<div class='gallery-icon landscape'>\n\t\t\t\t<a href='https:\/\/www.carlofrancio.net\/wp-content\/uploads\/2016\/05\/IMG_1519.jpg'><img loading=\"lazy\" decoding=\"async\" width=\"160\" height=\"120\" src=\"https:\/\/www.carlofrancio.net\/wp-content\/uploads\/2016\/05\/IMG_1519-160x120.jpg\" class=\"attachment-thumbnail size-thumbnail\" alt=\"\" aria-describedby=\"gallery-1-23530\" srcset=\"https:\/\/www.carlofrancio.net\/wp-content\/uploads\/2016\/05\/IMG_1519-160x120.jpg 160w, https:\/\/www.carlofrancio.net\/wp-content\/uploads\/2016\/05\/IMG_1519-320x240.jpg 320w, https:\/\/www.carlofrancio.net\/wp-content\/uploads\/2016\/05\/IMG_1519-640x480.jpg 640w, https:\/\/www.carlofrancio.net\/wp-content\/uploads\/2016\/05\/IMG_1519.jpg 800w\" sizes=\"auto, (max-width: 160px) 100vw, 160px\" \/><\/a>\n\t\t\t<\/div>\n\t\t\t\t<figcaption class='wp-caption-text gallery-caption' id='gallery-1-23530'>\n\t\t\t\t2008-05-17-Agrigento-Stadio-Esseneto-Arcivescovo_Franco_Montenegro\n\t\t\t\t<\/figcaption><\/figure><figure class='gallery-item'>\n\t\t\t<div class='gallery-icon landscape'>\n\t\t\t\t<a href='https:\/\/www.carlofrancio.net\/wp-content\/uploads\/2016\/05\/IMG_1520.jpg'><img loading=\"lazy\" decoding=\"async\" width=\"160\" height=\"120\" src=\"https:\/\/www.carlofrancio.net\/wp-content\/uploads\/2016\/05\/IMG_1520-160x120.jpg\" class=\"attachment-thumbnail size-thumbnail\" alt=\"\" aria-describedby=\"gallery-1-23531\" srcset=\"https:\/\/www.carlofrancio.net\/wp-content\/uploads\/2016\/05\/IMG_1520-160x120.jpg 160w, https:\/\/www.carlofrancio.net\/wp-content\/uploads\/2016\/05\/IMG_1520-320x240.jpg 320w, https:\/\/www.carlofrancio.net\/wp-content\/uploads\/2016\/05\/IMG_1520-640x480.jpg 640w, https:\/\/www.carlofrancio.net\/wp-content\/uploads\/2016\/05\/IMG_1520.jpg 800w\" sizes=\"auto, (max-width: 160px) 100vw, 160px\" \/><\/a>\n\t\t\t<\/div>\n\t\t\t\t<figcaption class='wp-caption-text gallery-caption' id='gallery-1-23531'>\n\t\t\t\t2008-05-17-Agrigento-Stadio-Esseneto-Arcivescovo_Franco_Montenegro\n\t\t\t\t<\/figcaption><\/figure><figure class='gallery-item'>\n\t\t\t<div class='gallery-icon landscape'>\n\t\t\t\t<a href='https:\/\/www.carlofrancio.net\/wp-content\/uploads\/2016\/05\/IMG_1521.jpg'><img loading=\"lazy\" decoding=\"async\" width=\"160\" height=\"120\" src=\"https:\/\/www.carlofrancio.net\/wp-content\/uploads\/2016\/05\/IMG_1521-160x120.jpg\" class=\"attachment-thumbnail size-thumbnail\" alt=\"\" aria-describedby=\"gallery-1-23532\" srcset=\"https:\/\/www.carlofrancio.net\/wp-content\/uploads\/2016\/05\/IMG_1521-160x120.jpg 160w, https:\/\/www.carlofrancio.net\/wp-content\/uploads\/2016\/05\/IMG_1521-320x240.jpg 320w, https:\/\/www.carlofrancio.net\/wp-content\/uploads\/2016\/05\/IMG_1521-640x480.jpg 640w, https:\/\/www.carlofrancio.net\/wp-content\/uploads\/2016\/05\/IMG_1521.jpg 800w\" sizes=\"auto, (max-width: 160px) 100vw, 160px\" \/><\/a>\n\t\t\t<\/div>\n\t\t\t\t<figcaption class='wp-caption-text gallery-caption' id='gallery-1-23532'>\n\t\t\t\t2008-05-17-Agrigento-Stadio-Esseneto-Arcivescovo_Franco_Montenegro\n\t\t\t\t<\/figcaption><\/figure><figure class='gallery-item'>\n\t\t\t<div class='gallery-icon landscape'>\n\t\t\t\t<a href='https:\/\/www.carlofrancio.net\/wp-content\/uploads\/2016\/05\/IMG_1522.jpg'><img loading=\"lazy\" decoding=\"async\" width=\"160\" height=\"120\" src=\"https:\/\/www.carlofrancio.net\/wp-content\/uploads\/2016\/05\/IMG_1522-160x120.jpg\" class=\"attachment-thumbnail size-thumbnail\" alt=\"\" aria-describedby=\"gallery-1-23533\" srcset=\"https:\/\/www.carlofrancio.net\/wp-content\/uploads\/2016\/05\/IMG_1522-160x120.jpg 160w, https:\/\/www.carlofrancio.net\/wp-content\/uploads\/2016\/05\/IMG_1522-320x240.jpg 320w, https:\/\/www.carlofrancio.net\/wp-content\/uploads\/2016\/05\/IMG_1522-640x480.jpg 640w, https:\/\/www.carlofrancio.net\/wp-content\/uploads\/2016\/05\/IMG_1522.jpg 800w\" sizes=\"auto, (max-width: 160px) 100vw, 160px\" \/><\/a>\n\t\t\t<\/div>\n\t\t\t\t<figcaption class='wp-caption-text gallery-caption' id='gallery-1-23533'>\n\t\t\t\t2008-05-17-Agrigento-Stadio-Esseneto-Arcivescovo_Franco_Montenegro\n\t\t\t\t<\/figcaption><\/figure><figure class='gallery-item'>\n\t\t\t<div class='gallery-icon landscape'>\n\t\t\t\t<a href='https:\/\/www.carlofrancio.net\/wp-content\/uploads\/2016\/05\/IMG_1523.jpg'><img loading=\"lazy\" decoding=\"async\" width=\"160\" height=\"120\" src=\"https:\/\/www.carlofrancio.net\/wp-content\/uploads\/2016\/05\/IMG_1523-160x120.jpg\" class=\"attachment-thumbnail size-thumbnail\" alt=\"\" aria-describedby=\"gallery-1-23534\" srcset=\"https:\/\/www.carlofrancio.net\/wp-content\/uploads\/2016\/05\/IMG_1523-160x120.jpg 160w, https:\/\/www.carlofrancio.net\/wp-content\/uploads\/2016\/05\/IMG_1523-320x240.jpg 320w, https:\/\/www.carlofrancio.net\/wp-content\/uploads\/2016\/05\/IMG_1523-640x480.jpg 640w, https:\/\/www.carlofrancio.net\/wp-content\/uploads\/2016\/05\/IMG_1523.jpg 800w\" sizes=\"auto, (max-width: 160px) 100vw, 160px\" \/><\/a>\n\t\t\t<\/div>\n\t\t\t\t<figcaption class='wp-caption-text gallery-caption' id='gallery-1-23534'>\n\t\t\t\t2008-05-17-Agrigento-Stadio-Esseneto-Arcivescovo_Franco_Montenegro\n\t\t\t\t<\/figcaption><\/figure><figure class='gallery-item'>\n\t\t\t<div class='gallery-icon landscape'>\n\t\t\t\t<a href='https:\/\/www.carlofrancio.net\/wp-content\/uploads\/2016\/05\/IMG_1524.jpg'><img loading=\"lazy\" decoding=\"async\" width=\"160\" height=\"120\" src=\"https:\/\/www.carlofrancio.net\/wp-content\/uploads\/2016\/05\/IMG_1524-160x120.jpg\" class=\"attachment-thumbnail size-thumbnail\" alt=\"\" aria-describedby=\"gallery-1-23535\" srcset=\"https:\/\/www.carlofrancio.net\/wp-content\/uploads\/2016\/05\/IMG_1524-160x120.jpg 160w, https:\/\/www.carlofrancio.net\/wp-content\/uploads\/2016\/05\/IMG_1524-320x240.jpg 320w, https:\/\/www.carlofrancio.net\/wp-content\/uploads\/2016\/05\/IMG_1524-640x480.jpg 640w, https:\/\/www.carlofrancio.net\/wp-content\/uploads\/2016\/05\/IMG_1524.jpg 800w\" sizes=\"auto, (max-width: 160px) 100vw, 160px\" \/><\/a>\n\t\t\t<\/div>\n\t\t\t\t<figcaption class='wp-caption-text gallery-caption' id='gallery-1-23535'>\n\t\t\t\t2008-05-17-Agrigento-Stadio-Esseneto-Arcivescovo_Franco_Montenegro\n\t\t\t\t<\/figcaption><\/figure><figure class='gallery-item'>\n\t\t\t<div class='gallery-icon landscape'>\n\t\t\t\t<a href='https:\/\/www.carlofrancio.net\/wp-content\/uploads\/2016\/05\/IMG_1525.jpg'><img loading=\"lazy\" decoding=\"async\" width=\"160\" height=\"120\" src=\"https:\/\/www.carlofrancio.net\/wp-content\/uploads\/2016\/05\/IMG_1525-160x120.jpg\" class=\"attachment-thumbnail size-thumbnail\" alt=\"\" aria-describedby=\"gallery-1-23536\" srcset=\"https:\/\/www.carlofrancio.net\/wp-content\/uploads\/2016\/05\/IMG_1525-160x120.jpg 160w, https:\/\/www.carlofrancio.net\/wp-content\/uploads\/2016\/05\/IMG_1525-320x240.jpg 320w, https:\/\/www.carlofrancio.net\/wp-content\/uploads\/2016\/05\/IMG_1525-640x480.jpg 640w, https:\/\/www.carlofrancio.net\/wp-content\/uploads\/2016\/05\/IMG_1525.jpg 800w\" sizes=\"auto, (max-width: 160px) 100vw, 160px\" \/><\/a>\n\t\t\t<\/div>\n\t\t\t\t<figcaption class='wp-caption-text gallery-caption' id='gallery-1-23536'>\n\t\t\t\t2008-05-17-Agrigento-Stadio-Esseneto-Arcivescovo_Franco_Montenegro\n\t\t\t\t<\/figcaption><\/figure><figure class='gallery-item'>\n\t\t\t<div class='gallery-icon landscape'>\n\t\t\t\t<a href='https:\/\/www.carlofrancio.net\/wp-content\/uploads\/2016\/05\/IMG_1527.jpg'><img loading=\"lazy\" decoding=\"async\" width=\"160\" height=\"120\" src=\"https:\/\/www.carlofrancio.net\/wp-content\/uploads\/2016\/05\/IMG_1527-160x120.jpg\" class=\"attachment-thumbnail size-thumbnail\" alt=\"\" aria-describedby=\"gallery-1-23537\" srcset=\"https:\/\/www.carlofrancio.net\/wp-content\/uploads\/2016\/05\/IMG_1527-160x120.jpg 160w, https:\/\/www.carlofrancio.net\/wp-content\/uploads\/2016\/05\/IMG_1527-320x240.jpg 320w, https:\/\/www.carlofrancio.net\/wp-content\/uploads\/2016\/05\/IMG_1527-640x480.jpg 640w, https:\/\/www.carlofrancio.net\/wp-content\/uploads\/2016\/05\/IMG_1527.jpg 800w\" sizes=\"auto, (max-width: 160px) 100vw, 160px\" \/><\/a>\n\t\t\t<\/div>\n\t\t\t\t<figcaption class='wp-caption-text gallery-caption' id='gallery-1-23537'>\n\t\t\t\t2008-05-17-Agrigento-Stadio-Esseneto-Arcivescovo_Franco_Montenegro\n\t\t\t\t<\/figcaption><\/figure><figure class='gallery-item'>\n\t\t\t<div class='gallery-icon landscape'>\n\t\t\t\t<a href='https:\/\/www.carlofrancio.net\/wp-content\/uploads\/2016\/05\/IMG_1528.jpg'><img loading=\"lazy\" decoding=\"async\" width=\"160\" height=\"120\" src=\"https:\/\/www.carlofrancio.net\/wp-content\/uploads\/2016\/05\/IMG_1528-160x120.jpg\" class=\"attachment-thumbnail size-thumbnail\" alt=\"\" aria-describedby=\"gallery-1-23538\" srcset=\"https:\/\/www.carlofrancio.net\/wp-content\/uploads\/2016\/05\/IMG_1528-160x120.jpg 160w, https:\/\/www.carlofrancio.net\/wp-content\/uploads\/2016\/05\/IMG_1528-320x240.jpg 320w, https:\/\/www.carlofrancio.net\/wp-content\/uploads\/2016\/05\/IMG_1528-640x480.jpg 640w, https:\/\/www.carlofrancio.net\/wp-content\/uploads\/2016\/05\/IMG_1528.jpg 800w\" sizes=\"auto, (max-width: 160px) 100vw, 160px\" \/><\/a>\n\t\t\t<\/div>\n\t\t\t\t<figcaption class='wp-caption-text gallery-caption' id='gallery-1-23538'>\n\t\t\t\t2008-05-17-Agrigento-Stadio-Esseneto-Arcivescovo_Franco_Montenegro\n\t\t\t\t<\/figcaption><\/figure><figure class='gallery-item'>\n\t\t\t<div class='gallery-icon landscape'>\n\t\t\t\t<a href='https:\/\/www.carlofrancio.net\/wp-content\/uploads\/2016\/05\/IMG_1530.jpg'><img loading=\"lazy\" decoding=\"async\" width=\"160\" height=\"120\" src=\"https:\/\/www.carlofrancio.net\/wp-content\/uploads\/2016\/05\/IMG_1530-160x120.jpg\" class=\"attachment-thumbnail size-thumbnail\" alt=\"\" aria-describedby=\"gallery-1-23539\" srcset=\"https:\/\/www.carlofrancio.net\/wp-content\/uploads\/2016\/05\/IMG_1530-160x120.jpg 160w, https:\/\/www.carlofrancio.net\/wp-content\/uploads\/2016\/05\/IMG_1530-320x240.jpg 320w, https:\/\/www.carlofrancio.net\/wp-content\/uploads\/2016\/05\/IMG_1530-640x480.jpg 640w, https:\/\/www.carlofrancio.net\/wp-content\/uploads\/2016\/05\/IMG_1530.jpg 800w\" sizes=\"auto, (max-width: 160px) 100vw, 160px\" \/><\/a>\n\t\t\t<\/div>\n\t\t\t\t<figcaption class='wp-caption-text gallery-caption' id='gallery-1-23539'>\n\t\t\t\t2008-05-17-Agrigento-Stadio-Esseneto-Arcivescovo_Franco_Montenegro\n\t\t\t\t<\/figcaption><\/figure><figure class='gallery-item'>\n\t\t\t<div class='gallery-icon landscape'>\n\t\t\t\t<a href='https:\/\/www.carlofrancio.net\/wp-content\/uploads\/2016\/05\/IMG_1531.jpg'><img loading=\"lazy\" decoding=\"async\" width=\"160\" height=\"120\" src=\"https:\/\/www.carlofrancio.net\/wp-content\/uploads\/2016\/05\/IMG_1531-160x120.jpg\" class=\"attachment-thumbnail size-thumbnail\" alt=\"\" aria-describedby=\"gallery-1-23540\" srcset=\"https:\/\/www.carlofrancio.net\/wp-content\/uploads\/2016\/05\/IMG_1531-160x120.jpg 160w, https:\/\/www.carlofrancio.net\/wp-content\/uploads\/2016\/05\/IMG_1531-320x240.jpg 320w, https:\/\/www.carlofrancio.net\/wp-content\/uploads\/2016\/05\/IMG_1531-640x480.jpg 640w, https:\/\/www.carlofrancio.net\/wp-content\/uploads\/2016\/05\/IMG_1531.jpg 800w\" sizes=\"auto, (max-width: 160px) 100vw, 160px\" \/><\/a>\n\t\t\t<\/div>\n\t\t\t\t<figcaption class='wp-caption-text gallery-caption' id='gallery-1-23540'>\n\t\t\t\t2008-05-17-Agrigento-Stadio-Esseneto-Arcivescovo_Franco_Montenegro\n\t\t\t\t<\/figcaption><\/figure><figure class='gallery-item'>\n\t\t\t<div class='gallery-icon landscape'>\n\t\t\t\t<a href='https:\/\/www.carlofrancio.net\/wp-content\/uploads\/2016\/05\/IMG_1532.jpg'><img loading=\"lazy\" decoding=\"async\" width=\"160\" height=\"120\" src=\"https:\/\/www.carlofrancio.net\/wp-content\/uploads\/2016\/05\/IMG_1532-160x120.jpg\" class=\"attachment-thumbnail size-thumbnail\" alt=\"\" aria-describedby=\"gallery-1-23541\" srcset=\"https:\/\/www.carlofrancio.net\/wp-content\/uploads\/2016\/05\/IMG_1532-160x120.jpg 160w, https:\/\/www.carlofrancio.net\/wp-content\/uploads\/2016\/05\/IMG_1532-320x240.jpg 320w, https:\/\/www.carlofrancio.net\/wp-content\/uploads\/2016\/05\/IMG_1532-640x480.jpg 640w, https:\/\/www.carlofrancio.net\/wp-content\/uploads\/2016\/05\/IMG_1532.jpg 800w\" sizes=\"auto, (max-width: 160px) 100vw, 160px\" \/><\/a>\n\t\t\t<\/div>\n\t\t\t\t<figcaption class='wp-caption-text gallery-caption' id='gallery-1-23541'>\n\t\t\t\t2008-05-17-Agrigento-Stadio-Esseneto-Arcivescovo_Franco_Montenegro\n\t\t\t\t<\/figcaption><\/figure><figure class='gallery-item'>\n\t\t\t<div class='gallery-icon landscape'>\n\t\t\t\t<a href='https:\/\/www.carlofrancio.net\/wp-content\/uploads\/2016\/05\/IMG_1533.jpg'><img loading=\"lazy\" decoding=\"async\" width=\"160\" height=\"120\" src=\"https:\/\/www.carlofrancio.net\/wp-content\/uploads\/2016\/05\/IMG_1533-160x120.jpg\" class=\"attachment-thumbnail size-thumbnail\" alt=\"\" aria-describedby=\"gallery-1-23542\" srcset=\"https:\/\/www.carlofrancio.net\/wp-content\/uploads\/2016\/05\/IMG_1533-160x120.jpg 160w, https:\/\/www.carlofrancio.net\/wp-content\/uploads\/2016\/05\/IMG_1533-320x240.jpg 320w, https:\/\/www.carlofrancio.net\/wp-content\/uploads\/2016\/05\/IMG_1533-640x480.jpg 640w, https:\/\/www.carlofrancio.net\/wp-content\/uploads\/2016\/05\/IMG_1533.jpg 800w\" sizes=\"auto, (max-width: 160px) 100vw, 160px\" \/><\/a>\n\t\t\t<\/div>\n\t\t\t\t<figcaption class='wp-caption-text gallery-caption' id='gallery-1-23542'>\n\t\t\t\t2008-05-17-Agrigento-Stadio-Esseneto-Arcivescovo_Franco_Montenegro\n\t\t\t\t<\/figcaption><\/figure><figure class='gallery-item'>\n\t\t\t<div class='gallery-icon landscape'>\n\t\t\t\t<a href='https:\/\/www.carlofrancio.net\/wp-content\/uploads\/2016\/05\/IMG_1534.jpg'><img loading=\"lazy\" decoding=\"async\" width=\"160\" height=\"120\" src=\"https:\/\/www.carlofrancio.net\/wp-content\/uploads\/2016\/05\/IMG_1534-160x120.jpg\" class=\"attachment-thumbnail size-thumbnail\" alt=\"\" aria-describedby=\"gallery-1-23543\" srcset=\"https:\/\/www.carlofrancio.net\/wp-content\/uploads\/2016\/05\/IMG_1534-160x120.jpg 160w, https:\/\/www.carlofrancio.net\/wp-content\/uploads\/2016\/05\/IMG_1534-320x240.jpg 320w, https:\/\/www.carlofrancio.net\/wp-content\/uploads\/2016\/05\/IMG_1534-640x480.jpg 640w, https:\/\/www.carlofrancio.net\/wp-content\/uploads\/2016\/05\/IMG_1534.jpg 800w\" sizes=\"auto, (max-width: 160px) 100vw, 160px\" \/><\/a>\n\t\t\t<\/div>\n\t\t\t\t<figcaption class='wp-caption-text gallery-caption' id='gallery-1-23543'>\n\t\t\t\t2008-05-17-Agrigento-Stadio-Esseneto-Arcivescovo_Franco_Montenegro\n\t\t\t\t<\/figcaption><\/figure><figure class='gallery-item'>\n\t\t\t<div class='gallery-icon landscape'>\n\t\t\t\t<a href='https:\/\/www.carlofrancio.net\/wp-content\/uploads\/2016\/05\/IMG_1535.jpg'><img loading=\"lazy\" decoding=\"async\" width=\"160\" height=\"120\" src=\"https:\/\/www.carlofrancio.net\/wp-content\/uploads\/2016\/05\/IMG_1535-160x120.jpg\" class=\"attachment-thumbnail size-thumbnail\" alt=\"\" aria-describedby=\"gallery-1-23544\" srcset=\"https:\/\/www.carlofrancio.net\/wp-content\/uploads\/2016\/05\/IMG_1535-160x120.jpg 160w, https:\/\/www.carlofrancio.net\/wp-content\/uploads\/2016\/05\/IMG_1535-320x240.jpg 320w, https:\/\/www.carlofrancio.net\/wp-content\/uploads\/2016\/05\/IMG_1535-640x480.jpg 640w, https:\/\/www.carlofrancio.net\/wp-content\/uploads\/2016\/05\/IMG_1535.jpg 800w\" sizes=\"auto, (max-width: 160px) 100vw, 160px\" \/><\/a>\n\t\t\t<\/div>\n\t\t\t\t<figcaption class='wp-caption-text gallery-caption' id='gallery-1-23544'>\n\t\t\t\t2008-05-17-Agrigento-Stadio-Esseneto-Arcivescovo_Franco_Montenegro\n\t\t\t\t<\/figcaption><\/figure><figure class='gallery-item'>\n\t\t\t<div class='gallery-icon landscape'>\n\t\t\t\t<a href='https:\/\/www.carlofrancio.net\/wp-content\/uploads\/2016\/05\/IMG_1536.jpg'><img loading=\"lazy\" decoding=\"async\" width=\"160\" height=\"120\" src=\"https:\/\/www.carlofrancio.net\/wp-content\/uploads\/2016\/05\/IMG_1536-160x120.jpg\" class=\"attachment-thumbnail size-thumbnail\" alt=\"\" aria-describedby=\"gallery-1-23545\" srcset=\"https:\/\/www.carlofrancio.net\/wp-content\/uploads\/2016\/05\/IMG_1536-160x120.jpg 160w, https:\/\/www.carlofrancio.net\/wp-content\/uploads\/2016\/05\/IMG_1536-320x240.jpg 320w, https:\/\/www.carlofrancio.net\/wp-content\/uploads\/2016\/05\/IMG_1536-640x480.jpg 640w, https:\/\/www.carlofrancio.net\/wp-content\/uploads\/2016\/05\/IMG_1536.jpg 800w\" sizes=\"auto, (max-width: 160px) 100vw, 160px\" \/><\/a>\n\t\t\t<\/div>\n\t\t\t\t<figcaption class='wp-caption-text gallery-caption' id='gallery-1-23545'>\n\t\t\t\t2008-05-17-Agrigento-Stadio-Esseneto-Arcivescovo_Franco_Montenegro\n\t\t\t\t<\/figcaption><\/figure><figure class='gallery-item'>\n\t\t\t<div class='gallery-icon landscape'>\n\t\t\t\t<a href='https:\/\/www.carlofrancio.net\/wp-content\/uploads\/2016\/05\/IMG_1537.jpg'><img loading=\"lazy\" decoding=\"async\" width=\"160\" height=\"120\" src=\"https:\/\/www.carlofrancio.net\/wp-content\/uploads\/2016\/05\/IMG_1537-160x120.jpg\" class=\"attachment-thumbnail size-thumbnail\" alt=\"\" aria-describedby=\"gallery-1-23546\" srcset=\"https:\/\/www.carlofrancio.net\/wp-content\/uploads\/2016\/05\/IMG_1537-160x120.jpg 160w, https:\/\/www.carlofrancio.net\/wp-content\/uploads\/2016\/05\/IMG_1537-320x240.jpg 320w, https:\/\/www.carlofrancio.net\/wp-content\/uploads\/2016\/05\/IMG_1537-640x480.jpg 640w, https:\/\/www.carlofrancio.net\/wp-content\/uploads\/2016\/05\/IMG_1537.jpg 800w\" sizes=\"auto, (max-width: 160px) 100vw, 160px\" \/><\/a>\n\t\t\t<\/div>\n\t\t\t\t<figcaption class='wp-caption-text gallery-caption' id='gallery-1-23546'>\n\t\t\t\t2008-05-17-Agrigento-Stadio-Esseneto-Arcivescovo_Franco_Montenegro\n\t\t\t\t<\/figcaption><\/figure><figure class='gallery-item'>\n\t\t\t<div class='gallery-icon landscape'>\n\t\t\t\t<a href='https:\/\/www.carlofrancio.net\/wp-content\/uploads\/2016\/05\/IMG_1538.jpg'><img loading=\"lazy\" decoding=\"async\" width=\"160\" height=\"120\" src=\"https:\/\/www.carlofrancio.net\/wp-content\/uploads\/2016\/05\/IMG_1538-160x120.jpg\" class=\"attachment-thumbnail size-thumbnail\" alt=\"\" aria-describedby=\"gallery-1-23547\" srcset=\"https:\/\/www.carlofrancio.net\/wp-content\/uploads\/2016\/05\/IMG_1538-160x120.jpg 160w, https:\/\/www.carlofrancio.net\/wp-content\/uploads\/2016\/05\/IMG_1538-320x240.jpg 320w, https:\/\/www.carlofrancio.net\/wp-content\/uploads\/2016\/05\/IMG_1538-640x480.jpg 640w, https:\/\/www.carlofrancio.net\/wp-content\/uploads\/2016\/05\/IMG_1538.jpg 800w\" sizes=\"auto, (max-width: 160px) 100vw, 160px\" \/><\/a>\n\t\t\t<\/div>\n\t\t\t\t<figcaption class='wp-caption-text gallery-caption' id='gallery-1-23547'>\n\t\t\t\t2008-05-17-Agrigento-Stadio-Esseneto-Arcivescovo_Franco_Montenegro\n\t\t\t\t<\/figcaption><\/figure><figure class='gallery-item'>\n\t\t\t<div class='gallery-icon landscape'>\n\t\t\t\t<a href='https:\/\/www.carlofrancio.net\/wp-content\/uploads\/2016\/05\/IMG_1539.jpg'><img loading=\"lazy\" decoding=\"async\" width=\"160\" height=\"120\" src=\"https:\/\/www.carlofrancio.net\/wp-content\/uploads\/2016\/05\/IMG_1539-160x120.jpg\" class=\"attachment-thumbnail size-thumbnail\" alt=\"\" aria-describedby=\"gallery-1-23548\" srcset=\"https:\/\/www.carlofrancio.net\/wp-content\/uploads\/2016\/05\/IMG_1539-160x120.jpg 160w, https:\/\/www.carlofrancio.net\/wp-content\/uploads\/2016\/05\/IMG_1539-320x240.jpg 320w, https:\/\/www.carlofrancio.net\/wp-content\/uploads\/2016\/05\/IMG_1539-640x480.jpg 640w, https:\/\/www.carlofrancio.net\/wp-content\/uploads\/2016\/05\/IMG_1539.jpg 800w\" sizes=\"auto, (max-width: 160px) 100vw, 160px\" \/><\/a>\n\t\t\t<\/div>\n\t\t\t\t<figcaption class='wp-caption-text gallery-caption' id='gallery-1-23548'>\n\t\t\t\t2008-05-17-Agrigento-Stadio-Esseneto-Arcivescovo_Franco_Montenegro\n\t\t\t\t<\/figcaption><\/figure><figure class='gallery-item'>\n\t\t\t<div class='gallery-icon landscape'>\n\t\t\t\t<a href='https:\/\/www.carlofrancio.net\/wp-content\/uploads\/2016\/05\/IMG_1540.jpg'><img loading=\"lazy\" decoding=\"async\" width=\"160\" height=\"120\" src=\"https:\/\/www.carlofrancio.net\/wp-content\/uploads\/2016\/05\/IMG_1540-160x120.jpg\" class=\"attachment-thumbnail size-thumbnail\" alt=\"\" aria-describedby=\"gallery-1-23549\" srcset=\"https:\/\/www.carlofrancio.net\/wp-content\/uploads\/2016\/05\/IMG_1540-160x120.jpg 160w, https:\/\/www.carlofrancio.net\/wp-content\/uploads\/2016\/05\/IMG_1540-320x240.jpg 320w, https:\/\/www.carlofrancio.net\/wp-content\/uploads\/2016\/05\/IMG_1540-640x480.jpg 640w, https:\/\/www.carlofrancio.net\/wp-content\/uploads\/2016\/05\/IMG_1540.jpg 800w\" sizes=\"auto, (max-width: 160px) 100vw, 160px\" \/><\/a>\n\t\t\t<\/div>\n\t\t\t\t<figcaption class='wp-caption-text gallery-caption' id='gallery-1-23549'>\n\t\t\t\t2008-05-17-Agrigento-Stadio-Esseneto-Arcivescovo_Franco_Montenegro\n\t\t\t\t<\/figcaption><\/figure><figure class='gallery-item'>\n\t\t\t<div class='gallery-icon landscape'>\n\t\t\t\t<a href='https:\/\/www.carlofrancio.net\/wp-content\/uploads\/2016\/05\/IMG_1541.jpg'><img loading=\"lazy\" decoding=\"async\" width=\"160\" height=\"120\" src=\"https:\/\/www.carlofrancio.net\/wp-content\/uploads\/2016\/05\/IMG_1541-160x120.jpg\" class=\"attachment-thumbnail size-thumbnail\" alt=\"\" aria-describedby=\"gallery-1-23550\" srcset=\"https:\/\/www.carlofrancio.net\/wp-content\/uploads\/2016\/05\/IMG_1541-160x120.jpg 160w, https:\/\/www.carlofrancio.net\/wp-content\/uploads\/2016\/05\/IMG_1541-320x240.jpg 320w, https:\/\/www.carlofrancio.net\/wp-content\/uploads\/2016\/05\/IMG_1541-640x480.jpg 640w, https:\/\/www.carlofrancio.net\/wp-content\/uploads\/2016\/05\/IMG_1541.jpg 800w\" sizes=\"auto, (max-width: 160px) 100vw, 160px\" \/><\/a>\n\t\t\t<\/div>\n\t\t\t\t<figcaption class='wp-caption-text gallery-caption' id='gallery-1-23550'>\n\t\t\t\t2008-05-17-Agrigento-Stadio-Esseneto-Arcivescovo_Franco_Montenegro\n\t\t\t\t<\/figcaption><\/figure><figure class='gallery-item'>\n\t\t\t<div class='gallery-icon landscape'>\n\t\t\t\t<a href='https:\/\/www.carlofrancio.net\/wp-content\/uploads\/2016\/05\/IMG_1542.jpg'><img loading=\"lazy\" decoding=\"async\" width=\"160\" height=\"120\" src=\"https:\/\/www.carlofrancio.net\/wp-content\/uploads\/2016\/05\/IMG_1542-160x120.jpg\" class=\"attachment-thumbnail size-thumbnail\" alt=\"\" aria-describedby=\"gallery-1-23551\" srcset=\"https:\/\/www.carlofrancio.net\/wp-content\/uploads\/2016\/05\/IMG_1542-160x120.jpg 160w, https:\/\/www.carlofrancio.net\/wp-content\/uploads\/2016\/05\/IMG_1542-320x240.jpg 320w, https:\/\/www.carlofrancio.net\/wp-content\/uploads\/2016\/05\/IMG_1542-640x480.jpg 640w, https:\/\/www.carlofrancio.net\/wp-content\/uploads\/2016\/05\/IMG_1542.jpg 800w\" sizes=\"auto, (max-width: 160px) 100vw, 160px\" \/><\/a>\n\t\t\t<\/div>\n\t\t\t\t<figcaption class='wp-caption-text gallery-caption' id='gallery-1-23551'>\n\t\t\t\t2008-05-17-Agrigento-Stadio-Esseneto-Arcivescovo_Franco_Montenegro\n\t\t\t\t<\/figcaption><\/figure><figure class='gallery-item'>\n\t\t\t<div class='gallery-icon landscape'>\n\t\t\t\t<a href='https:\/\/www.carlofrancio.net\/wp-content\/uploads\/2016\/05\/IMG_1543.jpg'><img loading=\"lazy\" decoding=\"async\" width=\"160\" height=\"120\" src=\"https:\/\/www.carlofrancio.net\/wp-content\/uploads\/2016\/05\/IMG_1543-160x120.jpg\" class=\"attachment-thumbnail size-thumbnail\" alt=\"\" aria-describedby=\"gallery-1-23552\" srcset=\"https:\/\/www.carlofrancio.net\/wp-content\/uploads\/2016\/05\/IMG_1543-160x120.jpg 160w, https:\/\/www.carlofrancio.net\/wp-content\/uploads\/2016\/05\/IMG_1543-320x240.jpg 320w, https:\/\/www.carlofrancio.net\/wp-content\/uploads\/2016\/05\/IMG_1543-640x480.jpg 640w, https:\/\/www.carlofrancio.net\/wp-content\/uploads\/2016\/05\/IMG_1543.jpg 800w\" sizes=\"auto, (max-width: 160px) 100vw, 160px\" \/><\/a>\n\t\t\t<\/div>\n\t\t\t\t<figcaption class='wp-caption-text gallery-caption' id='gallery-1-23552'>\n\t\t\t\t2008-05-17-Agrigento-Stadio-Esseneto-Arcivescovo_Franco_Montenegro\n\t\t\t\t<\/figcaption><\/figure><figure class='gallery-item'>\n\t\t\t<div class='gallery-icon landscape'>\n\t\t\t\t<a href='https:\/\/www.carlofrancio.net\/wp-content\/uploads\/2016\/05\/IMG_1544.jpg'><img loading=\"lazy\" decoding=\"async\" width=\"160\" height=\"120\" src=\"https:\/\/www.carlofrancio.net\/wp-content\/uploads\/2016\/05\/IMG_1544-160x120.jpg\" class=\"attachment-thumbnail size-thumbnail\" alt=\"\" aria-describedby=\"gallery-1-23553\" srcset=\"https:\/\/www.carlofrancio.net\/wp-content\/uploads\/2016\/05\/IMG_1544-160x120.jpg 160w, https:\/\/www.carlofrancio.net\/wp-content\/uploads\/2016\/05\/IMG_1544-320x240.jpg 320w, https:\/\/www.carlofrancio.net\/wp-content\/uploads\/2016\/05\/IMG_1544-640x480.jpg 640w, https:\/\/www.carlofrancio.net\/wp-content\/uploads\/2016\/05\/IMG_1544.jpg 800w\" sizes=\"auto, (max-width: 160px) 100vw, 160px\" \/><\/a>\n\t\t\t<\/div>\n\t\t\t\t<figcaption class='wp-caption-text gallery-caption' id='gallery-1-23553'>\n\t\t\t\t2008-05-17-Agrigento-Stadio-Esseneto-Arcivescovo_Franco_Montenegro\n\t\t\t\t<\/figcaption><\/figure>\n\t\t<\/div>\n\n","protected":false},"excerpt":{"rendered":"<p>A U G U R I\u00a0 alla Comunit\u00e0 agrigentina e al suo Pastore Don Franco Montenegro (Cardinale) Agrigento\u00a0&#8211; Stadio Esseneto &#8211; 17 maggio 2008 &gt;\u00a017 maggio 2018 &nbsp; Nota BLOG &hellip; <\/p>\n","protected":false},"author":1,"featured_media":0,"comment_status":"open","ping_status":"open","sticky":false,"template":"","format":"standard","meta":{"footnotes":""},"categories":[3],"tags":[429],"class_list":["post-111792","post","type-post","status-publish","format-standard","hentry","category-asso","tag-messina-il-leone-e-il-gallo"],"_links":{"self":[{"href":"https:\/\/www.carlofrancio.net\/index.php?rest_route=\/wp\/v2\/posts\/111792","targetHints":{"allow":["GET"]}}],"collection":[{"href":"https:\/\/www.carlofrancio.net\/index.php?rest_route=\/wp\/v2\/posts"}],"about":[{"href":"https:\/\/www.carlofrancio.net\/index.php?rest_route=\/wp\/v2\/types\/post"}],"author":[{"embeddable":true,"href":"https:\/\/www.carlofrancio.net\/index.php?rest_route=\/wp\/v2\/users\/1"}],"replies":[{"embeddable":true,"href":"https:\/\/www.carlofrancio.net\/index.php?rest_route=%2Fwp%2Fv2%2Fcomments&post=111792"}],"version-history":[{"count":10,"href":"https:\/\/www.carlofrancio.net\/index.php?rest_route=\/wp\/v2\/posts\/111792\/revisions"}],"predecessor-version":[{"id":114552,"href":"https:\/\/www.carlofrancio.net\/index.php?rest_route=\/wp\/v2\/posts\/111792\/revisions\/114552"}],"wp:attachment":[{"href":"https:\/\/www.carlofrancio.net\/index.php?rest_route=%2Fwp%2Fv2%2Fmedia&parent=111792"}],"wp:term":[{"taxonomy":"category","embeddable":true,"href":"https:\/\/www.carlofrancio.net\/index.php?rest_route=%2Fwp%2Fv2%2Fcategories&post=111792"},{"taxonomy":"post_tag","embeddable":true,"href":"https:\/\/www.carlofrancio.net\/index.php?rest_route=%2Fwp%2Fv2%2Ftags&post=111792"}],"curies":[{"name":"wp","href":"https:\/\/api.w.org\/{rel}","templated":true}]}}