{"id":109484,"date":"2017-11-01T16:40:36","date_gmt":"2017-11-01T15:40:36","guid":{"rendered":"https:\/\/www.carlofrancio.net\/?p=109484"},"modified":"2017-11-01T16:40:36","modified_gmt":"2017-11-01T15:40:36","slug":"reggio-calabria-pla-il-cielo-stellato-luogo-che-idealmente-accoglie-ogni-bimbo-scomparso","status":"publish","type":"post","link":"https:\/\/www.carlofrancio.net\/?p=109484","title":{"rendered":"Reggio Calabria &#8211; PLA \u00ab &#8230; il cielo stellato &#8230; luogo che idealmente accoglie ogni bimbo scomparso.\u00bb"},"content":{"rendered":"<p><img loading=\"lazy\" decoding=\"async\" class=\"alignleft wp-image-109486\" src=\"https:\/\/www.carlofrancio.net\/wp-content\/uploads\/2017\/11\/1-2017_12_20-PLA-Memoria_OLGA.jpg\" alt=\"2017_12_20-2013_11_26-PLA-Memoria_OLGA\" width=\"400\" height=\"566\" srcset=\"https:\/\/www.carlofrancio.net\/wp-content\/uploads\/2017\/11\/1-2017_12_20-PLA-Memoria_OLGA.jpg 565w, https:\/\/www.carlofrancio.net\/wp-content\/uploads\/2017\/11\/1-2017_12_20-PLA-Memoria_OLGA-170x240.jpg 170w\" sizes=\"auto, (max-width: 400px) 100vw, 400px\" \/><\/p>\n<h2 style=\"text-align: center;\"><span style=\"color: #800080;\">CONCORSO NAZIONALE<\/span>\u00a0\u00a0<span style=\"color: #993366;\">X Edizione<\/span>\u00a0<span style=\"color: #333399;\">Anno Scolastico 2017\/2018<\/span><\/h2>\n<h1 style=\"text-align: center;\"><span style=\"color: #3366ff;\">\u201cIN MEMORIA DI OLGA\u201d<\/span><\/h1>\n<p>Promulgato il <span style=\"color: #ff00ff;\"><strong>27 Ottobre<\/strong><\/span>, con Prot. n. 0013507, dal <span style=\"color: #800000;\"><strong>Ministero Istruzione Universit\u00e0 e Ricerca<\/strong><\/span>. Il<span style=\"color: #008080;\"> concorso \u00e8 promosso<\/span> dalla <span style=\"color: #800000;\">Citt\u00e0 Metropolitana di Reggio Calabria<\/span> &#8211;<span style=\"color: #000080;\"><strong> Planetarium Pythagoras<\/strong><\/span>, dalla <strong><span style=\"color: #333399;\">Societ\u00e0 Astronomica Italiana<\/span><\/strong>,<span style=\"color: #008080;\"> in collaborazione con<\/span> il <span style=\"color: #993300;\">Centro Italiano Femminile provinciale di Reggio Calabria, di intesa con la Direzione Generale per gli Ordinamenti Scolastici e la Valutazione del Sistema Nazionale d&#8217;Istruzione del MIUR uff. 1<\/span>.<\/p>\n<p><span style=\"color: #800080;\"><strong>Il concorso<\/strong><span style=\"color: #003366;\"> attraverso il ricordo della nostra<\/span><\/span> <span style=\"color: #ff0000;\"><em><strong>Olga Panuccio<\/strong><\/em><\/span>, <span style=\"color: #003366;\"><em>intende ricordare tutti i bambini a cui \u00e8 stata negata la possibilit\u00e0 di un sereno avvenire<\/em><\/span>.<span style=\"color: #800080;\"><strong>\u00a0Il Concorso<\/strong><\/span>, ad oggi, <strong>l\u2019unico indirizzato<\/strong> <span style=\"color: #800080;\"><strong>agli alunni della <span style=\"color: #00ccff;\">scuola dell\u2019infanzia<\/span> e del <span style=\"color: #00ccff;\">primo ciclo<\/span><\/strong><\/span>,<span style=\"color: #003366;\"> intende sollecitare gli allievi all&#8217;osservazione del cielo notturno e all&#8217;elaborazione di una personale riflessione, che si traduca in una pagina scritta o in una elaborazione grafica, nella considerazione che il cielo stellato sia il luogo che idealmente accoglie ogni bimbo scomparso.<\/span><\/p>\n<p><span style=\"color: #800080;\"><strong>Il concorso<\/strong><\/span> \u00e8 articolato in <span style=\"color: #800080;\">due<\/span> sezioni: <span style=\"color: #800080;\">Disegno<\/span>, con tema <span style=\"color: #33cccc;\"><strong>\u201c<em>Disegnate il Cielo<\/em>\u201d<\/strong><\/span>, e <span style=\"color: #800080;\">Composizione letteraria<\/span> con tema <span style=\"color: #33cccc;\"><strong>\u201c<em>Raccontate il Cielo<\/em><\/strong><\/span>\u201d.<\/p>\n<p><span style=\"color: #ff0000;\"><strong>Alla<span style=\"color: #00ccff;\"> scuola dell\u2019infanzia<\/span> \u00e8 riservata la sezione Disegno.<\/strong><\/span><\/p>\n<p><span style=\"color: #800000;\">La premiazione avr\u00e0 luogo a Reggio Calabria nel <strong>Salone del Palazzo Corrado Alvaro<\/strong>, sede della Citt\u00e0 Metropolitana, mercoled\u00ec<strong><span style=\"color: #ff00ff;\"> 20 dicembre 2017 ore 10.00<\/span><\/strong>.<\/span><\/p>\n<p><strong>Gli elaborati devono pervenire entro e non oltre <span style=\"color: #6004d1;\">il 7 DICEMBRE 2017<\/span><\/strong> al seguente indirizzo<span style=\"color: #6004d1;\">:\u00a0LABORATORIO DI DIDATTICA PITAGORA PLANETARIO &#8211;\u00a0CASELLA POSTALE 32 &#8211; 89100 REGGIO CALABRIA<\/span> &#8211;\u00a0<span style=\"color: #6004d1;\"><strong>NON far\u00e0 fede il timbro postale<\/strong><\/span>.<\/p>\n<p><span style=\"color: #6004d1;\">Per ogni altra informazione si rimanda al sito del Planetario www.planetariumpythagoras.com.<\/span><\/p>\n","protected":false},"excerpt":{"rendered":"<p>CONCORSO NAZIONALE\u00a0\u00a0X Edizione\u00a0Anno Scolastico 2017\/2018 \u201cIN MEMORIA DI OLGA\u201d Promulgato il 27 Ottobre, con Prot. n. 0013507, dal Ministero Istruzione Universit\u00e0 e Ricerca. Il concorso \u00e8 promosso dalla Citt\u00e0 Metropolitana &hellip; <\/p>\n","protected":false},"author":1,"featured_media":109486,"comment_status":"open","ping_status":"open","sticky":false,"template":"","format":"standard","meta":{"footnotes":""},"categories":[3,10,16,227,63,1,48],"tags":[99,219,101,426,34],"class_list":["post-109484","post","type-post","status-publish","format-standard","has-post-thumbnail","hentry","category-asso","category-cultura","category-eventi","category-planetario-provinciale-pitagora-di-reggio-calabria","category-promozione-umana","category-senza-categoria","category-sociale","tag-arte","tag-astronomia","tag-beni-ambientali","tag-cultura","tag-giovani"],"_links":{"self":[{"href":"https:\/\/www.carlofrancio.net\/index.php?rest_route=\/wp\/v2\/posts\/109484","targetHints":{"allow":["GET"]}}],"collection":[{"href":"https:\/\/www.carlofrancio.net\/index.php?rest_route=\/wp\/v2\/posts"}],"about":[{"href":"https:\/\/www.carlofrancio.net\/index.php?rest_route=\/wp\/v2\/types\/post"}],"author":[{"embeddable":true,"href":"https:\/\/www.carlofrancio.net\/index.php?rest_route=\/wp\/v2\/users\/1"}],"replies":[{"embeddable":true,"href":"https:\/\/www.carlofrancio.net\/index.php?rest_route=%2Fwp%2Fv2%2Fcomments&post=109484"}],"version-history":[{"count":7,"href":"https:\/\/www.carlofrancio.net\/index.php?rest_route=\/wp\/v2\/posts\/109484\/revisions"}],"predecessor-version":[{"id":109492,"href":"https:\/\/www.carlofrancio.net\/index.php?rest_route=\/wp\/v2\/posts\/109484\/revisions\/109492"}],"wp:featuredmedia":[{"embeddable":true,"href":"https:\/\/www.carlofrancio.net\/index.php?rest_route=\/wp\/v2\/media\/109486"}],"wp:attachment":[{"href":"https:\/\/www.carlofrancio.net\/index.php?rest_route=%2Fwp%2Fv2%2Fmedia&parent=109484"}],"wp:term":[{"taxonomy":"category","embeddable":true,"href":"https:\/\/www.carlofrancio.net\/index.php?rest_route=%2Fwp%2Fv2%2Fcategories&post=109484"},{"taxonomy":"post_tag","embeddable":true,"href":"https:\/\/www.carlofrancio.net\/index.php?rest_route=%2Fwp%2Fv2%2Ftags&post=109484"}],"curies":[{"name":"wp","href":"https:\/\/api.w.org\/{rel}","templated":true}]}}