{"id":109359,"date":"2017-10-23T11:03:21","date_gmt":"2017-10-23T09:03:21","guid":{"rendered":"https:\/\/www.carlofrancio.net\/?p=109359"},"modified":"2017-10-23T11:03:21","modified_gmt":"2017-10-23T09:03:21","slug":"reggio-calabria-le-canzoni-popolari-diventate-piu-celebri-degli-stessi-film-in-cui-erano-inserite","status":"publish","type":"post","link":"https:\/\/www.carlofrancio.net\/?p=109359","title":{"rendered":"Reggio Calabria \u00abLe canzoni popolari &#8230;  diventate pi\u00f9 celebri degli stessi film in cui erano inserite\u00bb"},"content":{"rendered":"<p><a href=\"https:\/\/www.carlofrancio.net\/wp-content\/uploads\/2017\/10\/1-Invito-3_et\u00e0-001.jpg\"><img loading=\"lazy\" decoding=\"async\" class=\"alignleft wp-image-109360\" src=\"https:\/\/www.carlofrancio.net\/wp-content\/uploads\/2017\/10\/1-Invito-3_et\u00e0-001.jpg\" alt=\"\" width=\"480\" height=\"678\" srcset=\"https:\/\/www.carlofrancio.net\/wp-content\/uploads\/2017\/10\/1-Invito-3_et\u00e0-001.jpg 566w, https:\/\/www.carlofrancio.net\/wp-content\/uploads\/2017\/10\/1-Invito-3_et\u00e0-001-170x240.jpg 170w\" sizes=\"auto, (max-width: 480px) 100vw, 480px\" \/><\/a><span style=\"color: #ff00ff;\"><strong>Marted\u00ec 24 ottobre 2017<\/strong><\/span>&#8211;<span style=\"color: #ff00ff;\"><strong> ore 17,30<\/strong><\/span> presso <span style=\"color: #333399;\"><strong>UNIVERSIT\u00c0&#8217; DELLA TERZA ET\u00c0&#8217;<\/strong><\/span> <span style=\"color: #800000;\">Via R. Willermin 12-RC<\/span><\/p>\n<h2 style=\"text-align: center;\"><span style=\"color: #ff9900;\">Il canto del Sud sul grande schermo<\/span><\/h2>\n<h3 style=\"text-align: center;\"><span style=\"color: #808000;\"> La canzone popolare nel cinema<\/span><\/h3>\n<p><span style=\"color: #003366;\">Non c&#8217;\u00e8 dubbio che il genere musicale etichettato come &#8220;popolare&#8221; richiama, come indica il termine stesso, le tradizioni di un popolo, parla la sua lingua e mette in scena la sua cultura attraverso parole, suoni ed espressioni tipiche.<\/span><\/p>\n<p><span style=\"color: #800080;\">Questo patrimonio, appartenente soprattutto al contesto territoriale meridionale, \u00e8 stato spesso usato dal cinema che ha contribuito alla sua conoscenza e diffusione.<\/span><\/p>\n<p><span style=\"color: #003366;\"><span style=\"color: #0000ff;\"><strong><em>Nicola<\/em> Petrolino<\/strong><\/span>, esperto e critico di cinema, attraverso un videoracconto che coniuga parole, musica e immagini, far\u00e0 rivivere alcune canzoni popolari della tradizione musicale meridionale, che spesso sono diventate pi\u00f9 celebri degli stessi film in cui erano inserite.<\/span><\/p>\n<p><span style=\"color: #800080;\">Una particolare attenzione sar\u00e0 riservata alla musica calabrese e all&#8217;artista reggino<\/span> <strong><span style=\"color: #0000ff;\"><em>Otello<\/em> Profazlo<\/span><\/strong>. <span style=\"color: #800080;\">le cui canzoni hanno fatto parte della colonna sonora di diversi film<\/span> (<span style=\"color: #ff6600;\">L&#8217;amante di Gramigna. A cavallo della tigre. Delitto d&#8217;amore<\/span>).<br \/>\n&#8211; <span style=\"color: #ff0000;\"><strong>Siete invitati a partecipare<\/strong> <\/span>&#8211;<\/p>\n<p>&nbsp;<\/p>\n","protected":false},"excerpt":{"rendered":"<p>Marted\u00ec 24 ottobre 2017&#8211; ore 17,30 presso UNIVERSIT\u00c0&#8217; DELLA TERZA ET\u00c0&#8217; Via R. Willermin 12-RC Il canto del Sud sul grande schermo La canzone popolare nel cinema Non c&#8217;\u00e8 dubbio &hellip; <\/p>\n","protected":false},"author":1,"featured_media":109360,"comment_status":"open","ping_status":"open","sticky":false,"template":"","format":"standard","meta":{"footnotes":""},"categories":[3,10,1,77,386],"tags":[235,426,44],"class_list":["post-109359","post","type-post","status-publish","format-standard","has-post-thumbnail","hentry","category-asso","category-cultura","category-senza-categoria","category-universita","category-universita-della-terza-eta","tag-cinema","tag-cultura","tag-musica"],"_links":{"self":[{"href":"https:\/\/www.carlofrancio.net\/index.php?rest_route=\/wp\/v2\/posts\/109359","targetHints":{"allow":["GET"]}}],"collection":[{"href":"https:\/\/www.carlofrancio.net\/index.php?rest_route=\/wp\/v2\/posts"}],"about":[{"href":"https:\/\/www.carlofrancio.net\/index.php?rest_route=\/wp\/v2\/types\/post"}],"author":[{"embeddable":true,"href":"https:\/\/www.carlofrancio.net\/index.php?rest_route=\/wp\/v2\/users\/1"}],"replies":[{"embeddable":true,"href":"https:\/\/www.carlofrancio.net\/index.php?rest_route=%2Fwp%2Fv2%2Fcomments&post=109359"}],"version-history":[{"count":9,"href":"https:\/\/www.carlofrancio.net\/index.php?rest_route=\/wp\/v2\/posts\/109359\/revisions"}],"predecessor-version":[{"id":109369,"href":"https:\/\/www.carlofrancio.net\/index.php?rest_route=\/wp\/v2\/posts\/109359\/revisions\/109369"}],"wp:featuredmedia":[{"embeddable":true,"href":"https:\/\/www.carlofrancio.net\/index.php?rest_route=\/wp\/v2\/media\/109360"}],"wp:attachment":[{"href":"https:\/\/www.carlofrancio.net\/index.php?rest_route=%2Fwp%2Fv2%2Fmedia&parent=109359"}],"wp:term":[{"taxonomy":"category","embeddable":true,"href":"https:\/\/www.carlofrancio.net\/index.php?rest_route=%2Fwp%2Fv2%2Fcategories&post=109359"},{"taxonomy":"post_tag","embeddable":true,"href":"https:\/\/www.carlofrancio.net\/index.php?rest_route=%2Fwp%2Fv2%2Ftags&post=109359"}],"curies":[{"name":"wp","href":"https:\/\/api.w.org\/{rel}","templated":true}]}}