{"id":106334,"date":"2016-09-29T09:26:27","date_gmt":"2016-09-29T07:26:27","guid":{"rendered":"https:\/\/www.carlofrancio.net\/?p=106334"},"modified":"2016-09-30T21:26:07","modified_gmt":"2016-09-30T19:26:07","slug":"reggio-calabria-xi-notte-europea-dei-ricercatori-al-planetarium","status":"publish","type":"post","link":"https:\/\/www.carlofrancio.net\/?p=106334","title":{"rendered":"Reggio Calabria &#8211; &#8220;XI Notte Europea dei ricercatori al Planetarium &#8220;"},"content":{"rendered":"<h1 style=\"font-size: 12.8px;\"><b><a href=\"https:\/\/www.carlofrancio.net\/wp-content\/uploads\/2016\/09\/wp-1475174417197.jpg\"><img loading=\"lazy\" decoding=\"async\" class=\"alignleft size-medium wp-image-106325\" src=\"https:\/\/www.carlofrancio.net\/wp-content\/uploads\/2016\/09\/wp-1475174417197-209x240.jpg\" alt=\"wp-1475174417197.jpg\" width=\"209\" height=\"240\" srcset=\"https:\/\/www.carlofrancio.net\/wp-content\/uploads\/2016\/09\/wp-1475174417197-209x240.jpg 209w, https:\/\/www.carlofrancio.net\/wp-content\/uploads\/2016\/09\/wp-1475174417197-418x480.jpg 418w, https:\/\/www.carlofrancio.net\/wp-content\/uploads\/2016\/09\/wp-1475174417197.jpg 1077w\" sizes=\"auto, (max-width: 209px) 100vw, 209px\" \/><\/a><\/b><span style=\"color: #ff00ff;\"><b>Venerdi 30 settembre 2016 Dalle 9.00 alle 13.00<\/b><\/span><br \/>\nIl Sole: osservazione con gli strumenti &#8211;\u00a0<span style=\"color: #800080;\">Studio dei fenomeni solari<\/span><br \/>\nSpettroscopia solare &#8211;\u00a0<span style=\"color: #800080;\">Giochi di luce per bambini<\/span><br \/>\nProiezione di video tematici &#8211;\u00a0<span style=\"color: #800080;\">Visita guidata sotto la cupola<\/span><br \/>\nProiezione con il Planetario digitale &#8211;\u00a0<span style=\"color: #800080;\">Diretta streaming fine MISSIONE ESA &#8220;ROSETTA&#8221;<\/span><\/h1>\n<h5><span style=\"color: #ff00ff;\"><b>Dalle 18.00 alle 24.00<\/b><\/span><br \/>\n<span style=\"color: #800080;\">Pianeti e Stelle: osservazione del cielo con gli strumenti<\/span> &#8211;\u00a0Spettroscopia stellare<br \/>\n<span style=\"color: #800080;\">Proiezione di video tematici<\/span> &#8211;\u00a0Il Cielo spiegato ai bambini, tra mito e scienza<br \/>\n<span style=\"color: #800080;\">Visita guidata sotto la cupola<\/span> &#8211;\u00a0Proiezione con il Planetario digitale<\/h5>\n<p style=\"font-size: 12.8px;\">La\u00a0<b>Notte dei Ricercatori<\/b>\u00a0\u00e8 un&#8217;iniziativa promossa dalla Commissione Europea fin dal 2005 che coinvolge ogni anno migliaia di ricercatori e istituzioni di ricerca in tutti i paesi europei.<br \/>\nL&#8217;obiettivo \u00e8 di creare occasioni di incontro tra ricercatori e cittadini per diffondere la cultura scientifica e la conoscenza delle professioni della ricerca in un contesto informale e stimolante.Gli eventi comprendono esperimenti e dimostrazioni scientifiche dal vivo, mostre e visite guidate, conferenze e seminari divulgativi, spettacoli e concerti.<br \/>\nL&#8217;Italia ha aderito da subito all&#8217;iniziativa europea con una molteplici&#8230;t\u00e0 di progetti che ne fanno tradizionalmente uno dei paesi europei con il maggior numero di eventi sparsi sul territorio. Il Planetario, nel suo piccolo, \u00e8 impegnato nel campo della didattica, formazione e divulgazione per diffondere l\u2019innovazione scientifica nella scuola, incrementare la qualit\u00e0 dell\u2019insegnamento scientifico ed aumentarne la sensibilit\u00e0. Il percorso formativo, infatti, non si limita a quanto sviluppato nelle aule scolastiche ma, sempre pi\u00f9, gli studiosi suggeriscono di utilizzare l\u2019innata capacit\u00e0 educativa dei Planetari e dei Musei scientifici in generale: si parla di didattica non formale. Ed allora, se \u00e8 vero che nell\u2019accezione comune fare ricerca sottintende l\u2019utilizzo di laboratori \u00e8 pur vero che non si pu\u00f2 non riconoscere che la scuola \u00e8 un soggetto permanente di ricerca didattica.\u00a0L\u2019adesione alla \u201cNotte Europea dei Ricercatori\u201d rappresenta un segno di attenzione verso tutta la ricerca italiana, a cui il Planetario ha dato un contributo con i tanti ricercatori e docenti che si sono formati all\u2019interno del suo vivaio. La cittadinanza tutta \u00e8 invitata a partecipare.<\/p>\n<p style=\"font-size: 12.8px;\">\u00a0<i><u><span style=\"font-size: 12.8px;\">Partecipazione libera. &#8211;\u00a0<\/span><\/u><\/i><i><u><span style=\"font-size: 12.8px;\">Non c&#8217;\u00e8 bisogno di prenotare.-\u00a0<\/span><\/u><\/i><span style=\"font-size: 12.8px;\">Vi aspettiamo come sempre numerosi.\u00a0<\/span>\u00a0<span style=\"font-size: 12.8px;\">Cordialmente\u00a0<\/span><i>La Segreteria del Planetarium Pythagoras di Reggio Calabria\u00a0<\/i><\/p>\n<p dir=\"ltr\" style=\"line-height: normal; font-size: 12.8px;\"><span style=\"font-size: 12.8px;\"><a href=\"https:\/\/www.carlofrancio.net\/wp-content\/uploads\/2016\/09\/wp-1475174417197.jpg\"><img loading=\"lazy\" decoding=\"async\" class=\"alignleft wp-image-106325 size-full\" src=\"https:\/\/www.carlofrancio.net\/wp-content\/uploads\/2016\/09\/wp-1475174417197.jpg\" width=\"1077\" height=\"1238\" srcset=\"https:\/\/www.carlofrancio.net\/wp-content\/uploads\/2016\/09\/wp-1475174417197.jpg 1077w, https:\/\/www.carlofrancio.net\/wp-content\/uploads\/2016\/09\/wp-1475174417197-209x240.jpg 209w, https:\/\/www.carlofrancio.net\/wp-content\/uploads\/2016\/09\/wp-1475174417197-418x480.jpg 418w\" sizes=\"auto, (max-width: 1077px) 100vw, 1077px\" \/><\/a>&#8212;&#8212;&#8212;&#8212;&#8212;&#8212;&#8212;&#8212;&#8212;&#8212;<\/span><span style=\"font-size: 12.8px;\"><wbr><\/wbr>&#8212;&#8212;&#8212;&#8212;&#8212;&#8212;&#8212;&#8212;&#8212;&#8212;<\/span><span style=\"font-size: 12.8px;\"><wbr><\/wbr>&#8212;&#8212;&#8212;&#8212;&#8212;&#8212;&#8212;&#8212;&#8212;&#8212;<wbr><\/wbr>&#8212;&#8211;<\/span><\/p>\n<p class=\"MsoNormal\" style=\"text-align: justify; line-height: normal; font-size: 12.8px;\"><span lang=\"it\" style=\"line-height: 17.45px; font-size: 11pt;\"><span style=\"color: #000000; font-family: arial, helvetica, sans-serif;\"><strong>Planetarium Pythagoras &#8211;\u00a0<\/strong><\/span><\/span><span lang=\"it\" style=\"line-height: 15.07px; font-size: 9.5pt;\"><span style=\"color: #000000; font-family: arial, helvetica, sans-serif;\"><strong>Via Salita Zerbi,1-\u00a0<\/strong><\/span><\/span><span lang=\"it\" style=\"line-height: 15.07px; font-size: 9.5pt;\"><span style=\"color: #000000; font-family: arial, helvetica, sans-serif;\"><strong>Parco Mirella Carbone &#8211;\u00a0<\/strong><\/span><\/span><span lang=\"it\" style=\"line-height: 15.07px; font-size: 9.5pt;\"><span style=\"color: #000000; font-family: arial, helvetica, sans-serif;\"><strong>Reggio Calabria<\/strong><\/span><\/span><\/p>\n<p dir=\"ltr\" style=\"line-height: normal; font-size: 12.8px;\">\u00a0<span style=\"color: #000000; font-family: arial, helvetica, sans-serif;\"><span style=\"font-size: 12.8px;\"><span style=\"color: #000000; font-family: arial, helvetica, sans-serif;\"><u>Per info e per prenotazioni di visite al Planetario per gruppi organizzati e scolaresche:<\/u><\/span><\/span><\/span><\/p>\n<p class=\"MsoNormal\" style=\"line-height: normal; font-size: 12.8px;\">Segreteria Planetario tel\\fax: 0965 324668 &#8211;\u00a0<span style=\"color: #000000; font-family: arial, helvetica, sans-serif;\">Rosario Borrello 329 4464386 &#8211;\u00a0<\/span><span style=\"color: #000000; font-family: arial, helvetica, sans-serif;\">Carmelo Nucera\u00a0<a style=\"color: #4285f4;\" href=\"tel:347%205033262\" target=\"_blank\">347 5033262<\/a>\u00a0&#8211;\u00a0<\/span><span style=\"line-height: normal;\">Marica Canonico:\u00a0<\/span>328 9341475<\/p>\n<p class=\"MsoNormal\" style=\"line-height: normal; font-size: 12.8px;\">\u00a0<span style=\"color: #000000; font-family: arial, helvetica, sans-serif;\"><span style=\"font-size: 12.8px;\"><span style=\"color: #000000; font-family: arial, helvetica, sans-serif;\">Email:\u00a0<\/span><\/span><a style=\"color: #4285f4; font-size: 12.8px;\" href=\"mailto:planetario.rc@gmail.com\" target=\"_blank\"><span style=\"color: #000000; font-family: arial, helvetica, sans-serif;\">planetario.rc@gmail.com<\/span><\/a><span style=\"font-size: 12.8px;\"><span style=\"color: #000000; font-family: arial, helvetica, sans-serif;\"><wbr><\/wbr>\u00a0&#8211;\u00a0<\/span><\/span><\/span><span style=\"color: #000000; font-family: arial, helvetica, sans-serif;\"><span style=\"color: #000000; font-family: arial, helvetica, sans-serif;\"><a style=\"color: #4285f4; font-size: 12.8px;\" href=\"mailto:planetario.rc@virgilio.it\" target=\"_blank\">planetario.rc@virgilio.it<\/a>\u00a0&#8211;\u00a0<\/span><\/span><span style=\"color: #000000; font-family: arial, helvetica, sans-serif;\">Sito:\u00a0<\/span><a style=\"color: #4285f4;\" href=\"http:\/\/www.planetariumpythagoras.com\/\" target=\"_blank\" data-saferedirecturl=\"https:\/\/www.google.com\/url?hl=it&amp;q=http:\/\/www.planetariumpythagoras.com\/&amp;source=gmail&amp;ust=1475092388863000&amp;usg=AFQjCNHY0l_HzfLXCyOieHHou8-7K6HNDA\"><span style=\"color: #000000; font-family: arial, helvetica, sans-serif;\">http:\/\/www.planetariumpy<\/span><span style=\"color: #000000; font-family: arial, helvetica, sans-serif;\"><wbr><\/wbr>thagoras.com\/<\/span><\/a>&#8211;<span style=\"color: #000000; font-family: arial, helvetica, sans-serif;\">Pagine facebook:<\/span><\/p>\n<p dir=\"ltr\" style=\"line-height: normal; font-size: 12.8px;\"><span style=\"color: #000000; font-family: arial, helvetica, sans-serif;\"><a style=\"color: #4285f4;\" href=\"https:\/\/www.facebook.com\/pages\/Planetario-Pythagoras-di-Reggio-Calabria\/124593567563659\" target=\"_blank\" data-saferedirecturl=\"https:\/\/www.google.com\/url?hl=it&amp;q=https:\/\/www.facebook.com\/pages\/Planetario-Pythagoras-di-Reggio-Calabria\/124593567563659&amp;source=gmail&amp;ust=1475092388863000&amp;usg=AFQjCNEsByykTCDOxsaSBSPOrmV84GCTNA\"><span style=\"color: #000000; font-family: arial, helvetica, sans-serif;\">https:\/\/www.facebook.com\/pages<\/span><span style=\"color: #000000; font-family: arial, helvetica, sans-serif;\"><wbr><\/wbr>\/Planetario-Pythagoras-di-Regg<\/span><span style=\"color: #000000; font-family: arial, helvetica, sans-serif;\"><wbr><\/wbr>io-Calabria\/124593567563659<\/span><\/a><\/span><\/p>\n<p dir=\"ltr\" style=\"line-height: normal; font-size: 12.8px;\"><span style=\"color: #000000; font-family: arial, helvetica, sans-serif;\"><a style=\"color: #4285f4;\" href=\"https:\/\/www.facebook.com\/groups\/52592307791\/?fref=ts\" target=\"_blank\" data-saferedirecturl=\"https:\/\/www.google.com\/url?hl=it&amp;q=https:\/\/www.facebook.com\/groups\/52592307791\/?fref%3Dts&amp;source=gmail&amp;ust=1475092388863000&amp;usg=AFQjCNEP_KNuuSqD6OAKRgeauSvSQL3stw\"><span style=\"color: #000000; font-family: arial, helvetica, sans-serif;\">https:\/\/www.facebook.com\/group<\/span><span style=\"color: #000000; font-family: arial, helvetica, sans-serif;\"><wbr><\/wbr>s\/52592307791\/?fref=ts<\/span><\/a>0 &#8211;\u00a0<\/span><span style=\"color: #000000; font-family: arial, helvetica, sans-serif;\">Contatto Twitter:\u00a0<\/span><a style=\"color: #4285f4;\" href=\"https:\/\/twitter.com\/PlanetarioRC\" target=\"_blank\" data-saferedirecturl=\"https:\/\/www.google.com\/url?hl=it&amp;q=https:\/\/twitter.com\/PlanetarioRC&amp;source=gmail&amp;ust=1475092388863000&amp;usg=AFQjCNEDWzEu95ZZ-85MNrpblTXxJc5kpQ\"><span style=\"color: #000000; font-family: arial, helvetica, sans-serif;\">https:\/\/twitter.com\/P<\/span><span style=\"color: #000000; font-family: arial, helvetica, sans-serif;\"><wbr><\/wbr>lanetarioRC<\/span><\/a>\u00a0&#8211;\u00a0<span style=\"color: #000000; font-family: arial, helvetica, sans-serif;\">Contatto Skype: Planetario Pythagoras di Reggio C.<\/span><\/p>\n","protected":false},"excerpt":{"rendered":"<p>Venerdi 30 settembre 2016 Dalle 9.00 alle 13.00 Il Sole: osservazione con gli strumenti &#8211;\u00a0Studio dei fenomeni solari Spettroscopia solare &#8211;\u00a0Giochi di luce per bambini Proiezione di video tematici &#8211;\u00a0Visita &hellip; <\/p>\n","protected":false},"author":1,"featured_media":0,"comment_status":"open","ping_status":"open","sticky":false,"template":"","format":"standard","meta":{"footnotes":""},"categories":[3,227,1],"tags":[219,101,426,34],"class_list":["post-106334","post","type-post","status-publish","format-standard","hentry","category-asso","category-planetario-provinciale-pitagora-di-reggio-calabria","category-senza-categoria","tag-astronomia","tag-beni-ambientali","tag-cultura","tag-giovani"],"_links":{"self":[{"href":"https:\/\/www.carlofrancio.net\/index.php?rest_route=\/wp\/v2\/posts\/106334","targetHints":{"allow":["GET"]}}],"collection":[{"href":"https:\/\/www.carlofrancio.net\/index.php?rest_route=\/wp\/v2\/posts"}],"about":[{"href":"https:\/\/www.carlofrancio.net\/index.php?rest_route=\/wp\/v2\/types\/post"}],"author":[{"embeddable":true,"href":"https:\/\/www.carlofrancio.net\/index.php?rest_route=\/wp\/v2\/users\/1"}],"replies":[{"embeddable":true,"href":"https:\/\/www.carlofrancio.net\/index.php?rest_route=%2Fwp%2Fv2%2Fcomments&post=106334"}],"version-history":[{"count":3,"href":"https:\/\/www.carlofrancio.net\/index.php?rest_route=\/wp\/v2\/posts\/106334\/revisions"}],"predecessor-version":[{"id":106337,"href":"https:\/\/www.carlofrancio.net\/index.php?rest_route=\/wp\/v2\/posts\/106334\/revisions\/106337"}],"wp:attachment":[{"href":"https:\/\/www.carlofrancio.net\/index.php?rest_route=%2Fwp%2Fv2%2Fmedia&parent=106334"}],"wp:term":[{"taxonomy":"category","embeddable":true,"href":"https:\/\/www.carlofrancio.net\/index.php?rest_route=%2Fwp%2Fv2%2Fcategories&post=106334"},{"taxonomy":"post_tag","embeddable":true,"href":"https:\/\/www.carlofrancio.net\/index.php?rest_route=%2Fwp%2Fv2%2Ftags&post=106334"}],"curies":[{"name":"wp","href":"https:\/\/api.w.org\/{rel}","templated":true}]}}