{"id":106070,"date":"2016-07-29T16:37:12","date_gmt":"2016-07-29T14:37:12","guid":{"rendered":"https:\/\/www.carlofrancio.net\/?p=106070"},"modified":"2016-07-29T16:37:12","modified_gmt":"2016-07-29T14:37:12","slug":"venerdi-29-alle-21-al-castello-di-monasterace-il-professor-bignami-parlera-di-astronomia","status":"publish","type":"post","link":"https:\/\/www.carlofrancio.net\/?p=106070","title":{"rendered":"Venerd\u00ec 29 alle 21 al Castello di Monasterace il professor Bignami parler\u00e0 di astronomia"},"content":{"rendered":"<p class=\"western\" align=\"justify\"><span style=\"color: #000000;\"><span style=\"font-family: 'Times New Roman', serif;\"><span style=\"font-size: large;\">Nell&#8217;ambito della XXI edizione della Scuola estiva di Astronomia, in corso in questi giorni a Stilo, <\/span><\/span><\/span><span style=\"color: #000000;\"><span style=\"font-family: 'Times New Roman', serif;\"><span style=\"font-size: large;\"><b>stasera<\/b><\/span><\/span><\/span><span style=\"color: #000000;\"><span style=\"font-family: 'Times New Roman', serif;\"><span style=\"font-size: large;\">, <\/span><\/span><\/span><span style=\"color: #000000;\"><span style=\"font-family: 'Times New Roman', serif;\"><span style=\"font-size: large;\"><b>venerd\u00ec 29 luglio, alle ore 21.00, nel Castello Medievale di Monasterace<\/b><\/span><\/span><\/span><span style=\"color: #000000;\"><span style=\"font-family: 'Times New Roman', serif;\"><span style=\"font-size: large;\">, il <\/span><\/span><\/span><span style=\"color: #000000;\"><span style=\"font-family: 'Times New Roman', serif;\"><span style=\"font-size: large;\"><b>professor Giovanni Bignami<\/b><\/span><\/span><\/span><span style=\"color: #000000;\"><span style=\"font-family: 'Times New Roman', serif;\"><span style=\"font-size: large;\"> terr\u00e0 la conferenza dal titolo &#8220;Oro dagli asteroidi e asparagi su Marte&#8221;.<\/span><\/span><\/span><\/p>\n<p class=\"western\" align=\"justify\"><span style=\"font-family: 'Times New Roman', serif;\"><span style=\"font-size: large;\">L&#8217;evento \u00e8 stato patrocinato dal Comune di Monasterace guidato dal Sindaco De Leo.<\/span><\/span><\/p>\n<p class=\"western\" align=\"justify\"><span style=\"font-family: 'Times New Roman', serif;\"><span style=\"font-size: large;\"><b>Giovanni Bignami<\/b><\/span><\/span><span style=\"font-family: 'Times New Roman', serif;\"><span style=\"font-size: large;\"><b> \u00e8 uno degli astrofisici pi\u00f9 famosi in Italia ed in Europa<\/b><\/span><\/span><span style=\"font-family: 'Times New Roman', serif;\"><span style=\"font-size: large;\">.<\/span><\/span><\/p>\n<p class=\"western\" align=\"justify\"><span style=\"font-family: 'Times New Roman', serif;\"><span style=\"font-size: large;\">Accademico di Francia e dei Lincei, \u00e8 stato presidente della Agenzia Spaziale Italiana, del Comitato Mondiale per lo Spazio (COSPAR) e ora dell&#8217;Istituto Nazionale di Astrofisica.<\/span><\/span><\/p>\n<p class=\"western\" align=\"justify\"><span style=\"font-family: 'Times New Roman', serif;\"><span style=\"font-size: large;\">Ha scritto centinaia di pubblicazioni e diretto missioni spaziali, ricevendo premi in USA, Francia (Legion d&#8217;Onore) e Italia.<\/span><\/span><\/p>\n<p class=\"western\" align=\"justify\"><span style=\"font-family: 'Times New Roman', serif;\"><span style=\"font-size: large;\">Opinionista su \u00abLa Stampa\u00bb e \u00abL&#8217;Espresso\u00bb, collabora anche con con SKY e RAI e con RAI Scuola.<\/span><\/span><\/p>\n<figure id=\"attachment_106072\" aria-describedby=\"caption-attachment-106072\" style=\"width: 320px\" class=\"wp-caption alignleft\"><a href=\"https:\/\/www.carlofrancio.net\/wp-content\/uploads\/2016\/07\/IMG_6739.jpg\"><img loading=\"lazy\" decoding=\"async\" class=\"size-medium wp-image-106072\" src=\"https:\/\/www.carlofrancio.net\/wp-content\/uploads\/2016\/07\/IMG_6739-320x213.jpg\" alt=\"La scuola estiva\" width=\"320\" height=\"213\" srcset=\"https:\/\/www.carlofrancio.net\/wp-content\/uploads\/2016\/07\/IMG_6739-320x213.jpg 320w, https:\/\/www.carlofrancio.net\/wp-content\/uploads\/2016\/07\/IMG_6739-640x427.jpg 640w, https:\/\/www.carlofrancio.net\/wp-content\/uploads\/2016\/07\/IMG_6739.jpg 1024w\" sizes=\"auto, (max-width: 320px) 100vw, 320px\" \/><\/a><figcaption id=\"caption-attachment-106072\" class=\"wp-caption-text\">La scuola estiva<\/figcaption><\/figure>\n<p class=\"western\" align=\"justify\"><span style=\"font-family: 'Times New Roman', serif;\"><span style=\"font-size: large;\">Il tema della conferenza \u00e8 affascinante, il prof <\/span><\/span><span style=\"font-family: 'Times New Roman', serif;\"><span style=\"font-size: large;\"> Bignami. spiegando il retroscena economico, chiarisce una volta per tutte i vantaggi diretti e indiretti nel breve, medio e lungo periodo di quella macchina molto costosa che \u00e8 il settore spaziale, ma che ha <\/span><\/span><span style=\"font-family: 'Times New Roman', serif;\"><span style=\"font-size: large;\">ricadute positive maggiori delle spese<\/span><\/span><span style=\"font-family: 'Times New Roman', serif;\"><span style=\"font-size: large;\">.<\/span><\/span><\/p>\n<p class=\"western\" align=\"justify\"><span style=\"font-family: Verdana, sans-serif;\"><span style=\"font-size: xx-small;\"><span style=\"font-family: 'Times New Roman', serif;\"><span style=\"font-size: large;\">Gli asteroidi sono una miniera di materiali pregiati, capaci di ripagare un investitore meglio di chi avesse comprato terreni nel Klondike prima della corsa all&#8217;oro, ma anche di allenare uomini e donne e mezzi alle difficili missioni nello spazio profondo.<\/span><\/span><\/span><\/span><\/p>\n<p class=\"western\" align=\"justify\"><span style=\"font-family: Verdana, sans-serif;\"><span style=\"font-size: xx-small;\"><span style=\"font-family: 'Times New Roman', serif;\"><span style=\"font-size: large;\">Stiamo studiando una nuova propulsione per arrivare, tra vent&#8217;anni, a far crescere gli asparagi su Marte e poi, dopo qualche decennio, a visitare i pianeti delle stelle pi\u00f9 vicine, dove ci spinge il nostro destino di esploratori.<\/span><\/span><\/span><\/span><\/p>\n<p class=\"western\" align=\"justify\"><span style=\"font-family: 'Times New Roman', serif;\"><span style=\"font-size: large;\">L\u2019<\/span><\/span><span style=\"font-family: 'Times New Roman', serif;\"><span style=\"font-size: large;\"><i>homo sapiens <\/i><\/span><\/span><span style=\"font-family: 'Times New Roman', serif;\"><span style=\"font-size: large;\">non \u00e8 nato per rimanere sulla Terra. <\/span><\/span><\/p>\n<p class=\"western\" align=\"justify\"><span style=\"font-family: 'Times New Roman', serif;\"><span style=\"font-size: large;\">In soli 140 mila anni, uscendo dall\u2019Africa, si \u00e8 disperso su tutto il pianeta.<\/span><\/span><\/p>\n<p class=\"western\" align=\"justify\"><span style=\"font-family: 'Times New Roman', serif;\"><span style=\"font-size: large;\">In altri 140 mila anni, o forse molto meno, si disperder\u00e0 tra le stelle.<\/span><\/span><\/p>\n<p class=\"western\" align=\"justify\"><span style=\"font-family: 'Times New Roman', serif;\"><span style=\"font-size: large;\">Da qui ad allora, i primi tentativi di uscire dal \u201cgirello\u201d del mondo li abbiamo gi\u00e0 fatti e, adesso, \u00e8 il momento per spingerci pi\u00f9 in l\u00e0. Il nostro non \u00e8 un salto nel buio, ma grazie al progredire della conoscenza astronomica, al supporto di telescopi di nuova tecnologia e lo studio di motori a propulsione nucleare, sappiamo dove mettere i piedi.<\/span><\/span><\/p>\n<p class=\"western\" align=\"justify\"><span style=\"font-family: 'Times New Roman', serif;\"><span style=\"font-size: large;\">I migliori astrofisici e ingegneri, oggi, stanno lavorando a progetti che rendono plausibile uno scenario del genere: minerali estratti dagli asteroidi entro una quindicina d\u2019anni, una colonia su Marte intorno alla met\u00e0 di questo secolo.<\/span><\/span><\/p>\n","protected":false},"excerpt":{"rendered":"<p>Nell&#8217;ambito della XXI edizione della Scuola estiva di Astronomia, in corso in questi giorni a Stilo, stasera, venerd\u00ec 29 luglio, alle ore 21.00, nel Castello Medievale di Monasterace, il professor &hellip; <\/p>\n","protected":false},"author":1,"featured_media":106071,"comment_status":"open","ping_status":"open","sticky":false,"template":"","format":"standard","meta":{"footnotes":""},"categories":[310],"tags":[],"class_list":["post-106070","post","type-post","status-publish","format-standard","has-post-thumbnail","hentry","category-altre-notizie"],"_links":{"self":[{"href":"https:\/\/www.carlofrancio.net\/index.php?rest_route=\/wp\/v2\/posts\/106070","targetHints":{"allow":["GET"]}}],"collection":[{"href":"https:\/\/www.carlofrancio.net\/index.php?rest_route=\/wp\/v2\/posts"}],"about":[{"href":"https:\/\/www.carlofrancio.net\/index.php?rest_route=\/wp\/v2\/types\/post"}],"author":[{"embeddable":true,"href":"https:\/\/www.carlofrancio.net\/index.php?rest_route=\/wp\/v2\/users\/1"}],"replies":[{"embeddable":true,"href":"https:\/\/www.carlofrancio.net\/index.php?rest_route=%2Fwp%2Fv2%2Fcomments&post=106070"}],"version-history":[{"count":1,"href":"https:\/\/www.carlofrancio.net\/index.php?rest_route=\/wp\/v2\/posts\/106070\/revisions"}],"predecessor-version":[{"id":106073,"href":"https:\/\/www.carlofrancio.net\/index.php?rest_route=\/wp\/v2\/posts\/106070\/revisions\/106073"}],"wp:featuredmedia":[{"embeddable":true,"href":"https:\/\/www.carlofrancio.net\/index.php?rest_route=\/wp\/v2\/media\/106071"}],"wp:attachment":[{"href":"https:\/\/www.carlofrancio.net\/index.php?rest_route=%2Fwp%2Fv2%2Fmedia&parent=106070"}],"wp:term":[{"taxonomy":"category","embeddable":true,"href":"https:\/\/www.carlofrancio.net\/index.php?rest_route=%2Fwp%2Fv2%2Fcategories&post=106070"},{"taxonomy":"post_tag","embeddable":true,"href":"https:\/\/www.carlofrancio.net\/index.php?rest_route=%2Fwp%2Fv2%2Ftags&post=106070"}],"curies":[{"name":"wp","href":"https:\/\/api.w.org\/{rel}","templated":true}]}}