{"id":106024,"date":"2016-07-21T19:42:18","date_gmt":"2016-07-21T17:42:18","guid":{"rendered":"https:\/\/www.carlofrancio.net\/?p=106024"},"modified":"2016-07-21T19:42:18","modified_gmt":"2016-07-21T17:42:18","slug":"zafferana-etnea-aspettando-brancati-un-intricato-pertinace-intreccio-di-temi-intimi-e-letterari-in-un-carteggio-tra-milano-e-catania","status":"publish","type":"post","link":"https:\/\/www.carlofrancio.net\/?p=106024","title":{"rendered":"Zafferana Etnea &#8211; &#8220;&#8230;aspettando Brancati&#8221; &#8211; \u00ab&#8230;un intricato, pertinace intreccio di temi intimi e letterari&#8230; in un carteggio tra Milano e Catania\u00bb"},"content":{"rendered":"<p><a href=\"https:\/\/www.carlofrancio.net\/wp-content\/uploads\/2016\/07\/2016_07_16-Zafferana-DeRoberto-Valle-01.jpg\"><img loading=\"lazy\" decoding=\"async\" class=\"alignleft size-large wp-image-106026\" src=\"https:\/\/www.carlofrancio.net\/wp-content\/uploads\/2016\/07\/2016_07_16-Zafferana-DeRoberto-Valle-01-241x480.jpg\" alt=\"2016_07_16-Zafferana-DeRoberto-Valle-01\" width=\"241\" height=\"480\" srcset=\"https:\/\/www.carlofrancio.net\/wp-content\/uploads\/2016\/07\/2016_07_16-Zafferana-DeRoberto-Valle-01-241x480.jpg 241w, https:\/\/www.carlofrancio.net\/wp-content\/uploads\/2016\/07\/2016_07_16-Zafferana-DeRoberto-Valle-01-121x240.jpg 121w, https:\/\/www.carlofrancio.net\/wp-content\/uploads\/2016\/07\/2016_07_16-Zafferana-DeRoberto-Valle-01.jpg 402w\" sizes=\"auto, (max-width: 241px) 100vw, 241px\" \/><\/a><a href=\"https:\/\/www.carlofrancio.net\/wp-content\/uploads\/2016\/07\/IMG_1053-Pattavina.jpg\"><img loading=\"lazy\" decoding=\"async\" class=\"alignright size-medium wp-image-106034\" src=\"https:\/\/www.carlofrancio.net\/wp-content\/uploads\/2016\/07\/IMG_1053-Pattavina-320x240.jpg\" alt=\"IMG_1053-Pattavina\" width=\"320\" height=\"240\" srcset=\"https:\/\/www.carlofrancio.net\/wp-content\/uploads\/2016\/07\/IMG_1053-Pattavina-320x240.jpg 320w, https:\/\/www.carlofrancio.net\/wp-content\/uploads\/2016\/07\/IMG_1053-Pattavina-160x120.jpg 160w, https:\/\/www.carlofrancio.net\/wp-content\/uploads\/2016\/07\/IMG_1053-Pattavina-640x480.jpg 640w, https:\/\/www.carlofrancio.net\/wp-content\/uploads\/2016\/07\/IMG_1053-Pattavina.jpg 800w\" sizes=\"auto, (max-width: 320px) 100vw, 320px\" \/><\/a><strong><span style=\"color: #ff00ff;\">16 luglio 2016<\/span> &#8211; <span style=\"color: #993300;\">Palazzina Liberty<\/span> \u00a0&#8211;\u00a0<span style=\"color: #993300;\">Parco Comunale<\/span> &#8211; <span style=\"color: #800000;\">Zafferana Etnea<\/span><\/strong><\/p>\n<h3><span style=\"color: #0000ff;\">Federico De Roberto<\/span> &#8211; <span style=\"color: #3366ff;\">Ernesta Valle<\/span><br \/>\n<span style=\"color: #ff9900;\">&#8220;si Dubita Sempre delle Cose pi\u00f9 Belle&#8221;<\/span><\/h3>\n<p><span style=\"color: #ff99cc;\">parole d&#8217;amore e di letteratura<\/span><br \/>\na cura di <span style=\"color: #0000ff;\">Sarah Zappulla Muscar\u00e0 e Enzo Zappulla &#8211; L<\/span>etture di <span style=\"color: #000080;\"><strong><span style=\"color: #000080;\">David Coco<\/span> e <span style=\"color: #000080;\">Marina La Placa<\/span> &#8211; <\/strong>accompagnati al piano dalla prof.ssa <span style=\"color: #0000ff;\">Maria Strano<\/span><\/span><\/p>\n<p><span style=\"color: #ff6600;\"><a href=\"https:\/\/www.carlofrancio.net\/wp-content\/uploads\/2016\/07\/IMG_1061-Coco-La_Placa.jpg\"><img loading=\"lazy\" decoding=\"async\" class=\"alignright size-medium wp-image-106042\" src=\"https:\/\/www.carlofrancio.net\/wp-content\/uploads\/2016\/07\/IMG_1061-Coco-La_Placa-320x240.jpg\" alt=\"IMG_1061-Coco-La_Placa\" width=\"320\" height=\"240\" srcset=\"https:\/\/www.carlofrancio.net\/wp-content\/uploads\/2016\/07\/IMG_1061-Coco-La_Placa-320x240.jpg 320w, https:\/\/www.carlofrancio.net\/wp-content\/uploads\/2016\/07\/IMG_1061-Coco-La_Placa-160x120.jpg 160w, https:\/\/www.carlofrancio.net\/wp-content\/uploads\/2016\/07\/IMG_1061-Coco-La_Placa-640x480.jpg 640w, https:\/\/www.carlofrancio.net\/wp-content\/uploads\/2016\/07\/IMG_1061-Coco-La_Placa.jpg 800w\" sizes=\"auto, (max-width: 320px) 100vw, 320px\" \/><\/a>&#8220;Si visita il Parco, poi l&#8217;anfiteatro dove proietteranno un film di Zalone, ci spostiamo alla Palazzina Liberty e prima di di inquadrarne il prospetto, percepiamo un gradevole soave fraseggio, incuriositi ci apprestiamo &#8230; una donna e un uomo in dialogo, l&#8217;uno risponde all&#8217;altra. L&#8217;occasione \u00e8&#8217; decisamente attraente. Decidiamo subito di fermarci &#8230; abbiamo fatto bene &#8230; nonostante il freddo, siamo stati ripagati da una splendida prova dei due fini &#8220;Dicitori&#8221; Teatrali. \u00a0<span style=\"color: #008000;\">Infine<\/span>, <span style=\"color: #008000;\"><em>l&#8217;omaggio<\/em><\/span>, reso\u00a0<span style=\"color: #0000ff;\">a<\/span>\u00a0<span style=\"color: #0000ff;\"><strong>Pippo Pattavina,<\/strong><\/span>\u00a0<span style=\"color: #008000;\">di spalle nella foto in alto<\/span>&#8220;<\/span><\/p>\n<p><span style=\"color: #800080;\"><span style=\"color: #ff0000;\"><strong><a href=\"https:\/\/www.carlofrancio.net\/wp-content\/uploads\/2016\/07\/IMG_1055-Angela-Di-Bella-Ass_Zafferana.jpg\"><img loading=\"lazy\" decoding=\"async\" class=\"alignleft size-thumbnail wp-image-106036\" src=\"https:\/\/www.carlofrancio.net\/wp-content\/uploads\/2016\/07\/IMG_1055-Angela-Di-Bella-Ass_Zafferana-160x120.jpg\" alt=\"IMG_1055-Angela Di Bella Ass_Zafferana\" width=\"160\" height=\"120\" srcset=\"https:\/\/www.carlofrancio.net\/wp-content\/uploads\/2016\/07\/IMG_1055-Angela-Di-Bella-Ass_Zafferana-160x120.jpg 160w, https:\/\/www.carlofrancio.net\/wp-content\/uploads\/2016\/07\/IMG_1055-Angela-Di-Bella-Ass_Zafferana-320x240.jpg 320w, https:\/\/www.carlofrancio.net\/wp-content\/uploads\/2016\/07\/IMG_1055-Angela-Di-Bella-Ass_Zafferana-640x480.jpg 640w, https:\/\/www.carlofrancio.net\/wp-content\/uploads\/2016\/07\/IMG_1055-Angela-Di-Bella-Ass_Zafferana.jpg 800w\" sizes=\"auto, (max-width: 160px) 100vw, 160px\" \/><\/a>\u00ab<\/strong><\/span>Un carteggio inedito tra uno dei maggiori scrittori del &#8216;900 e una nobildonna molto conosciuta, una storia d&#8217;amore segreta che ci fa ripercorrere una grande stagione letteraria, tra la Sicilia e Milano. &#8230;<\/span><br \/>\n<span style=\"color: #993366;\">Il corposo carteggio inedito (734 lettere, 84 foto, 2144 pagine, 973 nomi) fra Federico De Roberto e la nobildonna Ernesta Valle Ribera, ribattezzata Renata (perch\u00e9 &#8220;rinata&#8221; all&#8217;amore) o Nuccia (diminutivo di &#8220;femminuccia&#8221;), copre un lungo arco di tempo in un intricato, pertinace intreccio <a href=\"https:\/\/www.carlofrancio.net\/wp-content\/uploads\/2016\/07\/IMG_1056-Enzo-Zappulla.jpg\"><img loading=\"lazy\" decoding=\"async\" class=\"alignright size-thumbnail wp-image-106037\" src=\"https:\/\/www.carlofrancio.net\/wp-content\/uploads\/2016\/07\/IMG_1056-Enzo-Zappulla-160x120.jpg\" alt=\"IMG_1056-Enzo Zappulla\" width=\"160\" height=\"120\" srcset=\"https:\/\/www.carlofrancio.net\/wp-content\/uploads\/2016\/07\/IMG_1056-Enzo-Zappulla-160x120.jpg 160w, https:\/\/www.carlofrancio.net\/wp-content\/uploads\/2016\/07\/IMG_1056-Enzo-Zappulla-320x240.jpg 320w, https:\/\/www.carlofrancio.net\/wp-content\/uploads\/2016\/07\/IMG_1056-Enzo-Zappulla-640x480.jpg 640w, https:\/\/www.carlofrancio.net\/wp-content\/uploads\/2016\/07\/IMG_1056-Enzo-Zappulla.jpg 800w\" sizes=\"auto, (max-width: 160px) 100vw, 160px\" \/><\/a>di temi intimi e letterari. Un&#8217;ardente storia d&#8217;amore che ci rivela aspetti ignorati dell&#8217;austero e schivo autore de I Vicer\u00e9 e insieme della vita mondana, sociale, culturale dei due poli fra cui si snoda, Milano e Catania, dalla fine dell&#8217;Ottocento ai primi del Novecento. Meta prediletta di De Roberto, al pari dei sodali Verga e Capuana, sospinti da un senso d&#8217;irrequietezza, da un&#8217;aspirazione a pi\u00f9 vasti orizzonti, Milano rappresenta, e il carteggio ne \u00e8 ampia testimonianza, la capitale dei poteri mediatici, finanziari, culturali, la citt\u00e0 pi\u00f9 progredita, operosa, ricca di <a href=\"https:\/\/www.carlofrancio.net\/wp-content\/uploads\/2016\/07\/IMG_1057-Sarah-Muscar\u00e0-Zappulla.jpg\"><img loading=\"lazy\" decoding=\"async\" class=\"alignleft size-thumbnail wp-image-106038\" src=\"https:\/\/www.carlofrancio.net\/wp-content\/uploads\/2016\/07\/IMG_1057-Sarah-Muscar\u00e0-Zappulla-160x120.jpg\" alt=\"IMG_1057-Sarah Muscar\u00e0 Zappulla\" width=\"160\" height=\"120\" \/><\/a>vivacit\u00e0 artistica e di brulicanti iniziative, con le sue prestigiose case editrici (i Fratelli Treves, Galli), le grandi testate giornalistiche (il &#8220;Corriere della Sera&#8221;, la rivista &#8220;La Lettura&#8221;), i rinomati teatri (la Scala, il Manzoni, il Filodrammatici, il Lirico, l&#8217;Eden), gli eleganti ritrovi (il Biffi, il Cova, il Savini, il Caff\u00e8 dell&#8217;Accademia), gli elitari salotti (di donna Vittoria Cima, di Virginia Borromeo, della stessa Ernesta Valle Ribera). \u00c8 l\u00ec che gli sono consentite assidue frequentazioni con i maggiori esponenti dell&#8217;intellighentia dell&#8217;epoca, giornalisti, scrittori, editori. Amante <a href=\"https:\/\/www.carlofrancio.net\/wp-content\/uploads\/2016\/07\/IMG_1060-Maria_Vera_Strano.jpg\"><img loading=\"lazy\" decoding=\"async\" class=\"alignright size-thumbnail wp-image-106041\" src=\"https:\/\/www.carlofrancio.net\/wp-content\/uploads\/2016\/07\/IMG_1060-Maria_Vera_Strano-160x120.jpg\" alt=\"IMG_1060-Maria_Vera_Strano\" width=\"160\" height=\"120\" srcset=\"https:\/\/www.carlofrancio.net\/wp-content\/uploads\/2016\/07\/IMG_1060-Maria_Vera_Strano-160x120.jpg 160w, https:\/\/www.carlofrancio.net\/wp-content\/uploads\/2016\/07\/IMG_1060-Maria_Vera_Strano-320x240.jpg 320w, https:\/\/www.carlofrancio.net\/wp-content\/uploads\/2016\/07\/IMG_1060-Maria_Vera_Strano-640x480.jpg 640w, https:\/\/www.carlofrancio.net\/wp-content\/uploads\/2016\/07\/IMG_1060-Maria_Vera_Strano.jpg 800w\" sizes=\"auto, (max-width: 160px) 100vw, 160px\" \/><\/a>appassionato, impetuoso, temerario, travolgente, De Roberto, per il tramite della mediazione di un focoso, insistito, spregiudicato rammemorare, mira a rinnovare ebrezze amorose, consolidare vincoli carnali, quasi a viepi\u00f9 tener legata la sua &#8220;femminuccia&#8221;. Talora melodrammatico, enfatico fino al parossismo, alla sfacciataggine, all&#8217;impudicizia, alla violenza.<span style=\"color: #ff0000;\"><strong>\u00bb<\/strong><\/span><\/span><br \/>\n<a href=\"https:\/\/www.carlofrancio.net\/wp-content\/uploads\/2016\/07\/IMG_1058-Sarah-Muscar\u00e0-Zappulla.jpg\"><img loading=\"lazy\" decoding=\"async\" class=\"alignleft size-thumbnail wp-image-106039\" src=\"https:\/\/www.carlofrancio.net\/wp-content\/uploads\/2016\/07\/IMG_1058-Sarah-Muscar\u00e0-Zappulla-160x120.jpg\" alt=\"IMG_1058-Sarah Muscar\u00e0 Zappulla\" width=\"160\" height=\"120\" srcset=\"https:\/\/www.carlofrancio.net\/wp-content\/uploads\/2016\/07\/IMG_1058-Sarah-Muscar\u00e0-Zappulla-160x120.jpg 160w, https:\/\/www.carlofrancio.net\/wp-content\/uploads\/2016\/07\/IMG_1058-Sarah-Muscar\u00e0-Zappulla-320x240.jpg 320w, https:\/\/www.carlofrancio.net\/wp-content\/uploads\/2016\/07\/IMG_1058-Sarah-Muscar\u00e0-Zappulla-640x480.jpg 640w, https:\/\/www.carlofrancio.net\/wp-content\/uploads\/2016\/07\/IMG_1058-Sarah-Muscar\u00e0-Zappulla.jpg 800w\" sizes=\"auto, (max-width: 160px) 100vw, 160px\" \/><\/a><span style=\"color: #cc99ff;\">Sarah Zappulla Muscar\u00e0 ha curato per Bompiani: Tutto il teatro in dialetto di Luigi Pirandello; Un bellissimo novembre, Giovannino, Roma amara e dolce e Gli ospiti di quel castello di Ercole Patti; Silvinia e L&#8217;infinito lunare di Giuseppe Bonaviri; Un posto tranquillo di Enzo Marangolo; Il giudizio della sera di Sebastiano Addamo; con Enzo Zappulla Tutto il teatro e Timor sacro di Stefano Pirandello.<\/span><br \/>\n<span style=\"color: #cc99ff;\"> Enzo Zappulla, Presidente dell&#8217;Istituto di storia dello Spettacolo Siciliano, \u00e8 autore di numerosi volumi illustrati<\/span><\/p>\n<p><span style=\"color: #ffcc00;\">&#8230; FEDERICO DE ROBERTO \/ ERNESTA VALLE &#8211;\u00a0Si dubita sempre delle cose pi\u00f9 belle &#8211;\u00a0Parole d&#8217;amore e di letteratura &#8211; \u00a0 \u00a0A cura di Sarah Zappulla Muscar\u00e0 e Enzo Zappulla BOMPIANI, pag. 2144, 80 illustrazioni, Euro 35,00<\/span><br \/>\n<iframe loading=\"lazy\" src=\"https:\/\/www.youtube.com\/embed\/oOfrqOKcbrg\" width=\"700\" height=\"420\" frameborder=\"0\" allowfullscreen=\"allowfullscreen\"><\/iframe><br \/>\n<iframe loading=\"lazy\" src=\"https:\/\/www.youtube.com\/embed\/a7lVtIuA1N4\" width=\"350\" height=\"280\" frameborder=\"0\" allowfullscreen=\"allowfullscreen\"><\/iframe><iframe loading=\"lazy\" src=\"https:\/\/www.youtube.com\/embed\/wptGelhys4Q\" width=\"350\" height=\"280\" frameborder=\"0\" allowfullscreen=\"allowfullscreen\"><\/iframe><\/p>\n","protected":false},"excerpt":{"rendered":"<p>16 luglio 2016 &#8211; Palazzina Liberty \u00a0&#8211;\u00a0Parco Comunale &#8211; Zafferana Etnea Federico De Roberto &#8211; Ernesta Valle &#8220;si Dubita Sempre delle Cose pi\u00f9 Belle&#8221; parole d&#8217;amore e di letteratura a &hellip; <\/p>\n","protected":false},"author":1,"featured_media":106026,"comment_status":"open","ping_status":"open","sticky":false,"template":"","format":"standard","meta":{"footnotes":""},"categories":[3,10,16,48],"tags":[99,101,426,118],"class_list":["post-106024","post","type-post","status-publish","format-standard","has-post-thumbnail","hentry","category-asso","category-cultura","category-eventi","category-sociale","tag-arte","tag-beni-ambientali","tag-cultura","tag-libri"],"_links":{"self":[{"href":"https:\/\/www.carlofrancio.net\/index.php?rest_route=\/wp\/v2\/posts\/106024","targetHints":{"allow":["GET"]}}],"collection":[{"href":"https:\/\/www.carlofrancio.net\/index.php?rest_route=\/wp\/v2\/posts"}],"about":[{"href":"https:\/\/www.carlofrancio.net\/index.php?rest_route=\/wp\/v2\/types\/post"}],"author":[{"embeddable":true,"href":"https:\/\/www.carlofrancio.net\/index.php?rest_route=\/wp\/v2\/users\/1"}],"replies":[{"embeddable":true,"href":"https:\/\/www.carlofrancio.net\/index.php?rest_route=%2Fwp%2Fv2%2Fcomments&post=106024"}],"version-history":[{"count":10,"href":"https:\/\/www.carlofrancio.net\/index.php?rest_route=\/wp\/v2\/posts\/106024\/revisions"}],"predecessor-version":[{"id":106053,"href":"https:\/\/www.carlofrancio.net\/index.php?rest_route=\/wp\/v2\/posts\/106024\/revisions\/106053"}],"wp:featuredmedia":[{"embeddable":true,"href":"https:\/\/www.carlofrancio.net\/index.php?rest_route=\/wp\/v2\/media\/106026"}],"wp:attachment":[{"href":"https:\/\/www.carlofrancio.net\/index.php?rest_route=%2Fwp%2Fv2%2Fmedia&parent=106024"}],"wp:term":[{"taxonomy":"category","embeddable":true,"href":"https:\/\/www.carlofrancio.net\/index.php?rest_route=%2Fwp%2Fv2%2Fcategories&post=106024"},{"taxonomy":"post_tag","embeddable":true,"href":"https:\/\/www.carlofrancio.net\/index.php?rest_route=%2Fwp%2Fv2%2Ftags&post=106024"}],"curies":[{"name":"wp","href":"https:\/\/api.w.org\/{rel}","templated":true}]}}