{"id":105983,"date":"2016-07-14T16:38:53","date_gmt":"2016-07-14T14:38:53","guid":{"rendered":"https:\/\/www.carlofrancio.net\/?p=105983"},"modified":"2016-07-14T16:38:53","modified_gmt":"2016-07-14T14:38:53","slug":"romania-perche-tutti-siano-una-sola-cosa-pellegrinaggio-ecumenico-di-religiosi-e-laici-orionini","status":"publish","type":"post","link":"https:\/\/www.carlofrancio.net\/?p=105983","title":{"rendered":"Romania &#8211; &#8220;&#8230;perch\u00e9 tutti siano una sola cosa.&#8221; \u00abPellegrinaggio ecumenico di religiosi e laici orionini\u00bb"},"content":{"rendered":"<p><span style=\"color: #ff00ff;\"><strong><a href=\"https:\/\/www.carlofrancio.net\/wp-content\/uploads\/2016\/07\/P1020453.jpg\"><img loading=\"lazy\" decoding=\"async\" class=\"alignright size-medium wp-image-106013\" src=\"https:\/\/www.carlofrancio.net\/wp-content\/uploads\/2016\/07\/P1020453-320x240.jpg\" alt=\"P1020453\" width=\"320\" height=\"240\" srcset=\"https:\/\/www.carlofrancio.net\/wp-content\/uploads\/2016\/07\/P1020453-320x240.jpg 320w, https:\/\/www.carlofrancio.net\/wp-content\/uploads\/2016\/07\/P1020453-160x120.jpg 160w, https:\/\/www.carlofrancio.net\/wp-content\/uploads\/2016\/07\/P1020453.jpg 640w\" sizes=\"auto, (max-width: 320px) 100vw, 320px\" \/><\/a>Dal 4 all&#8217;8 luglio<\/strong><\/span>, <span style=\"color: #800080;\">per conoscere storia, pensiero e attualit\u00e0 del cammino ecumenico in<\/span> <span style=\"color: #993300;\"><strong>Romania<\/strong><\/span>.<br \/>\n<a href=\"https:\/\/www.carlofrancio.net\/wp-content\/uploads\/2016\/07\/P1020420.jpg\"><img loading=\"lazy\" decoding=\"async\" class=\"alignleft size-medium wp-image-106011\" src=\"https:\/\/www.carlofrancio.net\/wp-content\/uploads\/2016\/07\/P1020420-320x240.jpg\" alt=\"P1020420\" width=\"320\" height=\"240\" srcset=\"https:\/\/www.carlofrancio.net\/wp-content\/uploads\/2016\/07\/P1020420-320x240.jpg 320w, https:\/\/www.carlofrancio.net\/wp-content\/uploads\/2016\/07\/P1020420-160x120.jpg 160w, https:\/\/www.carlofrancio.net\/wp-content\/uploads\/2016\/07\/P1020420.jpg 640w\" sizes=\"auto, (max-width: 320px) 100vw, 320px\" \/><\/a><span style=\"color: #008080;\">Organizzato dal segretariato per l\u2019ecumenismo ed il dialogo interreligioso, si \u00e8 svolto dal 4 all\u20198 luglio un pellegrinaggio per fare conoscere ai partecipanti alcuni aspetti dell\u2019ecumenismo in<\/span> <span style=\"color: #993300;\">Romania<\/span>, <span style=\"color: #008080;\"><span style=\"color: #ff9900;\">terra dove<\/span> <span style=\"color: #ff9900;\"><em>convivono<\/em><\/span><\/span> <span style=\"color: #003300;\"><strong>Cattolici<\/strong><\/span> appartenenti al <span style=\"color: #003300;\"><em>rito latino<\/em> <\/span>e al cosiddetto \u201c<em><span style=\"color: #008000;\">greco-cattolico<\/span>\u201d<\/em> ed <strong><span style=\"color: #008000;\">Ortodossi<\/span><\/strong>. <span style=\"color: #008080;\">Il pellegrinaggio, che ha visto la partecipazione di pellegrini, laici e religiosi, provenienti da varie<\/span> case orionine di Italia e di Romania, <span style=\"color: #008080;\">ha compreso incontri con relatori appartenenti alle tre comunit\u00e0 su citate, visite a monasteri<\/span>, <span style=\"color: #008080;\">la partecipazione alla<\/span> \u201c<span style=\"color: #800080;\">Divina Liturgia<\/span>\u201d (\u201c<span style=\"color: #800080;\">Messa greco-cattolica<\/span>\u201d) e ai <span style=\"color: #008000;\">Vespri ortodossi<\/span>.<br \/>\n<span style=\"color: #003366;\">Abbiamo ascoltato la relazione del <span style=\"color: #000000;\">vescovo greco-cattolico<\/span> di<\/span> <span style=\"color: #993300;\">Bucarest<\/span> <span style=\"color: #0000ff;\">Mons. Mihai Fratila<\/span> <span style=\"color: #003366;\">che ci ha raccontato della sua comunit\u00e0 e delle persecuzioni subite durante il periodo comunista, del martirio di alcuni vescovi e sacerdoti e delle dispute ancora in corso con gli ortodossi per riavere le chiese appartenute al rito greco-cattolico prima dell\u2019era comunista, dispute che, naturalmente, non giovano al dialogo.<\/span><br \/>\n<a href=\"https:\/\/www.carlofrancio.net\/wp-content\/uploads\/2016\/07\/P1020404.jpg\"><img loading=\"lazy\" decoding=\"async\" class=\"alignright size-medium wp-image-106010\" src=\"https:\/\/www.carlofrancio.net\/wp-content\/uploads\/2016\/07\/P1020404-320x240.jpg\" alt=\"P1020404\" width=\"320\" height=\"240\" srcset=\"https:\/\/www.carlofrancio.net\/wp-content\/uploads\/2016\/07\/P1020404-320x240.jpg 320w, https:\/\/www.carlofrancio.net\/wp-content\/uploads\/2016\/07\/P1020404-160x120.jpg 160w, https:\/\/www.carlofrancio.net\/wp-content\/uploads\/2016\/07\/P1020404.jpg 640w\" sizes=\"auto, (max-width: 320px) 100vw, 320px\" \/><\/a><span style=\"color: #0000ff;\">Mons. Ioan Robu<\/span>, vescovo latino di <span style=\"color: #993300;\">Bucarest<\/span>, <span style=\"color: #993366;\">ha parlato di difficolt\u00e0 di dialogo col mondo ortodosso<\/span>. Hanno parlato dell\u2019importanza del dialogo ecumenico sia il <span style=\"color: #0000ff;\">Pr. Radu Muresan<\/span> che il <span style=\"color: #0000ff;\">Pr Holbea Gheroghe<\/span>, religiosi ortodossi, che ci hanno introdotto alla teologia ortodossa, nella quale \u00e8 molto forte il senso del Mistero, e alla spiritualit\u00e0, molto viva nel popolo rumeno. Interessante \u00e8 stato il confronto tra le due prassi penitenziali. <span style=\"color: #993366;\">Nella <span style=\"color: #008000;\">Chiesa ortodossa<\/span> un fedele si sceglie, a vita, un padre spirituale che lo segue, lo cura, lo consiglia nella crescita alla fede. Lo <span style=\"color: #008000;\">staretz,<\/span> a sua volta, \u00e8 ricordato nelle preghiere personali dal fedele che, anche dopo la morte del padre spirituale, continuer\u00e0 a ricordarlo al Signore ed a curarne il sepolcro.<\/span><br \/>\nIl professore <span style=\"color: #0000ff;\">Radu Preda<\/span>, <span style=\"color: #003366;\">teologo ortodosso e direttore dell\u2019Istituto di investigazione dei crimini del comunismo, ha riflettuto sull&#8217;impegno sociale del cristiano, evidenziando come nel mondo ortodosso, a differenza di quello delle Chiese riformate e di quello cattolico, l\u2019aspetto della carit\u00e0 \u00e8 poco curato demandando quasi tutto allo Stato, ed eludendo cos\u00ec, con la mancanza di interesse verso il prossimo, uno dei comandamenti di Ges\u00f9.<\/span><br \/>\n<a href=\"https:\/\/www.carlofrancio.net\/wp-content\/uploads\/2016\/07\/P1020470.jpg\"><img loading=\"lazy\" decoding=\"async\" class=\"size-medium wp-image-106009 alignleft\" src=\"https:\/\/www.carlofrancio.net\/wp-content\/uploads\/2016\/07\/P1020470-180x240.jpg\" alt=\"P1020470\" width=\"180\" height=\"240\" srcset=\"https:\/\/www.carlofrancio.net\/wp-content\/uploads\/2016\/07\/P1020470-180x240.jpg 180w, https:\/\/www.carlofrancio.net\/wp-content\/uploads\/2016\/07\/P1020470-360x480.jpg 360w, https:\/\/www.carlofrancio.net\/wp-content\/uploads\/2016\/07\/P1020470.jpg 480w\" sizes=\"auto, (max-width: 180px) 100vw, 180px\" \/><\/a><span style=\"color: #0000ff;\">Don Felice Bruno<\/span>, infine, ha parlato della svolta conciliare nelle relazioni ecumeniche, del dialogo della carit\u00e0 (parole e gesti che hanno aiutato la purificazione della memoria storica, disponendo il cuore al perdono e alla comprensione) e del primato del Vescovo di Roma nel dialogo cattolico-ortodosso, alla luce dell\u2019enciclica <span style=\"color: #003300;\">Ut unum sint<\/span>. I partecipanti hanno potuto verificare alcune tematiche trattate dai relatori prendendo parte ad alcune funzioni religiose, e visitando alcuni monasteri, dove molto forte \u00e8 ancor oggi il senso della spiritualit\u00e0. Nei monasteri di Tiganesti ed in quello di Pasarea, abbiamo conosciuto aspetti della vita delle suore ortodosse, fatta di lavoro e preghiera, in quello di Cernica, dove un tempo vivevano pi\u00f9 di 500 monaci, abbiamo preso parte ai vespri ortodossi, e recitato, insieme al monaco che ci ha fatto da guida all\u2019interno della struttura, il Padre nostro in varie lingue, intenso momento ecumenico vissuto all&#8217;interno della chiesetta bizantina del cimitero, luogo dove riposa il famoso teologo ortodosso \u201c<span style=\"color: #0000ff;\">Dimitru Stanilae<\/span>\u201d. Abbiamo avuto pure l\u2019opportunit\u00e0 di visitare Bucarest con alcuni dei suoi monumenti pi\u00f9 importanti (la casa del popolo, la vecchia e la nuova Patriarch\u00eca, il palazzo reale) e di <a href=\"https:\/\/www.carlofrancio.net\/wp-content\/uploads\/2016\/07\/P1020434.jpg\"><img loading=\"lazy\" decoding=\"async\" class=\"alignright size-medium wp-image-106012\" src=\"https:\/\/www.carlofrancio.net\/wp-content\/uploads\/2016\/07\/P1020434-320x240.jpg\" alt=\"P1020434\" width=\"320\" height=\"240\" srcset=\"https:\/\/www.carlofrancio.net\/wp-content\/uploads\/2016\/07\/P1020434-320x240.jpg 320w, https:\/\/www.carlofrancio.net\/wp-content\/uploads\/2016\/07\/P1020434-160x120.jpg 160w, https:\/\/www.carlofrancio.net\/wp-content\/uploads\/2016\/07\/P1020434.jpg 640w\" sizes=\"auto, (max-width: 320px) 100vw, 320px\" \/><\/a>trascorrere una mattinata al Parco Herastrau dove abbiamo visitato il \u201cmuseo del villaggio\u201d (struttura che racconta aspetti delle dimore, del lavoro, dei luoghi di culto dei popoli che hanno abitato la Romania.<br \/>\nPer chiudere, c\u2019\u00e8 stato uno degli aspetti pi\u00f9 importanti del nostro pellegrinaggio, la conoscenza della casa di <strong>Don Orione di Voluntari<\/strong>, a pochi chilometri da Bucarest, ove operano i nostri religiosi ospitando orfani, disabili ed anziani. Essi vivono quotidianamente \u201cl\u2019ecumenismo della carit\u00e0\u201d senza porsi il problema se chi sta di fronte ha un credo diverso dal tuo. Durante questi giorni abbiamo alloggiato nel monastero carmelitano di Snagov, un edificio di grande architettura immerso nel verde, con un santuario mariano ricco di splendidi mosaici realizzati da <span style=\"color: #0000ff;\">Marko Rupnic<\/span> e con molte altre opere d\u2019arte capaci di avvicinare lo spirito a Dio. <span style=\"color: #0000ff;\"><strong><em>Francesco<\/em> Maggio<\/strong><\/span><\/p>\n","protected":false},"excerpt":{"rendered":"<p>Dal 4 all&#8217;8 luglio, per conoscere storia, pensiero e attualit\u00e0 del cammino ecumenico in Romania. Organizzato dal segretariato per l\u2019ecumenismo ed il dialogo interreligioso, si \u00e8 svolto dal 4 all\u20198 &hellip; <\/p>\n","protected":false},"author":1,"featured_media":106009,"comment_status":"open","ping_status":"open","sticky":false,"template":"","format":"standard","meta":{"footnotes":""},"categories":[3],"tags":[426,188,32,45,106],"class_list":["post-105983","post","type-post","status-publish","format-standard","has-post-thumbnail","hentry","category-asso","tag-cultura","tag-dialogo-interreligioso","tag-ecumenismo","tag-prouma","tag-solidarieta-volontariato"],"_links":{"self":[{"href":"https:\/\/www.carlofrancio.net\/index.php?rest_route=\/wp\/v2\/posts\/105983","targetHints":{"allow":["GET"]}}],"collection":[{"href":"https:\/\/www.carlofrancio.net\/index.php?rest_route=\/wp\/v2\/posts"}],"about":[{"href":"https:\/\/www.carlofrancio.net\/index.php?rest_route=\/wp\/v2\/types\/post"}],"author":[{"embeddable":true,"href":"https:\/\/www.carlofrancio.net\/index.php?rest_route=\/wp\/v2\/users\/1"}],"replies":[{"embeddable":true,"href":"https:\/\/www.carlofrancio.net\/index.php?rest_route=%2Fwp%2Fv2%2Fcomments&post=105983"}],"version-history":[{"count":3,"href":"https:\/\/www.carlofrancio.net\/index.php?rest_route=\/wp\/v2\/posts\/105983\/revisions"}],"predecessor-version":[{"id":106015,"href":"https:\/\/www.carlofrancio.net\/index.php?rest_route=\/wp\/v2\/posts\/105983\/revisions\/106015"}],"wp:featuredmedia":[{"embeddable":true,"href":"https:\/\/www.carlofrancio.net\/index.php?rest_route=\/wp\/v2\/media\/106009"}],"wp:attachment":[{"href":"https:\/\/www.carlofrancio.net\/index.php?rest_route=%2Fwp%2Fv2%2Fmedia&parent=105983"}],"wp:term":[{"taxonomy":"category","embeddable":true,"href":"https:\/\/www.carlofrancio.net\/index.php?rest_route=%2Fwp%2Fv2%2Fcategories&post=105983"},{"taxonomy":"post_tag","embeddable":true,"href":"https:\/\/www.carlofrancio.net\/index.php?rest_route=%2Fwp%2Fv2%2Ftags&post=105983"}],"curies":[{"name":"wp","href":"https:\/\/api.w.org\/{rel}","templated":true}]}}